{"id":147992,"date":"2025-06-04T21:00:16","date_gmt":"2025-06-04T21:00:16","guid":{"rendered":"https:\/\/enolife.com.ar\/es\/?p=147992"},"modified":"2025-06-05T14:17:33","modified_gmt":"2025-06-05T14:17:33","slug":"en-su-campana-para-reciclar-vidrio-verallia-canjea-5-envases-por-un-ticket-al-cine-el-5-6-en-la-barraca","status":"publish","type":"post","link":"https:\/\/enolife.com.ar\/es\/en-su-campana-para-reciclar-vidrio-verallia-canjea-5-envases-por-un-ticket-al-cine-el-5-6-en-la-barraca\/","title":{"rendered":"En su campa\u00f1a para reciclar vidrio, Verallia canjea 5 envases por un ticket al cine el 5\/6 en La Barraca"},"content":{"rendered":"\n<h4 class=\"wp-block-heading\"><em><strong>La empresa global fabricante de envases de vidrio para las industrias vitivin\u00edcola y oliv\u00edcola, con planta en Guaymall\u00e9n, Mendoza, invita a los mendocinos a canjear envases de vidrio por entradas al cine, en el marco del D\u00eda Mundial del Medio Ambiente y de su campa\u00f1a \u00abVidrio, una acci\u00f3n transparente\u00bb, una acci\u00f3n que incentiva la conciencia ambiental.<\/strong><\/em><\/h4>\n\n\n\n<div style=\"height:35px\" aria-hidden=\"true\" class=\"wp-block-spacer\"><\/div>\n\n\n<a href=\"https:\/\/ar.verallia.com\/\" aria-label=\"VERALLIA 1700 x 500\"><img loading=\"lazy\" decoding=\"async\" src=\"https:\/\/enolife.com.ar\/es\/wp-content\/uploads\/2021\/04\/VERALLIA-1700-x-500.jpg\" alt=\"\"  srcset=\"https:\/\/enolife.com.ar\/es\/wp-content\/uploads\/2021\/04\/VERALLIA-1700-x-500.jpg 1700w, https:\/\/enolife.com.ar\/es\/wp-content\/uploads\/2021\/04\/VERALLIA-1700-x-500-300x88.jpg 300w, https:\/\/enolife.com.ar\/es\/wp-content\/uploads\/2021\/04\/VERALLIA-1700-x-500-1024x301.jpg 1024w, https:\/\/enolife.com.ar\/es\/wp-content\/uploads\/2021\/04\/VERALLIA-1700-x-500-768x226.jpg 768w, https:\/\/enolife.com.ar\/es\/wp-content\/uploads\/2021\/04\/VERALLIA-1700-x-500-1536x452.jpg 1536w, https:\/\/enolife.com.ar\/es\/wp-content\/uploads\/2021\/04\/VERALLIA-1700-x-500-1170x344.jpg 1170w, https:\/\/enolife.com.ar\/es\/wp-content\/uploads\/2021\/04\/VERALLIA-1700-x-500-585x172.jpg 585w\" sizes=\"auto, (max-width: 1700px) 100vw, 1700px\" width=\"1700\" height=\"500\"   \/><\/a>\n\n\n<div style=\"height:45px\" aria-hidden=\"true\" class=\"wp-block-spacer\"><\/div>\n\n\n\n<p>Este <strong>5 de junio<\/strong>, en el marco del <strong>D\u00eda Mundial del Medio Ambiente<\/strong>, <strong>Verallia Argentina<\/strong> celebrar\u00e1 un nuevo aniversario de su emblem\u00e1tico programa de reciclado de vidrio <strong>\u201cVidrio, una acci\u00f3n transparente\u201d <\/strong>con una acci\u00f3n especial pensada para toda la comunidad: los mendocinos podr\u00e1n <strong>canjear 5 envases de vidrio por una entrada al cine<\/strong>.<\/p>\n\n\n\n<div style=\"height:30px\" aria-hidden=\"true\" class=\"wp-block-spacer\"><\/div>\n\n\n<div class=\"wp-block-image\">\n<figure class=\"aligncenter size-full is-resized\"><a href=\"https:\/\/enolife.com.ar\/es\/wp-content\/uploads\/2025\/06\/MG_0168.jpg\" data-rel=\"penci-gallery-image-content\" ><img loading=\"lazy\" decoding=\"async\" width=\"779\" height=\"500\" src=\"https:\/\/enolife.com.ar\/es\/wp-content\/uploads\/2025\/06\/MG_0168.jpg\" alt=\"\" class=\"wp-image-147997\" style=\"width:603px;height:auto\" srcset=\"https:\/\/enolife.com.ar\/es\/wp-content\/uploads\/2025\/06\/MG_0168.jpg 779w, https:\/\/enolife.com.ar\/es\/wp-content\/uploads\/2025\/06\/MG_0168-300x193.jpg 300w, https:\/\/enolife.com.ar\/es\/wp-content\/uploads\/2025\/06\/MG_0168-768x493.jpg 768w, https:\/\/enolife.com.ar\/es\/wp-content\/uploads\/2025\/06\/MG_0168-585x375.jpg 585w\" sizes=\"auto, (max-width: 779px) 100vw, 779px\" \/><\/a><\/figure><\/div>\n\n\n<div style=\"height:30px\" aria-hidden=\"true\" class=\"wp-block-spacer\"><\/div>\n\n\n\n<p>La propuesta se desarrollar\u00e1 de <strong>14 a 16 horas en La Barraca Mall<\/strong> de Guaymall\u00e9n, Mendoza, y busca seguir promoviendo la cultura del reciclado y generar un impacto positivo tanto en el ambiente como en la sociedad. Se entregar\u00e1n hasta <strong>2 entradas por persona<\/strong>, con un total de <strong>600 entradas disponibles<\/strong> hasta agotar stock.<\/p>\n\n\n\n<p><em>\u201cCon peque\u00f1as acciones cotidianas podemos generar grandes cambios. Esta propuesta es una invitaci\u00f3n a sumarse, reciclar y disfrutar. Queremos que las familias mendocinas participen activamente y tomen conciencia del valor que tiene el vidrio como material 100% reciclable, que puede volver a convertirse en una nueva botella\u201d<\/em>, destac\u00f3 <strong>Alejandra Mer\u00edn<\/strong>, responsable del programa.<\/p>\n\n\n\n<div style=\"height:30px\" aria-hidden=\"true\" class=\"wp-block-spacer\"><\/div>\n\n\n<div class=\"wp-block-image\">\n<figure class=\"aligncenter size-full is-resized\"><a href=\"https:\/\/enolife.com.ar\/es\/wp-content\/uploads\/2025\/06\/Aniv-13.jpg\" data-rel=\"penci-gallery-image-content\" ><img loading=\"lazy\" decoding=\"async\" width=\"747\" height=\"500\" src=\"https:\/\/enolife.com.ar\/es\/wp-content\/uploads\/2025\/06\/Aniv-13.jpg\" alt=\"\" class=\"wp-image-147998\" style=\"width:579px;height:auto\" srcset=\"https:\/\/enolife.com.ar\/es\/wp-content\/uploads\/2025\/06\/Aniv-13.jpg 747w, https:\/\/enolife.com.ar\/es\/wp-content\/uploads\/2025\/06\/Aniv-13-300x201.jpg 300w, https:\/\/enolife.com.ar\/es\/wp-content\/uploads\/2025\/06\/Aniv-13-585x392.jpg 585w\" sizes=\"auto, (max-width: 747px) 100vw, 747px\" \/><\/a><\/figure><\/div>\n\n\n<div style=\"height:30px\" aria-hidden=\"true\" class=\"wp-block-spacer\"><\/div>\n\n\n\n<p>Desde 2012, Verallia sostiene este programa de reciclado y, a lo largo de los a\u00f1os, el proyecto ha crecido con el compromiso de los vecinos y la instalaci\u00f3n de m\u00e1s de 50 contenedores en distintos puntos del Gran Mendoza, donde se pueden dejar botellas y frascos de vidrio para ser reciclados en la planta local de la empresa.<\/p>\n\n\n\n<p><em>\u201cHace 13 a\u00f1os lanzamos esta iniciativa de forma testimonial con 2 contenedores, \u00a0haci\u00e9ndola coincidir con el D\u00eda del Medio Ambiente, y desde entonces no hemos dejado de crecer gracias al compromiso de los mendocinos. Este programa es posible porque la comunidad ha hecho propio el h\u00e1bito de reciclar vidrio y nos sigue acompa\u00f1ando con entusiasmo a\u00f1o tras a\u00f1o\u201d, <\/em>expres\u00f3 <strong>Walter Formica<\/strong>, director general de Verallia Argentina.<\/p>\n\n\n\n<div style=\"height:30px\" aria-hidden=\"true\" class=\"wp-block-spacer\"><\/div>\n\n\n\n<figure class=\"wp-block-gallery has-nested-images columns-default is-cropped wp-block-gallery-1 is-layout-flex wp-block-gallery-is-layout-flex\">\n<figure class=\"wp-block-image size-full\"><a href=\"https:\/\/enolife.com.ar\/es\/wp-content\/uploads\/2025\/06\/Aniv-3.jpg\" data-rel=\"penci-gallery-image-content\" ><img loading=\"lazy\" decoding=\"async\" width=\"758\" height=\"500\" data-id=\"147999\" src=\"https:\/\/enolife.com.ar\/es\/wp-content\/uploads\/2025\/06\/Aniv-3.jpg\" alt=\"\" class=\"wp-image-147999\" srcset=\"https:\/\/enolife.com.ar\/es\/wp-content\/uploads\/2025\/06\/Aniv-3.jpg 758w, https:\/\/enolife.com.ar\/es\/wp-content\/uploads\/2025\/06\/Aniv-3-300x198.jpg 300w, https:\/\/enolife.com.ar\/es\/wp-content\/uploads\/2025\/06\/Aniv-3-585x386.jpg 585w\" sizes=\"auto, (max-width: 758px) 100vw, 758px\" \/><\/a><\/figure>\n\n\n\n<figure class=\"wp-block-image size-full\"><a href=\"https:\/\/enolife.com.ar\/es\/wp-content\/uploads\/2025\/06\/Aniv-10.jpg\" data-rel=\"penci-gallery-image-content\" ><img loading=\"lazy\" decoding=\"async\" width=\"476\" height=\"500\" data-id=\"148000\" src=\"https:\/\/enolife.com.ar\/es\/wp-content\/uploads\/2025\/06\/Aniv-10.jpg\" alt=\"\" class=\"wp-image-148000\" srcset=\"https:\/\/enolife.com.ar\/es\/wp-content\/uploads\/2025\/06\/Aniv-10.jpg 476w, https:\/\/enolife.com.ar\/es\/wp-content\/uploads\/2025\/06\/Aniv-10-286x300.jpg 286w\" sizes=\"auto, (max-width: 476px) 100vw, 476px\" \/><\/a><\/figure>\n<\/figure>\n\n\n\n<div style=\"height:30px\" aria-hidden=\"true\" class=\"wp-block-spacer\"><\/div>\n\n\n\n<p>Con esta nueva edici\u00f3n, Verallia reafirma su prop\u00f3sito de <strong>\u201creimaginar el vidrio para un futuro sostenible\u201d<\/strong>, transformando un residuo en un recurso valioso, y fortaleciendo su aporte con la econom\u00eda circular, la reducci\u00f3n de emisiones de CO\u2082 y el uso creciente de vidrio reciclado como materia prima.<\/p>\n\n\n\n<p><em>\u201cLa cita es el <strong>5 de junio en La Barraca Mall, de 14 a 16 hs.<\/strong> Las familias podr\u00e1n canjear 5 envases por una entrada al cine. Aclaramos que no son aptos los objetos de cristal, los espejos ni las bombillas de luz. Estaremos recibiendo solo botellas y frascos de vidrio\u201d, <\/em>concluy\u00f3 Mer\u00edn.\u00a0<\/p>\n\n\n\n<div style=\"height:35px\" aria-hidden=\"true\" class=\"wp-block-spacer\"><\/div>\n\n\n\n<p class=\"has-medium-font-size\"><strong>Sobre Verallia<\/strong><\/p>\n\n\n\n<p><br>El lema y prop\u00f3sito declarado de Verallia es \u00abreimaginar el vidrio para un futuro sostenible\u00bb. La empresa busca redefinir c\u00f3mo se produce, reutiliza y recicla el vidrio, para convertirlo en el material de envasado m\u00e1s sostenible del mundo. Y para ello trabajan junto a sus clientes, proveedores y otros socios a lo largo de toda la cadena de valor para desarrollar soluciones nuevas, beneficiosas y sostenibles para todos.<\/p>\n\n\n\n<p>Con casi 11.000 empleados y 35 plantas de producci\u00f3n de vidrio en 12 pa\u00edses, Verallia es el l\u00edder europeo y el tercer mayor productor mundial de envases de vidrio para bebidas y productos alimenticios. Ofrecen soluciones innovadoras, personalizadas y respetuosas con el medio ambiente a m\u00e1s de 10.000 empresas en todo el mundo. Verallia produjo m\u00e1s de 16.000 millones de botellas y frascos de vidrio y registr\u00f3 ingresos de 3.500 millones de euros en 2024.<\/p>\n\n\n\n<p>La estrategia de RSC (Responsabilidad Social Corporativa) de Verallia ha sido galardonada con la Medalla Platino de Ecovadis, situando al grupo en el 1 % superior de las empresas evaluadas por Ecovadis. Su objetivo en este sentido es reducir las emisiones de CO\u2082 del -46 % en los alcances 1 y 2 entre 2019 y 2030, el que ha sido validado por la SBTi (Iniciativa de Objetivos Basados en la Ciencia). Este prop\u00f3sito est\u00e1 alineado con la trayectoria de limitar el calentamiento global a 1,5 \u00b0C establecida por el Acuerdo de Par\u00eds.<\/p>\n\n\n\n<div style=\"height:33px\" aria-hidden=\"true\" class=\"wp-block-spacer\"><\/div>\n","protected":false},"excerpt":{"rendered":"<p>La empresa global fabricante de envases de vidrio para las industrias vitivin\u00edcola y oliv\u00edcola, con&hellip;<\/p>\n","protected":false},"author":2,"featured_media":147996,"comment_status":"open","ping_status":"open","sticky":false,"template":"","format":"standard","meta":{"footnotes":""},"categories":[57],"tags":[],"class_list":["post-147992","post","type-post","status-publish","format-standard","has-post-thumbnail","hentry","category-empresas"],"_links":{"self":[{"href":"https:\/\/enolife.com.ar\/es\/wp-json\/wp\/v2\/posts\/147992","targetHints":{"allow":["GET"]}}],"collection":[{"href":"https:\/\/enolife.com.ar\/es\/wp-json\/wp\/v2\/posts"}],"about":[{"href":"https:\/\/enolife.com.ar\/es\/wp-json\/wp\/v2\/types\/post"}],"author":[{"embeddable":true,"href":"https:\/\/enolife.com.ar\/es\/wp-json\/wp\/v2\/users\/2"}],"replies":[{"embeddable":true,"href":"https:\/\/enolife.com.ar\/es\/wp-json\/wp\/v2\/comments?post=147992"}],"version-history":[{"count":0,"href":"https:\/\/enolife.com.ar\/es\/wp-json\/wp\/v2\/posts\/147992\/revisions"}],"wp:featuredmedia":[{"embeddable":true,"href":"https:\/\/enolife.com.ar\/es\/wp-json\/wp\/v2\/media\/147996"}],"wp:attachment":[{"href":"https:\/\/enolife.com.ar\/es\/wp-json\/wp\/v2\/media?parent=147992"}],"wp:term":[{"taxonomy":"category","embeddable":true,"href":"https:\/\/enolife.com.ar\/es\/wp-json\/wp\/v2\/categories?post=147992"},{"taxonomy":"post_tag","embeddable":true,"href":"https:\/\/enolife.com.ar\/es\/wp-json\/wp\/v2\/tags?post=147992"}],"curies":[{"name":"wp","href":"https:\/\/api.w.org\/{rel}","templated":true}]}}