{"id":147671,"date":"2025-06-03T14:16:15","date_gmt":"2025-06-03T14:16:15","guid":{"rendered":"https:\/\/enolife.com.ar\/es\/?p=147671"},"modified":"2025-06-05T14:13:55","modified_gmt":"2025-06-05T14:13:55","slug":"un-tipo-de-cambio-real-y-competencia-sana-reclamo-de-4-empresas-proveedoras-del-agro-mendocino","status":"publish","type":"post","link":"https:\/\/enolife.com.ar\/es\/un-tipo-de-cambio-real-y-competencia-sana-reclamo-de-4-empresas-proveedoras-del-agro-mendocino\/","title":{"rendered":"Un tipo de cambio real y competencia sana, reclamo de 4 empresas proveedoras del agro mendocino"},"content":{"rendered":"\n<h4 class=\"wp-block-heading\"><em><strong>En la d\u00e9cima edici\u00f3n del ya tradicional Almuerzo de Fin de Cosecha, organizado este a\u00f1o 2025 en el Espacio Lodo de Mendoza por las firmas locales Agromaq Vird\u00f3, Halpern, Luj\u00e1n Agr\u00edcola y Agrinet, los empresarios Daniel Merlo, Sebasti\u00e1n Halpern, Mart\u00edn S\u00e1nchez y Agustina Debernardi (en ese orden en la foto principal) coincidieron en la necesidad de innovar tanto m\u00e9todos como tecnolog\u00edas para adaptarse a la dif\u00edcil situaci\u00f3n de la industria argentina, as\u00ed como en la conveniencia de ampliar la matriz productiva de Mendoza, por ejemplo aceptando una miner\u00eda responsable y controlada que conviva saludablemente con la vitivinicultura y otros sectores agr\u00edcolas. <\/strong><\/em><\/h4>\n\n\n\n<div style=\"height:35px\" aria-hidden=\"true\" class=\"wp-block-spacer\"><\/div>\n\n\n<a href=\"https:\/\/www.linkedin.com\/company\/agrinet-sa\/?originalSubdomain=ar\" aria-label=\"1700X500\"><img loading=\"lazy\" decoding=\"async\" src=\"https:\/\/enolife.com.ar\/es\/wp-content\/uploads\/2021\/11\/1700X500.gif\" alt=\"\"  width=\"1700\" height=\"500\"   \/><\/a>\n\n\n<div style=\"height:45px\" aria-hidden=\"true\" class=\"wp-block-spacer\"><\/div>\n\n\n\n<p>El encuentro reuni\u00f3 a cerca de 300 clientes e invitados de las empresas <strong>Halpern, Agrinet, Luj\u00e1n Agr\u00edcola y Agromaq Vird\u00f3.<\/strong> Los l\u00edderes de las firmas coincidieron en el apoyo al desarrollo de la actividad minera en Mendoza y en reclamar una competencia sana y un mercado de cambios <em>\u201cverdaderamente libre\u201d.<\/em><\/p>\n\n\n\n<p>El <strong>Almuerzo de Fin de Cosecha<\/strong> organizado por estas cuatro compa\u00f1\u00edas en el <strong>Espacio LODO de Mendoza<\/strong>  cumpli\u00f3 en 2025 <strong>diez a\u00f1os<\/strong> de reunir a clientes, empresarios, productores, referentes del agro y prensa especializada, para celebrar la finalizaci\u00f3n del proceso productivo, pero tambi\u00e9n con el objetivo de manifestar los requerimientos de las industrias.<\/p>\n\n\n\n<p>El tradicional encuentro ya forma parte de la agenda de los empresarios, productores y referentes mendocinos ligados a la agricultura y, como siempre, tambi\u00e9n sirvi\u00f3 para que los anfitriones expusieran su visi\u00f3n sobre la situaci\u00f3n actual que afecta al sector y efectuaran reclamos, en este caso al gobierno nacional.<\/p>\n\n\n\n<p>Del evento participaron unas 300 personas, entre clientes y profesionales a los que las empresas organizadoras proveen insumos como tractores, mallas antigranizo, productos fitosanitarios y fertilizantes, y servicios de riego tecnificado.<\/p>\n\n\n\n<div style=\"height:30px\" aria-hidden=\"true\" class=\"wp-block-spacer\"><\/div>\n\n\n<div class=\"wp-block-image\">\n<figure class=\"aligncenter size-full is-resized\"><a href=\"https:\/\/enolife.com.ar\/es\/wp-content\/uploads\/2025\/05\/WhatsApp-Image-2025-05-29-at-17.56.03-1.jpeg\" data-rel=\"penci-gallery-image-content\" ><img loading=\"lazy\" decoding=\"async\" width=\"888\" height=\"500\" src=\"https:\/\/enolife.com.ar\/es\/wp-content\/uploads\/2025\/05\/WhatsApp-Image-2025-05-29-at-17.56.03-1.jpeg\" alt=\"\" class=\"wp-image-147676\" style=\"width:623px;height:auto\" srcset=\"https:\/\/enolife.com.ar\/es\/wp-content\/uploads\/2025\/05\/WhatsApp-Image-2025-05-29-at-17.56.03-1.jpeg 888w, https:\/\/enolife.com.ar\/es\/wp-content\/uploads\/2025\/05\/WhatsApp-Image-2025-05-29-at-17.56.03-1-300x169.jpeg 300w, https:\/\/enolife.com.ar\/es\/wp-content\/uploads\/2025\/05\/WhatsApp-Image-2025-05-29-at-17.56.03-1-768x432.jpeg 768w, https:\/\/enolife.com.ar\/es\/wp-content\/uploads\/2025\/05\/WhatsApp-Image-2025-05-29-at-17.56.03-1-585x329.jpeg 585w\" sizes=\"auto, (max-width: 888px) 100vw, 888px\" \/><\/a><\/figure><\/div>\n\n\n<div style=\"height:35px\" aria-hidden=\"true\" class=\"wp-block-spacer\"><\/div>\n\n\n\n<p>Tambi\u00e9n se destac\u00f3 una fuerte presencia institucional con la asistencia de <strong>Alfredo Draque<\/strong>, director de Agricultura y <strong>Federico Mor\u00e1bito<\/strong>, director de Desarrollo e Innovaci\u00f3n Econ\u00f3mica; en representaci\u00f3n del ministro de Producci\u00f3n de Mendoza, <strong>Rodolfo Vargas Arizu<\/strong>; <strong>Sergio Marinelli<\/strong>, superintendente general de Irrigaci\u00f3n; <strong>Humberto Mingorance<\/strong>,\u00a0presidente de Aguas Mendocinas; <strong>Maximiliano Gabrielli<\/strong> y <strong>Marcos Scipione<\/strong>, de la Municipalidad de Maip\u00fa, en representaci\u00f3n del intendente <strong>Mat\u00edas Stevanato<\/strong>; <strong>Mauricio Badaloni<\/strong>, de la Uni\u00f3n Industrial Argentina; <strong>Mauricio D\u00edaz Telli<\/strong>, presidente de la Uni\u00f3n Industrial de Mendoza; <strong>Mart\u00edn Clement<\/strong>, presidente del Consejo Empresario Mendocino; <strong>Magdalena Pesce<\/strong>, gerente general de Wines of Argentina;\u00a0<strong>Walter Bressia, Milton Kuret y Walter Pav\u00f3n<\/strong>, presidente de Bodegas de Argentina, director ejecutivo y gerente de Relaciones Institucionales, respectivamente; <strong>Carlos Fiochetta<\/strong>, gerente general de Coviar y <strong>Carolina Su\u00e1rez Garc\u00e9s<\/strong>, Relaciones Institucionales de ProMendoza.<\/p>\n\n\n\n<div style=\"height:35px\" aria-hidden=\"true\" class=\"wp-block-spacer\"><\/div>\n\n\n\n<p class=\"has-medium-font-size\"><strong>Mercado de cambios libre y competencia sana<\/strong><\/p>\n\n\n\n<p>En sus discursos, los organizadores recalcaron el fuerte cambio que ha vivido el pa\u00eds en esta d\u00e9cada y c\u00f3mo las nuevas circunstancias los obligan a replantearse la metodolog\u00eda de trabajo.<\/p>\n\n\n\n<p><em>\u201cHace 10 a\u00f1os nos dimos cuenta que nos un\u00eda el agro y que nos fortalec\u00eda trabajar en equipo. Siempre hemos tenido dificultades, pero se dieron en un terreno que conoc\u00edamos. Este a\u00f1o creo que nos enfrentamos a un escenario distinto, donde debemos aprender a trabajar y resolver de una manera diferente, con procesos m\u00e1s precisos para optimizar y ser eficientes. Tendremos que reaprender entonces, para sobrevivir en este nuevo sistema que se viene\u201d<\/em>, afirm\u00f3 <strong>Daniel Merlo, propietario y CEO de Luj\u00e1n Agr\u00edcola.<\/strong><\/p>\n\n\n\n<p>En la misma l\u00ednea, <strong>Mart\u00edn S\u00e1nchez, de Agromaq Vird\u00f3<\/strong>, se\u00f1al\u00f3: <em>\u00abEl gran desaf\u00edo para todo el sector es sacarnos algunos preconceptos y animarnos a desafiar estos paradigmas. No tengamos miedo a equivocarnos, en el error est\u00e1 el aprendizaje y en el aprendizaje el crecimiento. Como dicen hoy los j\u00f3venes debemos animarnos a cambiar el mindset. Un claro ejemplo de esto es Europa. Espa\u00f1a, Italia, Francia y sin ir m\u00e1s lejos, Chile, han logrado transformar e innovar en agricultura, al punto que productos de econom\u00edas regionales se han convertido en un pilar fundamental de la matriz productiva de estos pa\u00edses, con alto valor agregado y un alto grado de especializaci\u00f3n tecnol\u00f3gica\u201d.<\/em><\/p>\n\n\n\n<p>Aunque tambi\u00e9n pidieron coherencia en las reglas: <em>\u201cDesde Agrinet, siempre cre\u00edmos firmemente en la libertad para producir y crecer, con la menor cantidad posible de trabas. Por eso, nos entusiasm\u00f3 la baja de impuestos para importar materias primas. Es una gran noticia porque nos permite a los industriales elegir libremente a nuestros proveedores, y dejar de depender de uno solo. Pero hoy, el desaf\u00edo es otro. Estamos sufriendo un fuerte atraso en el valor del d\u00f3lar, que hace cada vez m\u00e1s imposible y m\u00e1s complejo vender un producto hecho en Argentina\u201d<\/em>, indic\u00f3 <strong>Agustina Debernardi, gerente de Relaciones Institucionales de Agrinet.<\/strong><\/p>\n\n\n\n<p>En ese sentido, Debernardi asegur\u00f3: <em>\u201cNuestro deseo es simple: Queremos una competencia sana y un mercado de cambios verdaderamente libre, que nos d\u00e9 un tipo de cambio real, que refleje la econom\u00eda. Si no logramos esto, corremos el riesgo de que nuestra industria se siga debilitando y se pierdan muchos m\u00e1s puestos de trabajo\u201d.<\/em><\/p>\n\n\n\n<div style=\"height:30px\" aria-hidden=\"true\" class=\"wp-block-spacer\"><\/div>\n\n\n<div class=\"wp-block-image\">\n<figure class=\"aligncenter size-full is-resized\"><a href=\"https:\/\/enolife.com.ar\/es\/wp-content\/uploads\/2025\/05\/WhatsApp-Image-2025-05-29-at-17.56.03.jpeg\" data-rel=\"penci-gallery-image-content\" ><img loading=\"lazy\" decoding=\"async\" width=\"825\" height=\"500\" src=\"https:\/\/enolife.com.ar\/es\/wp-content\/uploads\/2025\/05\/WhatsApp-Image-2025-05-29-at-17.56.03.jpeg\" alt=\"\" class=\"wp-image-147678\" style=\"width:529px;height:auto\" srcset=\"https:\/\/enolife.com.ar\/es\/wp-content\/uploads\/2025\/05\/WhatsApp-Image-2025-05-29-at-17.56.03.jpeg 825w, https:\/\/enolife.com.ar\/es\/wp-content\/uploads\/2025\/05\/WhatsApp-Image-2025-05-29-at-17.56.03-300x182.jpeg 300w, https:\/\/enolife.com.ar\/es\/wp-content\/uploads\/2025\/05\/WhatsApp-Image-2025-05-29-at-17.56.03-768x465.jpeg 768w, https:\/\/enolife.com.ar\/es\/wp-content\/uploads\/2025\/05\/WhatsApp-Image-2025-05-29-at-17.56.03-585x355.jpeg 585w\" sizes=\"auto, (max-width: 825px) 100vw, 825px\" \/><\/a><\/figure><\/div>\n\n\n<div style=\"height:35px\" aria-hidden=\"true\" class=\"wp-block-spacer\"><\/div>\n\n\n\n<p class=\"has-medium-font-size\"><strong>Miner\u00eda controlada y responsable<\/strong><\/p>\n\n\n\n<p><strong>Sebasti\u00e1n Halpern, CEO de Grupo Halpern<\/strong>, record\u00f3 que han seguido acompa\u00f1ando a los productores y al agro en general en todos sus proyectos, e insisti\u00f3 en el cuidado del recurso h\u00eddrico. Pero tambi\u00e9n record\u00f3 que con los frutos de la tierra no basta, y dijo que ampliar la matriz productiva es un asunto urgente.<\/p>\n\n\n\n<p><em>\u201cDesde Grupo Halpern, con preparaci\u00f3n de suelos y sistemas de riego, m\u00e1s que nunca continuamos comprometidos con la sostenibilidad, el cuidado del agua y el medio ambiente. Y en ese camino de hacer m\u00e1s grande a Mendoza, sigo sosteniendo dos puntos imprescindibles: Cuidar cada vez m\u00e1s el agua, ampliando la tecnificaci\u00f3n de su uso y mejorando los sistemas de control ambiental; y la necesidad urgente de permitir una miner\u00eda responsable y controlada en zonas donde se pueda realizar otra actividad econ\u00f3mica, que no s\u00f3lo permitir\u00e1 ampliar la matriz productiva de nuestra provincia sino tambi\u00e9n generar m\u00e1s empleo, mejorar caminos, infraestructura, log\u00edstica y una Mendoza exportadora a\u00fan m\u00e1s potente\u201d<\/em>.<\/p>\n\n\n\n<div style=\"height:30px\" aria-hidden=\"true\" class=\"wp-block-spacer\"><\/div>\n","protected":false},"excerpt":{"rendered":"<p>En la d\u00e9cima edici\u00f3n del ya tradicional Almuerzo de Fin de Cosecha, organizado este a\u00f1o&hellip;<\/p>\n","protected":false},"author":2,"featured_media":147675,"comment_status":"open","ping_status":"open","sticky":false,"template":"","format":"standard","meta":{"footnotes":""},"categories":[57],"tags":[],"class_list":["post-147671","post","type-post","status-publish","format-standard","has-post-thumbnail","hentry","category-empresas"],"_links":{"self":[{"href":"https:\/\/enolife.com.ar\/es\/wp-json\/wp\/v2\/posts\/147671","targetHints":{"allow":["GET"]}}],"collection":[{"href":"https:\/\/enolife.com.ar\/es\/wp-json\/wp\/v2\/posts"}],"about":[{"href":"https:\/\/enolife.com.ar\/es\/wp-json\/wp\/v2\/types\/post"}],"author":[{"embeddable":true,"href":"https:\/\/enolife.com.ar\/es\/wp-json\/wp\/v2\/users\/2"}],"replies":[{"embeddable":true,"href":"https:\/\/enolife.com.ar\/es\/wp-json\/wp\/v2\/comments?post=147671"}],"version-history":[{"count":0,"href":"https:\/\/enolife.com.ar\/es\/wp-json\/wp\/v2\/posts\/147671\/revisions"}],"wp:featuredmedia":[{"embeddable":true,"href":"https:\/\/enolife.com.ar\/es\/wp-json\/wp\/v2\/media\/147675"}],"wp:attachment":[{"href":"https:\/\/enolife.com.ar\/es\/wp-json\/wp\/v2\/media?parent=147671"}],"wp:term":[{"taxonomy":"category","embeddable":true,"href":"https:\/\/enolife.com.ar\/es\/wp-json\/wp\/v2\/categories?post=147671"},{"taxonomy":"post_tag","embeddable":true,"href":"https:\/\/enolife.com.ar\/es\/wp-json\/wp\/v2\/tags?post=147671"}],"curies":[{"name":"wp","href":"https:\/\/api.w.org\/{rel}","templated":true}]}}