{"id":147403,"date":"2025-05-28T22:36:06","date_gmt":"2025-05-28T22:36:06","guid":{"rendered":"https:\/\/enolife.com.ar\/es\/?p=147403"},"modified":"2025-05-29T21:57:43","modified_gmt":"2025-05-29T21:57:43","slug":"hasta-el-14-7-25-inscriben-a-empresas-y-proyectos-para-los-premios-best-of-wine-tourism-2026","status":"publish","type":"post","link":"https:\/\/enolife.com.ar\/es\/hasta-el-14-7-25-inscriben-a-empresas-y-proyectos-para-los-premios-best-of-wine-tourism-2026\/","title":{"rendered":"Hasta el 14\/7\/25 inscriben a empresas y proyectos para los premios Best Of Wine Tourism 2026"},"content":{"rendered":"\n<h4 class=\"wp-block-heading\"><em><strong>El Gobierno de Mendoza lanz\u00f3 hoy 28\/5\/25 la convocatoria a los preciados galardones que premian a lo mejor del enoturismo local. Pueden anotarse y postular a los premios que llevar\u00e1n a los ganadores a Burdeos, Francia, en noviembre, todas aquellas empresas, entidades, proyectos y personas cuya actividad se relacione con el turismo del vino y est\u00e9n debidamente inscritas en un registro del Ente Mendoza Turismo (Emetur). Organiza a nivel global la red de Grandes Capitales del Vino (GWC, por sus siglas en ingl\u00e9s). M\u00e1s abajo, el link de inscripci\u00f3n<\/strong><\/em><strong><em>.<\/em><\/strong><\/h4>\n\n\n\n<div style=\"height:35px\" aria-hidden=\"true\" class=\"wp-block-spacer\"><\/div>\n\n\n<a href=\"https:\/\/jmzeballos.com\/\" aria-label=\"PUBLICIDAD ENOLIFE 2023_\u00c1NFORAS 1700 x 500\"><img loading=\"lazy\" decoding=\"async\" src=\"https:\/\/enolife.com.ar\/es\/wp-content\/uploads\/2020\/12\/PUBLICIDAD-ENOLIFE-2023_ANFORAS-1700-x-500.jpg\" alt=\"\"  srcset=\"https:\/\/enolife.com.ar\/es\/wp-content\/uploads\/2020\/12\/PUBLICIDAD-ENOLIFE-2023_ANFORAS-1700-x-500.jpg 1700w, https:\/\/enolife.com.ar\/es\/wp-content\/uploads\/2020\/12\/PUBLICIDAD-ENOLIFE-2023_ANFORAS-1700-x-500-300x88.jpg 300w, https:\/\/enolife.com.ar\/es\/wp-content\/uploads\/2020\/12\/PUBLICIDAD-ENOLIFE-2023_ANFORAS-1700-x-500-1024x301.jpg 1024w, https:\/\/enolife.com.ar\/es\/wp-content\/uploads\/2020\/12\/PUBLICIDAD-ENOLIFE-2023_ANFORAS-1700-x-500-768x226.jpg 768w, https:\/\/enolife.com.ar\/es\/wp-content\/uploads\/2020\/12\/PUBLICIDAD-ENOLIFE-2023_ANFORAS-1700-x-500-1536x452.jpg 1536w, https:\/\/enolife.com.ar\/es\/wp-content\/uploads\/2020\/12\/PUBLICIDAD-ENOLIFE-2023_ANFORAS-1700-x-500-1170x344.jpg 1170w, https:\/\/enolife.com.ar\/es\/wp-content\/uploads\/2020\/12\/PUBLICIDAD-ENOLIFE-2023_ANFORAS-1700-x-500-585x172.jpg 585w\" sizes=\"auto, (max-width: 1700px) 100vw, 1700px\" width=\"1700\" height=\"500\"   \/><\/a>\n\n\n<div style=\"height:45px\" aria-hidden=\"true\" class=\"wp-block-spacer\"><\/div>\n\n\n\n<p>El <strong>Gobierno de Mendoza<\/strong> lanz\u00f3 la edici\u00f3n 2026 de los premios <strong>Best of Mendoza\u2019s Wine Tourism<\/strong>, que premia a lo mejor del enoturismo provincial. Las empresas y personas relacionadas con el turismo del vino que deseen inscribirse para concursar con estos premios -que representar\u00e1n a Mendoza en la <strong>Gala Internacional <\/strong>que se realizar\u00e1 en noviembre pr\u00f3ximo en <strong>Burdeos, Francia<\/strong>, lo podr\u00e1n hacer <strong>desde el 28 de mayo al 14 de julio<\/strong>, a trav\u00e9s del sitio <strong>www.mendoza.tur.ar.<\/strong> La premiaci\u00f3n ser\u00e1 el 19 de setiembre en el Auditorio \u00c1ngel Bustelo de esta Capital.<\/p>\n\n\n\n<p>A 20 a\u00f1os de su primera edici\u00f3n, la <strong>Enoteca<\/strong> y el <strong>Centro de Congresos y Exposiciones Alfredo Bufano<\/strong>, en <strong>San Rafael<\/strong>, fueron las sedes de la presentaci\u00f3n de los Best Of Mendoza\u2019s Wine Tourism 2026, certamen que destaca a las mejores pr\u00e1cticas relacionadas con el enoturismo. Participaron representantes de diversas entidades vinculadas con el vino y el turismo, empresarios, funcionarios y periodistas.<\/p>\n\n\n\n<p>A nivel local, los organizadores de la gala son el <strong>Ente Mendoza Turismo (Emetur) <\/strong>y <strong>ProMendoza,<\/strong> con la colaboraci\u00f3n de <strong>Wines of Argentina (WofA)<\/strong>, el <strong>Fondo Vitivin\u00edcola<\/strong>, la <strong>Corporaci\u00f3n Vitivin\u00edcola Argentina (Coviar)<\/strong> y <strong>Bodegas de Argentina (BdA)<\/strong>.<\/p>\n\n\n\n<div style=\"height:30px\" aria-hidden=\"true\" class=\"wp-block-spacer\"><\/div>\n\n\n\n<figure class=\"wp-block-gallery has-nested-images columns-default is-cropped wp-block-gallery-1 is-layout-flex wp-block-gallery-is-layout-flex\">\n<figure class=\"wp-block-image size-full\"><a href=\"https:\/\/enolife.com.ar\/es\/wp-content\/uploads\/2025\/05\/DSC_2674.jpg\" data-rel=\"penci-gallery-image-content\" ><img loading=\"lazy\" decoding=\"async\" width=\"823\" height=\"500\" data-id=\"147410\" src=\"https:\/\/enolife.com.ar\/es\/wp-content\/uploads\/2025\/05\/DSC_2674.jpg\" alt=\"\" class=\"wp-image-147410\" srcset=\"https:\/\/enolife.com.ar\/es\/wp-content\/uploads\/2025\/05\/DSC_2674.jpg 823w, https:\/\/enolife.com.ar\/es\/wp-content\/uploads\/2025\/05\/DSC_2674-300x182.jpg 300w, https:\/\/enolife.com.ar\/es\/wp-content\/uploads\/2025\/05\/DSC_2674-768x467.jpg 768w, https:\/\/enolife.com.ar\/es\/wp-content\/uploads\/2025\/05\/DSC_2674-585x355.jpg 585w\" sizes=\"auto, (max-width: 823px) 100vw, 823px\" \/><\/a><\/figure>\n\n\n\n<figure class=\"wp-block-image size-full\"><a href=\"https:\/\/enolife.com.ar\/es\/wp-content\/uploads\/2025\/05\/DSC_2707.jpg\" data-rel=\"penci-gallery-image-content\" ><img loading=\"lazy\" decoding=\"async\" width=\"791\" height=\"500\" data-id=\"147411\" src=\"https:\/\/enolife.com.ar\/es\/wp-content\/uploads\/2025\/05\/DSC_2707.jpg\" alt=\"\" class=\"wp-image-147411\" srcset=\"https:\/\/enolife.com.ar\/es\/wp-content\/uploads\/2025\/05\/DSC_2707.jpg 791w, https:\/\/enolife.com.ar\/es\/wp-content\/uploads\/2025\/05\/DSC_2707-300x190.jpg 300w, https:\/\/enolife.com.ar\/es\/wp-content\/uploads\/2025\/05\/DSC_2707-768x485.jpg 768w, https:\/\/enolife.com.ar\/es\/wp-content\/uploads\/2025\/05\/DSC_2707-585x370.jpg 585w\" sizes=\"auto, (max-width: 791px) 100vw, 791px\" \/><\/a><\/figure>\n<\/figure>\n\n\n\n<div style=\"height:45px\" aria-hidden=\"true\" class=\"wp-block-spacer\"><\/div>\n\n\n\n<p>Al respecto, la presidenta del Emetur,<strong> Gabriela Testa<\/strong>, coment\u00f3 que<em> \u201ccuando uno dice que forma parte de la Red de las Grandes Capitales del Vino, no hace falta explicar cu\u00e1l es la importancia de la vitivinicultura y el turismo del vino en nuestra provincia. Nos ponen una g\u00f3ndola donde hay 12 ciudades productoras de vino del mundo\u201d.<\/em><\/p>\n\n\n\n<p><em>\u201cEste concurso nos somete a un ejercicio de reflexi\u00f3n de directrices de calidad, para poder transmitirlo en este certamen. Este proceso es enriquecedor por s\u00ed mismo. Todos los a\u00f1os traemos un oro internacional, lo que es un gran honor para nosotros, porque cuenta lo que sucede en Mendoza\u201d<\/em>, agreg\u00f3 la funcionaria.<\/p>\n\n\n\n<p>Finalmente, Testa destac\u00f3 que el concurso <em>\u201ces un paraguas, que no tiene que ver solo con el Gobierno sino tiene que ver con todo lo que contiene esa marca Mendoza, que es la monta\u00f1a, que es el vino, es nuestra gastronom\u00eda, todas las opciones que tenemos culturales, que son tan ricas y tan buenas\u201d<\/em>.<\/p>\n\n\n\n<p>Por su parte, <strong>Patricia Gim\u00e9nez<\/strong>, gerenta de ProMendoza, dijo: <em>\u201cMendoza se posiciona en el mundo por sus vinos, sus paisajes, su gastronom\u00eda y la calidad de servicios que brinda al turismo. Es una gran oportunidad para mostrar todos nuestros servicios y que es lo que nos hace tan especiales\u201d.<\/em><\/p>\n\n\n\n<p><em>\u201cSer parte de la red de las grandes capitales del vino es un trabajo de todos los d\u00edas que hacemos en sinergia con el Ente de Turismo, con el que promovemos la internacionalizaci\u00f3n de Mendoza y de nuestros productos y servicios. Somos 12 ciudades con las que trabajamos en equipo promoviendo nuestras regiones, sus vinos y sus hacedores. Cumplimos 20 a\u00f1os de esta pol\u00edtica de Estado que junto a los privados potencia Mendoza\u201d<\/em>, finaliz\u00f3 Gim\u00e9nez.<\/p>\n\n\n\n<div style=\"height:35px\" aria-hidden=\"true\" class=\"wp-block-spacer\"><\/div>\n\n\n\n<p class=\"has-medium-font-size\"><strong>Presentaci\u00f3n en el Sur mendocino<\/strong><\/p>\n\n\n\n<p>Tambi\u00e9n, durante la ma\u00f1ana de hoy mi\u00e9rcoles 28\/5\/25, la vicepresidenta del Emetur, <strong>Cynthia Manggioni,<\/strong> junto al director de Zona Sur, <strong>Carlos Weiner<\/strong>, y la coordinadora del Centro de Congresos y Exposiciones Alfredo Bufano, <strong>Cecilia Canizzo<\/strong>, present\u00f3 el concurso en San Rafael para invitar a los empresarios sure\u00f1os.<\/p>\n\n\n\n<div style=\"height:30px\" aria-hidden=\"true\" class=\"wp-block-spacer\"><\/div>\n\n\n\n<figure class=\"wp-block-gallery has-nested-images columns-default is-cropped wp-block-gallery-2 is-layout-flex wp-block-gallery-is-layout-flex\">\n<figure class=\"wp-block-image size-full\"><a href=\"https:\/\/enolife.com.ar\/es\/wp-content\/uploads\/2025\/05\/IMG_0969.jpg\" data-rel=\"penci-gallery-image-content\" ><img loading=\"lazy\" decoding=\"async\" width=\"928\" height=\"500\" data-id=\"147407\" src=\"https:\/\/enolife.com.ar\/es\/wp-content\/uploads\/2025\/05\/IMG_0969.jpg\" alt=\"\" class=\"wp-image-147407\" srcset=\"https:\/\/enolife.com.ar\/es\/wp-content\/uploads\/2025\/05\/IMG_0969.jpg 928w, https:\/\/enolife.com.ar\/es\/wp-content\/uploads\/2025\/05\/IMG_0969-300x162.jpg 300w, https:\/\/enolife.com.ar\/es\/wp-content\/uploads\/2025\/05\/IMG_0969-768x414.jpg 768w, https:\/\/enolife.com.ar\/es\/wp-content\/uploads\/2025\/05\/IMG_0969-585x315.jpg 585w\" sizes=\"auto, (max-width: 928px) 100vw, 928px\" \/><\/a><\/figure>\n\n\n\n<figure class=\"wp-block-image size-full\"><a href=\"https:\/\/enolife.com.ar\/es\/wp-content\/uploads\/2025\/05\/IMG_0976.jpg\" data-rel=\"penci-gallery-image-content\" ><img loading=\"lazy\" decoding=\"async\" width=\"786\" height=\"500\" data-id=\"147408\" src=\"https:\/\/enolife.com.ar\/es\/wp-content\/uploads\/2025\/05\/IMG_0976.jpg\" alt=\"\" class=\"wp-image-147408\" srcset=\"https:\/\/enolife.com.ar\/es\/wp-content\/uploads\/2025\/05\/IMG_0976.jpg 786w, https:\/\/enolife.com.ar\/es\/wp-content\/uploads\/2025\/05\/IMG_0976-300x191.jpg 300w, https:\/\/enolife.com.ar\/es\/wp-content\/uploads\/2025\/05\/IMG_0976-768x489.jpg 768w, https:\/\/enolife.com.ar\/es\/wp-content\/uploads\/2025\/05\/IMG_0976-585x372.jpg 585w\" sizes=\"auto, (max-width: 786px) 100vw, 786px\" \/><\/a><\/figure>\n<\/figure>\n\n\n\n<div style=\"height:35px\" aria-hidden=\"true\" class=\"wp-block-spacer\"><\/div>\n\n\n\n<p>En la oportunidad, Maggioni destac\u00f3: <em>\u201cEn el Sur de la provincia tenemos grandes experiencias y una gran cantidad de oportunidades para disfrutar del turismo del vino. Nos tenemos que poner en la vidriera mundial del vino y del turismo para potenciar ese mercado de turistas internacionales, que tienen que llegar al Sur de la provincia en m\u00e1s cantidad\u201d<\/em>.<\/p>\n\n\n\n<div style=\"height:35px\" aria-hidden=\"true\" class=\"wp-block-spacer\"><\/div>\n\n\n\n<p class=\"has-medium-font-size\"><strong>Best of Mendoza\u2019s Wine Tourism<\/strong><\/p>\n\n\n\n<p>Podr\u00e1n participar las empresas, emprendimientos e instituciones radicadas en la provincia cuya actividad se relacione con el turismo del vino, seg\u00fan cada categor\u00eda, debidamente inscriptos o en tr\u00e1mite en el Ente Mendoza Turismo, presentando el n\u00famero de expediente correspondiente o resoluci\u00f3n de inscripci\u00f3n. El concurso es gratuito y no implica pago alguno para el postulante.<\/p>\n\n\n\n<p>Las categor\u00edas en que podr\u00e1n inscribirse son <strong>Alojamiento; Experiencias Culinarias; Pr\u00e1cticas Sustentables; Arquitectura y Paisajes; Arte y Cultura; Experiencias Innovadoras; Servicios Relacionados y Peque\u00f1as Bodegas<\/strong>, todo lo cual s\u00f3lo se concursa a nivel local.<\/p>\n\n\n\n<div style=\"height:30px\" aria-hidden=\"true\" class=\"wp-block-spacer\"><\/div>\n\n\n<div class=\"wp-block-image\">\n<figure class=\"aligncenter size-full is-resized\"><a href=\"https:\/\/enolife.com.ar\/es\/wp-content\/uploads\/2025\/05\/best-of-mendoza-wine-tourism-2025-medium-size.png\" data-rel=\"penci-gallery-image-content\" ><img loading=\"lazy\" decoding=\"async\" width=\"908\" height=\"424\" src=\"https:\/\/enolife.com.ar\/es\/wp-content\/uploads\/2025\/05\/best-of-mendoza-wine-tourism-2025-medium-size.png\" alt=\"\" class=\"wp-image-147416\" style=\"width:758px;height:auto\" srcset=\"https:\/\/enolife.com.ar\/es\/wp-content\/uploads\/2025\/05\/best-of-mendoza-wine-tourism-2025-medium-size.png 908w, https:\/\/enolife.com.ar\/es\/wp-content\/uploads\/2025\/05\/best-of-mendoza-wine-tourism-2025-medium-size-300x140.png 300w, https:\/\/enolife.com.ar\/es\/wp-content\/uploads\/2025\/05\/best-of-mendoza-wine-tourism-2025-medium-size-768x359.png 768w, https:\/\/enolife.com.ar\/es\/wp-content\/uploads\/2025\/05\/best-of-mendoza-wine-tourism-2025-medium-size-585x273.png 585w\" sizes=\"auto, (max-width: 908px) 100vw, 908px\" \/><\/a><figcaption class=\"wp-element-caption\"><em><strong>Ganadores del Best Of Mendoza 2025<\/strong><\/em>.<\/figcaption><\/figure><\/div>\n\n\n<div style=\"height:35px\" aria-hidden=\"true\" class=\"wp-block-spacer\"><\/div>\n\n\n\n<p>En todas las categor\u00edas existe la posibilidad de entregar premios oro, plata y bronce. Luego, los ganadores del oro en la premiaci\u00f3n local participar\u00e1n en la Gala Internacional, que elige a los mejores de cada regi\u00f3n vitivin\u00edcola del mundo, que este a\u00f1o se realizar\u00e1 en noviembre en la ciudad de Burdeos, Francia.<\/p>\n\n\n\n<p>La evaluaci\u00f3n de las postulaciones ser\u00e1 realizada por un jurado conformado por un m\u00e1ximo de 15 referentes id\u00f3neos, seleccionados por una comisi\u00f3n organizadora, quienes deber\u00e1n ajustarse a los par\u00e1metros que establece este reglamento de bases y condiciones y que representen a instituciones educativas, intermedias de empresarios vinculados y medios de comunicaci\u00f3n.<\/p>\n\n\n\n<div style=\"height:20px\" aria-hidden=\"true\" class=\"wp-block-spacer\"><\/div>\n\n\n\n<p class=\"has-background\" style=\"background-color:#abb7c273\"><strong>Las bases y condiciones se pueden encontrar <a href=\"https:\/\/mendoza.tur.ar\/best-of-wine-tourism-2026-bases-y-condiciones\/\">AQU\u00cd<\/a><\/strong><\/p>\n\n\n\n<div style=\"height:23px\" aria-hidden=\"true\" class=\"wp-block-spacer\"><\/div>\n\n\n\n<p class=\"has-medium-font-size\"><strong>Mendoza, una de las Grandes Capitales del Vino<\/strong><\/p>\n\n\n\n<p>Establecida en 1999, como una comunidad de ciudades globales que comparten un activo econ\u00f3mico y cultural com\u00fan, su conexi\u00f3n con regiones vin\u00edcolas de renombre internacional, la red global <strong>Great Wine Capitals <\/strong>re\u00fane a diversas capitales mundiales del vino bajo una marca compartida.<\/p>\n\n\n\n<p>La red Global Great Wine Capitals existe para vincular ciudades contenidas en grandes regiones vitivin\u00edcolas, con el objetivo de contribuir al bienestar y a la prosperidad de sus industrias, comunidades y turismo relacionados con el vino.<\/p>\n\n\n\n<div style=\"height:30px\" aria-hidden=\"true\" class=\"wp-block-spacer\"><\/div>\n\n\n<div class=\"wp-block-image\">\n<figure class=\"aligncenter size-full is-resized\"><a href=\"https:\/\/enolife.com.ar\/es\/wp-content\/uploads\/2025\/05\/Great-Wine-Capitals-Global-Network-Weltkarte.jpg\" data-rel=\"penci-gallery-image-content\" ><img loading=\"lazy\" decoding=\"async\" width=\"952\" height=\"500\" src=\"https:\/\/enolife.com.ar\/es\/wp-content\/uploads\/2025\/05\/Great-Wine-Capitals-Global-Network-Weltkarte.jpg\" alt=\"\" class=\"wp-image-147414\" style=\"width:614px;height:auto\" srcset=\"https:\/\/enolife.com.ar\/es\/wp-content\/uploads\/2025\/05\/Great-Wine-Capitals-Global-Network-Weltkarte.jpg 952w, https:\/\/enolife.com.ar\/es\/wp-content\/uploads\/2025\/05\/Great-Wine-Capitals-Global-Network-Weltkarte-300x158.jpg 300w, https:\/\/enolife.com.ar\/es\/wp-content\/uploads\/2025\/05\/Great-Wine-Capitals-Global-Network-Weltkarte-768x403.jpg 768w, https:\/\/enolife.com.ar\/es\/wp-content\/uploads\/2025\/05\/Great-Wine-Capitals-Global-Network-Weltkarte-585x307.jpg 585w\" sizes=\"auto, (max-width: 952px) 100vw, 952px\" \/><\/a><\/figure><\/div>\n\n\n<div style=\"height:30px\" aria-hidden=\"true\" class=\"wp-block-spacer\"><\/div>\n\n\n\n<p>La red facilita el intercambio de conocimientos, ideas y experiencias; estimula los negocios, la innovaci\u00f3n, las vinculaciones y es un medio para colaborar en superar desaf\u00edos y aprovechar oportunidades de manera conjunta. Adem\u00e1s, la red realiza un fuerte trabajo de promoci\u00f3n en el mundo de cada una de las capitales miembro.<\/p>\n\n\n\n<p>Actualmente, la red est\u00e1 formada por 12 regiones vitivin\u00edcolas de renombre mundial de los hemisferios Norte y Sur, que abarcan el viejo y el nuevo mundo del vino y son: <strong>Adelaida, Australia &#8211; Bilbao\/Rioja, Espa\u00f1a &#8211; Burdeos, Francia &#8211; Ciudad del Cabo, Sud\u00e1frica &#8211; Hawke\u2019s Bay, Nueva Zelanda &#8211; Lausana, Suiza &#8211; Mainz, Alemania &#8211; Mendoza, Argentina &#8211; Oporto, Portugal &#8211; San Francisco\/Valle de Napa, EEUU &#8211; Valpara\u00edso\/Valle de Casablanca, Chile &#8211; Verona, Italia.<\/strong><\/p>\n\n\n\n<div style=\"height:30px\" aria-hidden=\"true\" class=\"wp-block-spacer\"><\/div>\n","protected":false},"excerpt":{"rendered":"<p>El Gobierno de Mendoza lanz\u00f3 hoy 28\/5\/25 la convocatoria a los preciados galardones que premian&hellip;<\/p>\n","protected":false},"author":2,"featured_media":147418,"comment_status":"open","ping_status":"open","sticky":false,"template":"","format":"standard","meta":{"footnotes":""},"categories":[14],"tags":[],"class_list":["post-147403","post","type-post","status-publish","format-standard","has-post-thumbnail","hentry","category-news"],"_links":{"self":[{"href":"https:\/\/enolife.com.ar\/es\/wp-json\/wp\/v2\/posts\/147403","targetHints":{"allow":["GET"]}}],"collection":[{"href":"https:\/\/enolife.com.ar\/es\/wp-json\/wp\/v2\/posts"}],"about":[{"href":"https:\/\/enolife.com.ar\/es\/wp-json\/wp\/v2\/types\/post"}],"author":[{"embeddable":true,"href":"https:\/\/enolife.com.ar\/es\/wp-json\/wp\/v2\/users\/2"}],"replies":[{"embeddable":true,"href":"https:\/\/enolife.com.ar\/es\/wp-json\/wp\/v2\/comments?post=147403"}],"version-history":[{"count":0,"href":"https:\/\/enolife.com.ar\/es\/wp-json\/wp\/v2\/posts\/147403\/revisions"}],"wp:featuredmedia":[{"embeddable":true,"href":"https:\/\/enolife.com.ar\/es\/wp-json\/wp\/v2\/media\/147418"}],"wp:attachment":[{"href":"https:\/\/enolife.com.ar\/es\/wp-json\/wp\/v2\/media?parent=147403"}],"wp:term":[{"taxonomy":"category","embeddable":true,"href":"https:\/\/enolife.com.ar\/es\/wp-json\/wp\/v2\/categories?post=147403"},{"taxonomy":"post_tag","embeddable":true,"href":"https:\/\/enolife.com.ar\/es\/wp-json\/wp\/v2\/tags?post=147403"}],"curies":[{"name":"wp","href":"https:\/\/api.w.org\/{rel}","templated":true}]}}