{"id":147398,"date":"2025-05-28T23:42:50","date_gmt":"2025-05-28T23:42:50","guid":{"rendered":"https:\/\/enolife.com.ar\/es\/?p=147398"},"modified":"2025-05-30T15:09:35","modified_gmt":"2025-05-30T15:09:35","slug":"mendoza-auxiliara-con-el-60-del-salario-a-trabajadores-de-fincas-danadas-por-heladas-y-granizo","status":"publish","type":"post","link":"https:\/\/enolife.com.ar\/es\/mendoza-auxiliara-con-el-60-del-salario-a-trabajadores-de-fincas-danadas-por-heladas-y-granizo\/","title":{"rendered":"Mendoza auxiliar\u00e1 con el 60% del salario a trabajadores de fincas da\u00f1adas por heladas y granizo"},"content":{"rendered":"\n<h4 class=\"wp-block-heading\"><em><strong>El programa de ayuda, en el marco del Estado de Emergencia o Desastre Agropecuario declarado por el gobierno local y avalado por la Naci\u00f3n a fines de 2024 tras varias da\u00f1inas contingencias clim\u00e1ticas, est\u00e1 destinado a \u00abunidades productivas\u00bb de entre 30 y 60 hect\u00e1reas que tengan hasta 60 asalariados en su plantilla laboral. El beneficio ser\u00e1 por 3 meses y el plazo de inscripci\u00f3n vence el 5\/6\/25. Los interesados pueden anotarse en el enlace abajo consignado.<\/strong><\/em><\/h4>\n\n\n\n<div style=\"height:35px\" aria-hidden=\"true\" class=\"wp-block-spacer\"><\/div>\n\n\n\n\n\n<div style=\"height:45px\" aria-hidden=\"true\" class=\"wp-block-spacer\"><\/div>\n\n\n\n<p>La iniciativa fue oficializada mediante el <strong>Decreto 1.096 del Gobierno de Mendoza<\/strong>, en el marco del <strong>Estado de Emergencia o Desastre Agropecuario<\/strong>. La ayuda ser\u00e1 gestionada por la <strong>Subsecretar\u00eda de Empleo y Capacitaci\u00f3n<\/strong> y ofrecer\u00e1 un <strong>aporte econ\u00f3mico directo a trabajadores de\u00a0distintas unidades productivas de hasta 60 hect\u00e1reas, localizadas en zonas alcanzadas por granizo o heladas.<\/strong><\/p>\n\n\n\n<p>La cartera de Producci\u00f3n, que conduce el ministro Rodolfo Vargas Arizu comunic\u00f3 oficialmente la medida como una herramienta concreta en beneficio de la econom\u00eda y el trabajo provincial.<\/p>\n\n\n\n<p>El auxilio es posible en el marco del <strong>Estado de Emergencia o Desastre Agropecuario declarado por el Decreto 43\/25<\/strong>. Ofrece un aporte econ\u00f3mico directo a trabajadores registrados de unidades productivas con hasta 60 hect\u00e1reas localizadas en zonas alcanzadas por eventos climatol\u00f3gicos.<\/p>\n\n\n\n<p>Seg\u00fan detalla el decreto,<strong> la asistencia ser\u00e1 equivalente al 60% del Salario M\u00ednimo Vital y M\u00f3vil durante tres meses<\/strong>, sin posibilidad de pr\u00f3rroga. Est\u00e1 previsto que puedan ser beneficiados <strong>hasta 60 trabajadores por unidad productiva.<\/strong><\/p>\n\n\n\n<p>Al respecto, <strong>Emilce Vega Espinoza<\/strong>, subsecretaria de Empleo y Capacitaci\u00f3n, detall\u00f3: <em>\u201cEl objetivo del programa es garantizar la continuidad laboral de aquellas unidades productivas que fueron v\u00edctimas de los acontecimientos clim\u00e1ticos y busca garantizar la continuidad laboral de todos sus trabajadores\u201d.<\/em><\/p>\n\n\n\n<p>El programa est\u00e1 enfocado en <strong>unidades productivas que no participaron o no recibieron el Fondo Compensador Agr\u00edcola<\/strong>. Se trata de una franja que queda fuera del alcance de esta herramienta y que son aquellos que tienen m\u00e1s de 30 hect\u00e1reas y hasta 60.<\/p>\n\n\n\n<p><em>\u201cSe ha puesto como tope que tengan hasta 60 trabajadores registrados. Esto va a permitir garantizar la continuidad de esos trabajadores durante toda la temporada. Iniciando en junio, el pago va a ser a mes vencido y las inscripciones van a estar disponibles a partir de este jueves 28 y hasta el 5 de junio inclusive\u201d<\/em>, remarc\u00f3 Vega Espinoza.<\/p>\n\n\n\n<p>En este sentido, la funcionaria destac\u00f3 que el tr\u00e1mite es 100% gratuito y de autogesti\u00f3n. Desde la cartera de Producci\u00f3n se dispondr\u00e1 de un contacto telef\u00f3nico para que las personas puedan informarse. Asimismo, las personas interesadas podr\u00e1n acercarse a las oficinas de empleo para obtener toda la informaci\u00f3n.<\/p>\n\n\n\n<p>Vega Espinoza hizo hincapi\u00e9 en que todas las unidades productivas pueden presentarse con sus trabajadores siempre y cuando cumplan con los requisitos. La presentaci\u00f3n siempre tiene que ser a cargo del apoderado, del encargado o del due\u00f1o de esta unidad productiva. No puede presentarse el trabajador solo.<\/p>\n\n\n\n<div style=\"height:35px\" aria-hidden=\"true\" class=\"wp-block-spacer\"><\/div>\n\n\n\n<p class=\"has-medium-font-size\"><strong>C\u00f3mo operar\u00e1 el programa<\/strong><\/p>\n\n\n\n<p>Es importante destacar c\u00f3mo va a ser la modalidad de implementaci\u00f3n del programa y sus respectivos desembolsos. Seg\u00fan detallaron desde la cartera de Producci\u00f3n, el pago del incentivo mensual se va a realizar del 1 al 15 y a mes vencido.<\/p>\n\n\n\n<p>Es decir, la persona se va a inscribir durante junio, y en julio va a recibir el incentivo, siempre y cuando la documentaci\u00f3n sea la correcta y sea aprobada por la Subsecretar\u00eda de Empleo y Capacitaci\u00f3n.<\/p>\n\n\n\n<p><em>\u201cEl dep\u00f3sito se va a hacer a la CBU bancaria de ese trabajador. Este es un incentivo que tiene dos beneficios. Por un lado, garantiza la continuidad de la labor, es decir, del trabajador en su relaci\u00f3n laboral formal y, por el otro, acompa\u00f1a al empresario a reducirle los costos de cada uno de esos salarios\u201d<\/em>, detall\u00f3 la subsecretaria de Empleo y Capacitaci\u00f3n<\/p>\n\n\n\n<p>De este modo, el trabajador va a recibir el incentivo econ\u00f3mico en su CBU, el empresario tendr\u00e1 que complementar el salario establecido por convenio colectivo de trabajo para ese sector y esto va a quedar registrado en el bono de sueldo bajo la leyenda \u201cPrograma Provincial Refuerza Mendoza\u201d, donde va a descontar, en este caso, hablando del primer mes, <strong>$188.000.<\/strong><\/p>\n\n\n\n<p><em>\u201cEsto no estaba presupuestado cuando se gener\u00f3 el presupuesto en 2024, pero nuestro ministro Rodolfo Vargas Arizu entiende la necesidad de dar respuesta a los sectores que no fueron alcanzados por el Fondo Compensador Agr\u00edcola\u201d<\/em>, cerr\u00f3 Vega Espinoza.<\/p>\n\n\n\n<div style=\"height:35px\" aria-hidden=\"true\" class=\"wp-block-spacer\"><\/div>\n\n\n\n<p class=\"has-medium-font-size\"><strong>Requisitos de participaci\u00f3n<\/strong><\/p>\n\n\n\n<ul class=\"wp-block-list\">\n<li>Requisitos para unidades productivas.<\/li>\n\n\n\n<li>Hasta 60 hect\u00e1reas de superficie total por unidad productiva.<\/li>\n\n\n\n<li>Constancia de Inscripci\u00f3n en ARCA emitida el mes anterior a la postulaci\u00f3n.<\/li>\n\n\n\n<li>La unidad productiva debe estar radicada en Mendoza.<\/li>\n\n\n\n<li>Constancia de cumplimiento fiscal emitida por ATM.<\/li>\n\n\n\n<li>Certificado de da\u00f1os emitido por la Direcci\u00f3n de Contingencias Clim\u00e1ticas.<\/li>\n\n\n\n<li>Acta Constitutiva de la raz\u00f3n social donde se indiquen los miembros.<\/li>\n\n\n\n<li>Constancias de RUT bajo el mismo CUIT de la raz\u00f3n social.<\/li>\n\n\n\n<li>Formulario 931 de ARCA de la raz\u00f3n social emitida el mes anterior a la postulaci\u00f3n al programa (hasta 60 trabajadores bajo la modalidad estipulada).<\/li>\n\n\n\n<li>N\u00f3mina completa de la raz\u00f3n social emitida el mes anterior a la postulaci\u00f3n al programa (hasta 60 trabajadores bajo la modalidad estipulada).<\/li>\n<\/ul>\n\n\n\n<div style=\"height:35px\" aria-hidden=\"true\" class=\"wp-block-spacer\"><\/div>\n\n\n\n<p class=\"has-medium-font-size\"><strong>Requisitos para trabajadores de unidades productivas<\/strong><\/p>\n\n\n\n<ul class=\"wp-block-list\">\n<li>Trabajadores o trabajadoras registradas.<\/li>\n\n\n\n<li>Ser mayor de 18 a\u00f1os.<\/li>\n\n\n\n<li>Residentes en la Provincia de Mendoza.<\/li>\n\n\n\n<li>Ser presentado por el due\u00f1o, responsable o apoderado legal de la unidad productiva que denuncie la contingencia clim\u00e1tica.<\/li>\n\n\n\n<li>Copia del \u00faltimo bono de sueldo.<\/li>\n\n\n\n<li>Ser titular de una CBU (Clave Bancaria Uniforme), no CVU.<\/li>\n\n\n\n<li>Adjuntar copia de alta en n\u00f3mina bajo la modalidad 08, 110 o 112.<\/li>\n\n\n\n<li>Cada postulante solamente podr\u00e1 percibir un \u00fanico est\u00edmulo econ\u00f3mico al mes durante el per\u00edodo que dure su inclusi\u00f3n en el programa.<\/li>\n<\/ul>\n\n\n\n<div style=\"height:18px\" aria-hidden=\"true\" class=\"wp-block-spacer\"><\/div>\n\n\n\n<p class=\"has-background\" style=\"background-color:#abb7c247\"><strong>Inscripciones<\/strong>: Las personas interesadas en conocer m\u00e1s detalles del programa e inscribirse pueden hacerlo <strong>a trav\u00e9s del&nbsp;<a href=\"https:\/\/www.mendoza.gov.ar\/economia\/\">portal.<\/a><\/strong>&nbsp;&nbsp;&nbsp;Tambi\u00e9n se ha dispuesto el contacto de&nbsp;<strong>WhatsApp&nbsp;+54 9 261 3852534.<\/strong><\/p>\n\n\n\n<div style=\"height:30px\" aria-hidden=\"true\" class=\"wp-block-spacer\"><\/div>\n\n\n\n<p class=\"has-small-font-size\"><em><strong>Fuente: Gobierno de Mendoza<\/strong><\/em><\/p>\n\n\n\n<div style=\"height:31px\" aria-hidden=\"true\" class=\"wp-block-spacer\"><\/div>\n","protected":false},"excerpt":{"rendered":"<p>El programa de ayuda, en el marco del Estado de Emergencia o Desastre Agropecuario declarado&hellip;<\/p>\n","protected":false},"author":2,"featured_media":147401,"comment_status":"open","ping_status":"open","sticky":false,"template":"","format":"standard","meta":{"footnotes":""},"categories":[56,14],"tags":[],"class_list":["post-147398","post","type-post","status-publish","format-standard","has-post-thumbnail","hentry","category-destacado","category-news"],"_links":{"self":[{"href":"https:\/\/enolife.com.ar\/es\/wp-json\/wp\/v2\/posts\/147398","targetHints":{"allow":["GET"]}}],"collection":[{"href":"https:\/\/enolife.com.ar\/es\/wp-json\/wp\/v2\/posts"}],"about":[{"href":"https:\/\/enolife.com.ar\/es\/wp-json\/wp\/v2\/types\/post"}],"author":[{"embeddable":true,"href":"https:\/\/enolife.com.ar\/es\/wp-json\/wp\/v2\/users\/2"}],"replies":[{"embeddable":true,"href":"https:\/\/enolife.com.ar\/es\/wp-json\/wp\/v2\/comments?post=147398"}],"version-history":[{"count":0,"href":"https:\/\/enolife.com.ar\/es\/wp-json\/wp\/v2\/posts\/147398\/revisions"}],"wp:featuredmedia":[{"embeddable":true,"href":"https:\/\/enolife.com.ar\/es\/wp-json\/wp\/v2\/media\/147401"}],"wp:attachment":[{"href":"https:\/\/enolife.com.ar\/es\/wp-json\/wp\/v2\/media?parent=147398"}],"wp:term":[{"taxonomy":"category","embeddable":true,"href":"https:\/\/enolife.com.ar\/es\/wp-json\/wp\/v2\/categories?post=147398"},{"taxonomy":"post_tag","embeddable":true,"href":"https:\/\/enolife.com.ar\/es\/wp-json\/wp\/v2\/tags?post=147398"}],"curies":[{"name":"wp","href":"https:\/\/api.w.org\/{rel}","templated":true}]}}