{"id":147272,"date":"2025-05-27T23:13:05","date_gmt":"2025-05-27T23:13:05","guid":{"rendered":"https:\/\/enolife.com.ar\/es\/?p=147272"},"modified":"2025-05-28T22:35:48","modified_gmt":"2025-05-28T22:35:48","slug":"verallia-dono-1-000-plantas-de-jarilla-para-la-reforestacion-del-cerro-arco","status":"publish","type":"post","link":"https:\/\/enolife.com.ar\/es\/verallia-dono-1-000-plantas-de-jarilla-para-la-reforestacion-del-cerro-arco\/","title":{"rendered":"Verallia ya don\u00f3 1.000 plantas de jarilla para reforestar el emblem\u00e1tico Cerro Arco de Mendoza"},"content":{"rendered":"\n<h4 class=\"wp-block-heading\"><em><strong>Verallia Argentina, empresa dedicada a la fabricaci\u00f3n y comercializaci\u00f3n de envases de vidrio, particip\u00f3 de la 4\u00b0 jornada del plan de reforestaci\u00f3n del Cerro Arco, ubicado en las primeras elevaciones de la precordillera contigua a la capital provincial y muy visitado por paseantes y deportistas. En alianza con la Direcci\u00f3n de \u00c1reas Protegidas del Gobierno de Mendoza, la compa\u00f1\u00eda don\u00f3 en esta ocasi\u00f3n 100 plantas nativas de jarilla para seguir recuperando el ecosistema de esta zona del piedemonte afectada por recientes incendios. Desde el inicio de este programa, la empresa con f\u00e1brica en Guaymall\u00e9n, Mendoza, ya aport\u00f3 1.000 plantas y su equipo de voluntarios para las tareas de plantaci\u00f3n.<\/strong><\/em><\/h4>\n\n\n\n<div style=\"height:35px\" aria-hidden=\"true\" class=\"wp-block-spacer\"><\/div>\n\n\n<a href=\"https:\/\/ar.verallia.com\/\" aria-label=\"VERALLIA 1700 x 500\"><img loading=\"lazy\" decoding=\"async\" src=\"https:\/\/enolife.com.ar\/es\/wp-content\/uploads\/2021\/04\/VERALLIA-1700-x-500.jpg\" alt=\"\"  srcset=\"https:\/\/enolife.com.ar\/es\/wp-content\/uploads\/2021\/04\/VERALLIA-1700-x-500.jpg 1700w, https:\/\/enolife.com.ar\/es\/wp-content\/uploads\/2021\/04\/VERALLIA-1700-x-500-300x88.jpg 300w, https:\/\/enolife.com.ar\/es\/wp-content\/uploads\/2021\/04\/VERALLIA-1700-x-500-1024x301.jpg 1024w, https:\/\/enolife.com.ar\/es\/wp-content\/uploads\/2021\/04\/VERALLIA-1700-x-500-768x226.jpg 768w, https:\/\/enolife.com.ar\/es\/wp-content\/uploads\/2021\/04\/VERALLIA-1700-x-500-1536x452.jpg 1536w, https:\/\/enolife.com.ar\/es\/wp-content\/uploads\/2021\/04\/VERALLIA-1700-x-500-1170x344.jpg 1170w, https:\/\/enolife.com.ar\/es\/wp-content\/uploads\/2021\/04\/VERALLIA-1700-x-500-585x172.jpg 585w\" sizes=\"auto, (max-width: 1700px) 100vw, 1700px\" width=\"1700\" height=\"500\"   \/><\/a>\n\n\n<div style=\"height:45px\" aria-hidden=\"true\" class=\"wp-block-spacer\"><\/div>\n\n\n\n<p>En la cuarta jornada del <strong>plan de reforestaci\u00f3n del Cerro Arco<\/strong>, <strong>Verallia Argentina<\/strong> reafirm\u00f3 su compromiso con el cuidado del ambiente y la restauraci\u00f3n de ecosistemas degradados, con la donaci\u00f3n de <strong>100 ejemplares de jarilla<\/strong> -una especie representativa de la flora del desierto mendocino y actualmente protegida por ley- producidos por la <strong>Asociaci\u00f3n Gesti\u00f3n Nativa.<\/strong><\/p>\n\n\n\n<div style=\"height:30px\" aria-hidden=\"true\" class=\"wp-block-spacer\"><\/div>\n\n\n\n<figure class=\"wp-block-gallery has-nested-images columns-default is-cropped wp-block-gallery-1 is-layout-flex wp-block-gallery-is-layout-flex\">\n<figure class=\"wp-block-image size-full\"><a href=\"https:\/\/enolife.com.ar\/es\/wp-content\/uploads\/2025\/05\/Ref-Cerro-Arco-Verallia-2.jpg\" data-rel=\"penci-gallery-image-content\" ><img loading=\"lazy\" decoding=\"async\" width=\"782\" height=\"500\" data-id=\"147285\" src=\"https:\/\/enolife.com.ar\/es\/wp-content\/uploads\/2025\/05\/Ref-Cerro-Arco-Verallia-2.jpg\" alt=\"\" class=\"wp-image-147285\" srcset=\"https:\/\/enolife.com.ar\/es\/wp-content\/uploads\/2025\/05\/Ref-Cerro-Arco-Verallia-2.jpg 782w, https:\/\/enolife.com.ar\/es\/wp-content\/uploads\/2025\/05\/Ref-Cerro-Arco-Verallia-2-300x192.jpg 300w, https:\/\/enolife.com.ar\/es\/wp-content\/uploads\/2025\/05\/Ref-Cerro-Arco-Verallia-2-768x491.jpg 768w, https:\/\/enolife.com.ar\/es\/wp-content\/uploads\/2025\/05\/Ref-Cerro-Arco-Verallia-2-780x500.jpg 780w, https:\/\/enolife.com.ar\/es\/wp-content\/uploads\/2025\/05\/Ref-Cerro-Arco-Verallia-2-585x374.jpg 585w\" sizes=\"auto, (max-width: 782px) 100vw, 782px\" \/><\/a><\/figure>\n\n\n\n<figure class=\"wp-block-image size-full\"><a href=\"https:\/\/enolife.com.ar\/es\/wp-content\/uploads\/2025\/05\/Ref-Cerro-Arco-Verallia-5.jpg\" data-rel=\"penci-gallery-image-content\" ><img loading=\"lazy\" decoding=\"async\" width=\"787\" height=\"500\" data-id=\"147286\" src=\"https:\/\/enolife.com.ar\/es\/wp-content\/uploads\/2025\/05\/Ref-Cerro-Arco-Verallia-5.jpg\" alt=\"\" class=\"wp-image-147286\" srcset=\"https:\/\/enolife.com.ar\/es\/wp-content\/uploads\/2025\/05\/Ref-Cerro-Arco-Verallia-5.jpg 787w, https:\/\/enolife.com.ar\/es\/wp-content\/uploads\/2025\/05\/Ref-Cerro-Arco-Verallia-5-300x191.jpg 300w, https:\/\/enolife.com.ar\/es\/wp-content\/uploads\/2025\/05\/Ref-Cerro-Arco-Verallia-5-768x488.jpg 768w, https:\/\/enolife.com.ar\/es\/wp-content\/uploads\/2025\/05\/Ref-Cerro-Arco-Verallia-5-585x372.jpg 585w\" sizes=\"auto, (max-width: 787px) 100vw, 787px\" \/><\/a><\/figure>\n<\/figure>\n\n\n\n<div style=\"height:35px\" aria-hidden=\"true\" class=\"wp-block-spacer\"><\/div>\n\n\n\n<p>La jornada se organiz\u00f3 en conjunto con la <strong>Direcci\u00f3n de \u00c1reas Protegidas<\/strong> de la <strong>Subsecretar\u00eda de Ambiente<\/strong> del <strong>Gobierno de Mendoza<\/strong>, instituciones con las que Verallia ha trabajado a lo largo de todo el plan de restauraci\u00f3n biol\u00f3gica iniciado tras el incendio forestal de 2018 que afect\u00f3 a m\u00e1s de 1.600 hect\u00e1reas del piedemonte mendocino.<\/p>\n\n\n\n<div style=\"height:30px\" aria-hidden=\"true\" class=\"wp-block-spacer\"><\/div>\n\n\n\n<figure class=\"wp-block-gallery has-nested-images columns-default is-cropped wp-block-gallery-2 is-layout-flex wp-block-gallery-is-layout-flex\">\n<figure class=\"wp-block-image size-full\"><a href=\"https:\/\/enolife.com.ar\/es\/wp-content\/uploads\/2025\/05\/Ref-Cerro-Arco-Veallia-7.jpg\" data-rel=\"penci-gallery-image-content\" ><img loading=\"lazy\" decoding=\"async\" width=\"401\" height=\"500\" data-id=\"147279\" src=\"https:\/\/enolife.com.ar\/es\/wp-content\/uploads\/2025\/05\/Ref-Cerro-Arco-Veallia-7.jpg\" alt=\"\" class=\"wp-image-147279\" srcset=\"https:\/\/enolife.com.ar\/es\/wp-content\/uploads\/2025\/05\/Ref-Cerro-Arco-Veallia-7.jpg 401w, https:\/\/enolife.com.ar\/es\/wp-content\/uploads\/2025\/05\/Ref-Cerro-Arco-Veallia-7-241x300.jpg 241w\" sizes=\"auto, (max-width: 401px) 100vw, 401px\" \/><\/a><\/figure>\n\n\n\n<figure class=\"wp-block-image size-full\"><a href=\"https:\/\/enolife.com.ar\/es\/wp-content\/uploads\/2025\/05\/Ref-Cerro-Arco-Verallia-4.jpg\" data-rel=\"penci-gallery-image-content\" ><img loading=\"lazy\" decoding=\"async\" width=\"559\" height=\"500\" data-id=\"147280\" src=\"https:\/\/enolife.com.ar\/es\/wp-content\/uploads\/2025\/05\/Ref-Cerro-Arco-Verallia-4.jpg\" alt=\"\" class=\"wp-image-147280\" srcset=\"https:\/\/enolife.com.ar\/es\/wp-content\/uploads\/2025\/05\/Ref-Cerro-Arco-Verallia-4.jpg 559w, https:\/\/enolife.com.ar\/es\/wp-content\/uploads\/2025\/05\/Ref-Cerro-Arco-Verallia-4-300x268.jpg 300w\" sizes=\"auto, (max-width: 559px) 100vw, 559px\" \/><\/a><\/figure>\n<\/figure>\n\n\n\n<div style=\"height:35px\" aria-hidden=\"true\" class=\"wp-block-spacer\"><\/div>\n\n\n\n<p>Desde el inicio de este programa, <strong>Verallia ya ha donado<\/strong> <strong>1.000 plantas de jarilla<\/strong>, y ha involucrado activamente a su <strong>equipo de voluntarios en las tareas de plantaci\u00f3n<\/strong>. Estas acciones forman parte de su pol\u00edtica global de sustentabilidad, que incluye la <strong>reducci\u00f3n de emisiones de CO\u2082<\/strong> y el apoyo a iniciativas que promuevan el equilibrio ambiental.<\/p>\n\n\n\n<div style=\"height:30px\" aria-hidden=\"true\" class=\"wp-block-spacer\"><\/div>\n\n\n<div class=\"wp-block-image\">\n<figure class=\"aligncenter size-full is-resized\"><a href=\"https:\/\/enolife.com.ar\/es\/wp-content\/uploads\/2025\/05\/Ref-Cerro-Arco-Verallia-3-1.jpg\" data-rel=\"penci-gallery-image-content\" ><img loading=\"lazy\" decoding=\"async\" width=\"830\" height=\"500\" src=\"https:\/\/enolife.com.ar\/es\/wp-content\/uploads\/2025\/05\/Ref-Cerro-Arco-Verallia-3-1.jpg\" alt=\"\" class=\"wp-image-147283\" style=\"width:582px;height:auto\" srcset=\"https:\/\/enolife.com.ar\/es\/wp-content\/uploads\/2025\/05\/Ref-Cerro-Arco-Verallia-3-1.jpg 830w, https:\/\/enolife.com.ar\/es\/wp-content\/uploads\/2025\/05\/Ref-Cerro-Arco-Verallia-3-1-300x181.jpg 300w, https:\/\/enolife.com.ar\/es\/wp-content\/uploads\/2025\/05\/Ref-Cerro-Arco-Verallia-3-1-768x463.jpg 768w, https:\/\/enolife.com.ar\/es\/wp-content\/uploads\/2025\/05\/Ref-Cerro-Arco-Verallia-3-1-585x352.jpg 585w\" sizes=\"auto, (max-width: 830px) 100vw, 830px\" \/><\/a><\/figure><\/div>\n\n\n<div style=\"height:35px\" aria-hidden=\"true\" class=\"wp-block-spacer\"><\/div>\n\n\n\n<p><em>\u201cParticipar en la restauraci\u00f3n del Cerro Arco no s\u00f3lo refleja nuestra pol\u00edtica ambiental, sino tambi\u00e9n una manera concreta de actuar por el bien com\u00fan. Es un proyecto que une compromiso empresarial, acci\u00f3n colectiva y recuperaci\u00f3n de la biodiversidad\u201d,<\/em> destac\u00f3 <strong>Alejandra Mer\u00edn, <\/strong>coordinadora de Responsabilidad Social Empresarial (RSE) de Verallia Argentina.<\/p>\n\n\n\n<p>Por su parte, <strong>Walter Formica, <\/strong>director general de Verallia Argentina, agreg\u00f3: <em>\u201cNuestro prop\u00f3sito es reimaginar el vidrio para construir un futuro sostenible. Esta jornada es un nuevo paso en ese camino, donde la industria, las comunidades y el sector p\u00fablico pueden trabajar juntos para proteger nuestra casa com\u00fan\u201d.<\/em><\/p>\n\n\n\n<div style=\"height:35px\" aria-hidden=\"true\" class=\"wp-block-spacer\"><\/div>\n\n\n\n<p><strong>Acerca de Verallia<\/strong><\/p>\n\n\n\n<p>En Verallia, el prop\u00f3sito declarado es \u00abreimaginar el vidrio para un futuro sostenible\u00bb. La misi\u00f3n de la empresa es redefinir c\u00f3mo se produce, reutiliza y recicla el vidrio, para convertirlo en el material de envasado m\u00e1s sostenible del mundo. Para ello, trabajan junto a clientes, proveedores y otros socios a lo largo de toda la cadena de valor para desarrollar soluciones nuevas, beneficiosas y sostenibles para todos. <\/p>\n\n\n\n<p>Con casi 11.000 empleados y 35 plantas de producci\u00f3n de vidrio en 12 pa\u00edses, Verallia es el l\u00edder europeo y el tercer mayor productor mundial de envases de vidrio para bebidas y productos alimenticios. Ofrecen soluciones innovadoras, personalizadas y respetuosas con el medio ambiente a m\u00e1s de 10.000 empresas en todo el mundo.<\/p>\n\n\n\n<div style=\"height:30px\" aria-hidden=\"true\" class=\"wp-block-spacer\"><\/div>\n","protected":false},"excerpt":{"rendered":"<p>Verallia Argentina, empresa dedicada a la fabricaci\u00f3n y comercializaci\u00f3n de envases de vidrio, particip\u00f3 de&hellip;<\/p>\n","protected":false},"author":2,"featured_media":147278,"comment_status":"open","ping_status":"open","sticky":false,"template":"","format":"standard","meta":{"footnotes":""},"categories":[56,14],"tags":[],"class_list":["post-147272","post","type-post","status-publish","format-standard","has-post-thumbnail","hentry","category-destacado","category-news"],"_links":{"self":[{"href":"https:\/\/enolife.com.ar\/es\/wp-json\/wp\/v2\/posts\/147272","targetHints":{"allow":["GET"]}}],"collection":[{"href":"https:\/\/enolife.com.ar\/es\/wp-json\/wp\/v2\/posts"}],"about":[{"href":"https:\/\/enolife.com.ar\/es\/wp-json\/wp\/v2\/types\/post"}],"author":[{"embeddable":true,"href":"https:\/\/enolife.com.ar\/es\/wp-json\/wp\/v2\/users\/2"}],"replies":[{"embeddable":true,"href":"https:\/\/enolife.com.ar\/es\/wp-json\/wp\/v2\/comments?post=147272"}],"version-history":[{"count":0,"href":"https:\/\/enolife.com.ar\/es\/wp-json\/wp\/v2\/posts\/147272\/revisions"}],"wp:featuredmedia":[{"embeddable":true,"href":"https:\/\/enolife.com.ar\/es\/wp-json\/wp\/v2\/media\/147278"}],"wp:attachment":[{"href":"https:\/\/enolife.com.ar\/es\/wp-json\/wp\/v2\/media?parent=147272"}],"wp:term":[{"taxonomy":"category","embeddable":true,"href":"https:\/\/enolife.com.ar\/es\/wp-json\/wp\/v2\/categories?post=147272"},{"taxonomy":"post_tag","embeddable":true,"href":"https:\/\/enolife.com.ar\/es\/wp-json\/wp\/v2\/tags?post=147272"}],"curies":[{"name":"wp","href":"https:\/\/api.w.org\/{rel}","templated":true}]}}