{"id":146765,"date":"2025-05-20T14:27:27","date_gmt":"2025-05-20T14:27:27","guid":{"rendered":"https:\/\/enolife.com.ar\/es\/?p=146765"},"modified":"2025-05-21T12:57:20","modified_gmt":"2025-05-21T12:57:20","slug":"para-evitar-la-dispersion-de-la-polilla-de-la-vid-senasa-y-coviar-llaman-a-reunion-el-23-5-en-la-rioja","status":"publish","type":"post","link":"https:\/\/enolife.com.ar\/es\/para-evitar-la-dispersion-de-la-polilla-de-la-vid-senasa-y-coviar-llaman-a-reunion-el-23-5-en-la-rioja\/","title":{"rendered":"Para evitar la dispersi\u00f3n de la polilla de la vid, Senasa y Coviar llaman a reuni\u00f3n el 23\/5 en La Rioja"},"content":{"rendered":"\n<h4 class=\"wp-block-heading\"><em><strong>El objetivo de este encuentro de productores y t\u00e9cnicos, a realizarse en la ciudad de Villa Uni\u00f3n, es coordinar un plan de acci\u00f3n a desarrollarse en la zona, a los efectos de evitar la dispersi\u00f3n y establecimiento de la plaga a otras a\u00e9reas vit\u00edcolas de la provincia de La Rioja. La convocatoria se realiza luego de haber sido detectado en la zona un ejemplar del insecto lobesia botrana y haberse declarado el estado de alerta fitosanitaria.<\/strong><\/em><\/h4>\n\n\n\n<div style=\"height:40px\" aria-hidden=\"true\" class=\"wp-block-spacer\"><\/div>\n\n\n\n\n\n<div style=\"height:44px\" aria-hidden=\"true\" class=\"wp-block-spacer\"><\/div>\n\n\n\n<p>El <strong>Centro de Desarrollo Vit\u00edcola de La Rioja<\/strong>, dependiente de la <strong>Corporaci\u00f3n Vitivin\u00edcola Argentina (Coviar)<\/strong>, junto a la <strong>Direcci\u00f3n de Producci\u00f3n de la Municipalidad de General Felipe Varela<\/strong> y el <strong>Servicio Nacional de Sanidad y Calidad Agroalimentaria (Senasa) de La Rioja<\/strong>, est\u00e1n organizando una reuni\u00f3n interinstitucional, para el d\u00eda 23 de mayo de 2025, a partir de las 9 hs en el Centro Cultural H\u00e9ctor David<br>Gatica, de la ciudad de <strong>Villa Uni\u00f3n<\/strong>, La Rioja. <\/p>\n\n\n\n<p>Luego de la reuni\u00f3n se realizar\u00e1 una capacitaci\u00f3n a productores y t\u00e9cnicos de la regi\u00f3n sobre esta tem\u00e1tica, brindada por t\u00e9cnicos de el Senasa, en la cual un productor de la zona Este de Mendoza -\u00e1rea afectada por la plaga pero en constante guardia, por lo cual el da\u00f1o es acotado al m\u00ednimo- ofrecer\u00e1 su testimonio y su experiencia con la lobesia botrana en su vi\u00f1edo.<\/p>\n\n\n\n<p>Cabe recprdar que el pasado 6 de marzo del corriente a\u00f1o, en los recorridos habituales de monitoreo para Lobesia botrana, efectuados por los especialistas del Senasa, fue detectaron un ejemplar sospechoso de insecto que posteriormente fue confirmado como Lobesia botrana. Este hecho origin\u00f3 que el 10 de abril pasado se publicara en el Bolet\u00edn Oficial de la provincia la resoluci\u00f3n 243\/2025. En el mismo se declar\u00f3 el estado de alerta fitosanitaria en un radio de un kil\u00f3metro alrededor del sitio donde se detect\u00f3 un ejemplar adulto de Lobesia botrana o polilla de la vid en la localidad de Villa Uni\u00f3n, provincia de La Rioja. Esta medida estar\u00e1 vigente hasta el 31 de diciembre de 2025. Y busca prevenir la dispersi\u00f3n y el establecimiento de esta plaga en una de las principales zonas vitivin\u00edcolas del pa\u00eds.<\/p>\n\n\n\n<div style=\"height:27px\" aria-hidden=\"true\" class=\"wp-block-spacer\"><\/div>\n\n\n\n<p class=\"has-light-green-cyan-background-color has-background\">Los interesados en participar de la reuni\u00f3n pueden obtener m\u00e1s informaci\u00f3n comunic\u00e1ndose al tel\u00e9fono <strong>+54 9 3825437461.<\/strong><\/p>\n\n\n\n<div style=\"height:36px\" aria-hidden=\"true\" class=\"wp-block-spacer\"><\/div>\n","protected":false},"excerpt":{"rendered":"<p>El objetivo de este encuentro de productores y t\u00e9cnicos, a realizarse en la ciudad de&hellip;<\/p>\n","protected":false},"author":2,"featured_media":130212,"comment_status":"open","ping_status":"open","sticky":false,"template":"","format":"standard","meta":{"footnotes":""},"categories":[5],"tags":[],"class_list":["post-146765","post","type-post","status-publish","format-standard","has-post-thumbnail","hentry","category-fincas"],"_links":{"self":[{"href":"https:\/\/enolife.com.ar\/es\/wp-json\/wp\/v2\/posts\/146765","targetHints":{"allow":["GET"]}}],"collection":[{"href":"https:\/\/enolife.com.ar\/es\/wp-json\/wp\/v2\/posts"}],"about":[{"href":"https:\/\/enolife.com.ar\/es\/wp-json\/wp\/v2\/types\/post"}],"author":[{"embeddable":true,"href":"https:\/\/enolife.com.ar\/es\/wp-json\/wp\/v2\/users\/2"}],"replies":[{"embeddable":true,"href":"https:\/\/enolife.com.ar\/es\/wp-json\/wp\/v2\/comments?post=146765"}],"version-history":[{"count":0,"href":"https:\/\/enolife.com.ar\/es\/wp-json\/wp\/v2\/posts\/146765\/revisions"}],"wp:featuredmedia":[{"embeddable":true,"href":"https:\/\/enolife.com.ar\/es\/wp-json\/wp\/v2\/media\/130212"}],"wp:attachment":[{"href":"https:\/\/enolife.com.ar\/es\/wp-json\/wp\/v2\/media?parent=146765"}],"wp:term":[{"taxonomy":"category","embeddable":true,"href":"https:\/\/enolife.com.ar\/es\/wp-json\/wp\/v2\/categories?post=146765"},{"taxonomy":"post_tag","embeddable":true,"href":"https:\/\/enolife.com.ar\/es\/wp-json\/wp\/v2\/tags?post=146765"}],"curies":[{"name":"wp","href":"https:\/\/api.w.org\/{rel}","templated":true}]}}