{"id":146749,"date":"2025-05-21T22:47:42","date_gmt":"2025-05-21T22:47:42","guid":{"rendered":"https:\/\/enolife.com.ar\/es\/?p=146749"},"modified":"2025-05-22T21:44:01","modified_gmt":"2025-05-22T21:44:01","slug":"acovi-y-la-universidad-catolica-argentina-capacitan-a-jovenes-para-ser-dirigentes-cooperativistas","status":"publish","type":"post","link":"https:\/\/enolife.com.ar\/es\/acovi-y-la-universidad-catolica-argentina-capacitan-a-jovenes-para-ser-dirigentes-cooperativistas\/","title":{"rendered":"Acovi y la Universidad Cat\u00f3lica Argentina capacitan a j\u00f3venes para ser dirigentes cooperativistas"},"content":{"rendered":"\n<h4 class=\"wp-block-heading\"><em><strong>La Asociaci\u00f3n de Cooperativas Vitivin\u00edcolas Argentinas (Acovi) y la Universidad Cat\u00f3lica Argentina (UCA), sede Mendoza, lanzaron un segundo Curso de Cooperativismo y Econom\u00eda Social, tras una exitosa primera capacitaci\u00f3n que concluy\u00f3 recientemente. El objetivo de esta formaci\u00f3n es brindar herramientas te\u00f3ricas y pr\u00e1cticas a j\u00f3venes que posean aspiraciones dirigenciales desde una mirada cooperativa. El jueves 29 de mayo inicia el pr\u00f3ximo curso destinado a administrativos y dirigentes sobre an\u00e1lisis de estados contables y legajo \u00fanico financiero y econ\u00f3mico. Los alumnos recibir\u00e1n certificaci\u00f3n oficial de la Universidad.<\/strong><\/em><\/h4>\n\n\n\n<div style=\"height:35px\" aria-hidden=\"true\" class=\"wp-block-spacer\"><\/div>\n\n\n<a href=\"https:\/\/estanciamendoza.com.ar\/es\/\" aria-label=\"Copia de BEM &#8211; Banner adaptaciones diario digital_BEM &#8211; Banner Enolife &#8211; 1700&#215;500\"><img loading=\"lazy\" decoding=\"async\" src=\"https:\/\/enolife.com.ar\/es\/wp-content\/uploads\/2019\/07\/Copia-de-BEM-Banner-adaptaciones-diario-digital_BEM-Banner-Enolife-1700x500-1.jpg\" alt=\"\"  srcset=\"https:\/\/enolife.com.ar\/es\/wp-content\/uploads\/2019\/07\/Copia-de-BEM-Banner-adaptaciones-diario-digital_BEM-Banner-Enolife-1700x500-1.jpg 1700w, https:\/\/enolife.com.ar\/es\/wp-content\/uploads\/2019\/07\/Copia-de-BEM-Banner-adaptaciones-diario-digital_BEM-Banner-Enolife-1700x500-1-300x88.jpg 300w, https:\/\/enolife.com.ar\/es\/wp-content\/uploads\/2019\/07\/Copia-de-BEM-Banner-adaptaciones-diario-digital_BEM-Banner-Enolife-1700x500-1-1024x301.jpg 1024w, https:\/\/enolife.com.ar\/es\/wp-content\/uploads\/2019\/07\/Copia-de-BEM-Banner-adaptaciones-diario-digital_BEM-Banner-Enolife-1700x500-1-768x226.jpg 768w, https:\/\/enolife.com.ar\/es\/wp-content\/uploads\/2019\/07\/Copia-de-BEM-Banner-adaptaciones-diario-digital_BEM-Banner-Enolife-1700x500-1-1536x452.jpg 1536w, https:\/\/enolife.com.ar\/es\/wp-content\/uploads\/2019\/07\/Copia-de-BEM-Banner-adaptaciones-diario-digital_BEM-Banner-Enolife-1700x500-1-1170x344.jpg 1170w, https:\/\/enolife.com.ar\/es\/wp-content\/uploads\/2019\/07\/Copia-de-BEM-Banner-adaptaciones-diario-digital_BEM-Banner-Enolife-1700x500-1-585x172.jpg 585w\" sizes=\"auto, (max-width: 1700px) 100vw, 1700px\" width=\"1700\" height=\"500\"   \/><\/a>\n\n\n<div style=\"height:29px\" aria-hidden=\"true\" class=\"wp-block-spacer\"><\/div>\n\n\n\n<p>Este curso se brinda en el marco de un programa de capacitaciones que la <strong>Asociaci\u00f3n de Cooperativas Vitivin\u00edcolas Argentinas (Acovi)<\/strong> ha planificado realizar durante 2025, dirigido a distintos actores y referentes del sector cooperativo vitivin\u00edcola. <strong>El pr\u00f3ximo curso comienza el jueves 29 de mayo<\/strong>, destinado a administrativos y dirigentes. Tendr\u00e1 especial foco en el an\u00e1lisis de estados contables y legajo \u00fanico financiero y econ\u00f3mico.<\/p>\n\n\n\n<p>El nuevo ciclo comienza tras la finalizaci\u00f3n del primer y concurrido <strong>Curso de Cooperativismo y Econom\u00eda Social<\/strong>, que se inici\u00f3 el 16\/5 en la sede de la <strong>Universidad Cat\u00f3lica Argentina (UCA) Mendoza<\/strong>,  organizado por <strong>Acovi<\/strong>. A trav\u00e9s de esta capacitaci\u00f3n, los j\u00f3venes conocen las herramientas te\u00f3ricas y pr\u00e1cticas que los preparan para <strong>asumir la dirigencia de empresas cooperativas de peque\u00f1a, mediana y gran envergadura, <\/strong>especialmente en el <strong>rubro vitivin\u00edcola<\/strong>, entendiendo que es un modelo empresario exitoso y que permite la integraci\u00f3n y el crecimiento a gran escala.<\/p>\n\n\n\n<div style=\"height:30px\" aria-hidden=\"true\" class=\"wp-block-spacer\"><\/div>\n\n\n<div class=\"wp-block-image\">\n<figure class=\"aligncenter size-full is-resized\"><a href=\"https:\/\/enolife.com.ar\/es\/wp-content\/uploads\/2025\/05\/WhatsApp-Image-2025-05-20-at-10.03.42.jpeg\" data-rel=\"penci-gallery-image-content\" ><img loading=\"lazy\" decoding=\"async\" width=\"897\" height=\"500\" src=\"https:\/\/enolife.com.ar\/es\/wp-content\/uploads\/2025\/05\/WhatsApp-Image-2025-05-20-at-10.03.42.jpeg\" alt=\"\" class=\"wp-image-146759\" style=\"width:599px;height:auto\" srcset=\"https:\/\/enolife.com.ar\/es\/wp-content\/uploads\/2025\/05\/WhatsApp-Image-2025-05-20-at-10.03.42.jpeg 897w, https:\/\/enolife.com.ar\/es\/wp-content\/uploads\/2025\/05\/WhatsApp-Image-2025-05-20-at-10.03.42-300x167.jpeg 300w, https:\/\/enolife.com.ar\/es\/wp-content\/uploads\/2025\/05\/WhatsApp-Image-2025-05-20-at-10.03.42-768x428.jpeg 768w, https:\/\/enolife.com.ar\/es\/wp-content\/uploads\/2025\/05\/WhatsApp-Image-2025-05-20-at-10.03.42-585x326.jpeg 585w\" sizes=\"auto, (max-width: 897px) 100vw, 897px\" \/><\/a><\/figure><\/div>\n\n\n<div style=\"height:30px\" aria-hidden=\"true\" class=\"wp-block-spacer\"><\/div>\n\n\n\n<p>La clase se inici\u00f3 con las palabras de la decana<strong> Fabiana Acerbi<\/strong>, qui\u00e9n expres\u00f3<em>: \u201cRealmente estamos muy agradecidos que instituciones de prestigio como Acovi nos elijan como centro de educaci\u00f3n para formar a j\u00f3venes, orientado al cooperativismo y la econom\u00eda social, que tienen un rol muy importante, no solamente por los v\u00ednculos entre sus asociados, la b\u00fasqueda de crecimiento y desarrollo, este enfoque solidario y de apoyo mutuo, sino por lo que representan en la construcci\u00f3n del entretejido social<\/em>\u201d.<\/p>\n\n\n\n<p>Referentes del cooperativismo a nivel nacional, provincial y local estuvieron presentes para dar la bienvenida y convocar a los j\u00f3venes a seguir por el camino cooperativo, como modelo econ\u00f3mico de referencia en la provincia, especialmente en el sector vitivin\u00edcola.<\/p>\n\n\n\n<p>El <strong>gerente de Acovi,<\/strong> <strong>Nicol\u00e1s Vicchi<\/strong>, coment\u00f3 en la ocasi\u00f3n: <em>\u201cDesde Acovi queremos agradecerles, porque la verdad es que esto para nosotros es una caricia al alma, porque los j\u00f3venes han dejado tiempo, distancias, que muchos han venido del Sur provincial, que han priorizado formarse en esta especialidad antes que otros objetivos. El cooperativismo es un modelo exitoso, es un modelo de vanguardia, modelo transformador en el mundo, no s\u00f3lo en Argentina\u201d.<\/em><\/p>\n\n\n\n<div style=\"height:30px\" aria-hidden=\"true\" class=\"wp-block-spacer\"><\/div>\n\n\n<div class=\"wp-block-image\">\n<figure class=\"aligncenter size-full is-resized\"><a href=\"https:\/\/enolife.com.ar\/es\/wp-content\/uploads\/2025\/05\/WhatsApp-Image-2025-05-20-at-10.03.41.jpeg\" data-rel=\"penci-gallery-image-content\" ><img loading=\"lazy\" decoding=\"async\" width=\"964\" height=\"500\" src=\"https:\/\/enolife.com.ar\/es\/wp-content\/uploads\/2025\/05\/WhatsApp-Image-2025-05-20-at-10.03.41.jpeg\" alt=\"\" class=\"wp-image-146756\" style=\"width:655px;height:auto\" srcset=\"https:\/\/enolife.com.ar\/es\/wp-content\/uploads\/2025\/05\/WhatsApp-Image-2025-05-20-at-10.03.41.jpeg 964w, https:\/\/enolife.com.ar\/es\/wp-content\/uploads\/2025\/05\/WhatsApp-Image-2025-05-20-at-10.03.41-300x156.jpeg 300w, https:\/\/enolife.com.ar\/es\/wp-content\/uploads\/2025\/05\/WhatsApp-Image-2025-05-20-at-10.03.41-768x398.jpeg 768w, https:\/\/enolife.com.ar\/es\/wp-content\/uploads\/2025\/05\/WhatsApp-Image-2025-05-20-at-10.03.41-585x303.jpeg 585w\" sizes=\"auto, (max-width: 964px) 100vw, 964px\" \/><\/a><figcaption class=\"wp-element-caption\"><em><strong>Nicol\u00e1s Vicchi<\/strong><\/em><\/figcaption><\/figure><\/div>\n\n\n<div style=\"height:30px\" aria-hidden=\"true\" class=\"wp-block-spacer\"><\/div>\n\n\n\n<p>Por su parte, el presidente de Acovi,<strong> Fabi\u00e1n Ruggeri <\/strong>dijo a su turno: <em>\u201cEspero que sea un curso al que realmente disfruten&#8230; Est\u00e1 pensado y dise\u00f1ado b\u00e1sicamente para los j\u00f3venes de nuestro sistema cooperativo. Las clases son extremadamente interesantes, van a tener un paneo por muchos temas, con lo cual van a tener que estar muy predispuestos a adquirir conocimientos\u201d.<\/em><\/p>\n\n\n\n<p>Desde Buenos Aires, el <strong>presidente del Instituto Nacional de Asociativismo y Econom\u00eda Social<\/strong> (<strong>Inaes),<\/strong> <strong>Marcelo Collomb<\/strong> dio su bienvenida a los estudiantes: <em>\u201cRealmente para nosotros es muy importante la capacitaci\u00f3n. Creemos que en un mundo en el que hoy estamos viviendo, un mundo muy disruptivo, un mundo muy cambiante, es fundamental repensar la acci\u00f3n cooperativa, repensar la acci\u00f3n mutual y para esto es fundamental la formaci\u00f3n y la capacitaci\u00f3n\u201d.<\/em><\/p>\n\n\n\n<p>Finalmente, la directora de<strong> Emprendedores y Cooperativas <\/strong>del<strong> Gobierno de Mendoza, Andrea Nallim<\/strong>, sum\u00f3 sus palabras: <em>\u201cCreo que es muy importante estas posibilidades que tienen los j\u00f3venes de formarse y de comprometerse y de conocer lo que es trabajar en el sector cooperativo. Para poder cambiar y que las cosas pasen y que tengamos una Argentina mejor, tenemos que comprometernos a trav\u00e9s de distintas organizaciones y esta es una forma de comprometerse\u201d.<\/em><\/p>\n\n\n\n<div style=\"height:35px\" aria-hidden=\"true\" class=\"wp-block-spacer\"><\/div>\n\n\n\n<p class=\"has-medium-font-size\"><strong>Encuentro de apertura presencial<\/strong><\/p>\n\n\n\n<p>La clase estuvo presidida por el abogado y docente <strong>Fernando Berm\u00fadez<\/strong>, quien present\u00f3 los objetivos del curso e introdujo la tem\u00e1tica con un recorrido por obras de inter\u00e9s para comprender en profundidad los conceptos de <strong>Econom\u00eda Social, Instituciones y Cooperativismo<\/strong>, entre otros temas centrales.<\/p>\n\n\n\n<div style=\"height:21px\" aria-hidden=\"true\" class=\"wp-block-spacer\"><\/div>\n\n\n<div class=\"wp-block-image\">\n<figure class=\"aligncenter size-full is-resized\"><a href=\"https:\/\/enolife.com.ar\/es\/wp-content\/uploads\/2025\/05\/WhatsApp-Image-2025-05-20-at-10.03.40.jpeg\" data-rel=\"penci-gallery-image-content\" ><img loading=\"lazy\" decoding=\"async\" width=\"875\" height=\"500\" src=\"https:\/\/enolife.com.ar\/es\/wp-content\/uploads\/2025\/05\/WhatsApp-Image-2025-05-20-at-10.03.40.jpeg\" alt=\"\" class=\"wp-image-146761\" style=\"width:680px;height:auto\" srcset=\"https:\/\/enolife.com.ar\/es\/wp-content\/uploads\/2025\/05\/WhatsApp-Image-2025-05-20-at-10.03.40.jpeg 875w, https:\/\/enolife.com.ar\/es\/wp-content\/uploads\/2025\/05\/WhatsApp-Image-2025-05-20-at-10.03.40-300x171.jpeg 300w, https:\/\/enolife.com.ar\/es\/wp-content\/uploads\/2025\/05\/WhatsApp-Image-2025-05-20-at-10.03.40-768x439.jpeg 768w, https:\/\/enolife.com.ar\/es\/wp-content\/uploads\/2025\/05\/WhatsApp-Image-2025-05-20-at-10.03.40-585x334.jpeg 585w\" sizes=\"auto, (max-width: 875px) 100vw, 875px\" \/><\/a><figcaption class=\"wp-element-caption\"><em><strong>Fernando Berm\u00fadez<\/strong><\/em><\/figcaption><\/figure><\/div>\n\n\n<div style=\"height:27px\" aria-hidden=\"true\" class=\"wp-block-spacer\"><\/div>\n\n\n\n<p>Cabe destacar que el curso, de <strong>modalidad presencial sincr\u00f3nica<\/strong> y asincr\u00f3nica<strong> <\/strong>consta de <strong>cinco m\u00f3dulos <\/strong>que abordan diversas perspectivas que van desde la Econom\u00eda Social hasta nociones de cooperativismo moderno y del futuro. Al finalizar el curso, los estudiantes recibir\u00e1n una certificaci\u00f3n expedida por la UCA.<\/p>\n\n\n\n<div style=\"height:30px\" aria-hidden=\"true\" class=\"wp-block-spacer\"><\/div>\n\n\n\n<p class=\"has-background\" style=\"background-color:#abb7c24d\"><strong>M\u00e1s informaci\u00f3n en: <\/strong><a href=\"http:\/\/www.acovi.com.ar\"><strong>www.acovi.com.ar<\/strong><\/a><\/p>\n\n\n\n<div style=\"height:30px\" aria-hidden=\"true\" class=\"wp-block-spacer\"><\/div>\n","protected":false},"excerpt":{"rendered":"<p>La Asociaci\u00f3n de Cooperativas Vitivin\u00edcolas Argentinas (Acovi) y la Universidad Cat\u00f3lica Argentina (UCA), sede Mendoza,&hellip;<\/p>\n","protected":false},"author":2,"featured_media":146764,"comment_status":"open","ping_status":"open","sticky":false,"template":"","format":"standard","meta":{"footnotes":""},"categories":[14],"tags":[],"class_list":["post-146749","post","type-post","status-publish","format-standard","has-post-thumbnail","hentry","category-news"],"_links":{"self":[{"href":"https:\/\/enolife.com.ar\/es\/wp-json\/wp\/v2\/posts\/146749","targetHints":{"allow":["GET"]}}],"collection":[{"href":"https:\/\/enolife.com.ar\/es\/wp-json\/wp\/v2\/posts"}],"about":[{"href":"https:\/\/enolife.com.ar\/es\/wp-json\/wp\/v2\/types\/post"}],"author":[{"embeddable":true,"href":"https:\/\/enolife.com.ar\/es\/wp-json\/wp\/v2\/users\/2"}],"replies":[{"embeddable":true,"href":"https:\/\/enolife.com.ar\/es\/wp-json\/wp\/v2\/comments?post=146749"}],"version-history":[{"count":0,"href":"https:\/\/enolife.com.ar\/es\/wp-json\/wp\/v2\/posts\/146749\/revisions"}],"wp:featuredmedia":[{"embeddable":true,"href":"https:\/\/enolife.com.ar\/es\/wp-json\/wp\/v2\/media\/146764"}],"wp:attachment":[{"href":"https:\/\/enolife.com.ar\/es\/wp-json\/wp\/v2\/media?parent=146749"}],"wp:term":[{"taxonomy":"category","embeddable":true,"href":"https:\/\/enolife.com.ar\/es\/wp-json\/wp\/v2\/categories?post=146749"},{"taxonomy":"post_tag","embeddable":true,"href":"https:\/\/enolife.com.ar\/es\/wp-json\/wp\/v2\/tags?post=146749"}],"curies":[{"name":"wp","href":"https:\/\/api.w.org\/{rel}","templated":true}]}}