{"id":146737,"date":"2025-05-20T18:33:38","date_gmt":"2025-05-20T18:33:38","guid":{"rendered":"https:\/\/enolife.com.ar\/es\/?p=146737"},"modified":"2025-05-21T15:14:32","modified_gmt":"2025-05-21T15:14:32","slug":"el-lider-de-fecovita-de-mendoza-es-el-nuevo-presidente-del-foro-mundial-de-cooperativas-vitivinicolas","status":"publish","type":"post","link":"https:\/\/enolife.com.ar\/es\/el-lider-de-fecovita-de-mendoza-es-el-nuevo-presidente-del-foro-mundial-de-cooperativas-vitivinicolas\/","title":{"rendered":"El l\u00edder de Fecovita de Mendoza es el nuevo presidente del Foro Mundial de Cooperativas Vitivin\u00edcolas"},"content":{"rendered":"\n<h4 class=\"wp-block-heading\"><em><strong>Rub\u00e9n Panella, el mendocino que preside la Federaci\u00f3n de Cooperativas Vitivin\u00edcolas de Argentina (Fecovita) estar\u00e1 al frente de la poderosa organizaci\u00f3n internacional hasta 2026. Reemplaza en ese cargo al espa\u00f1ol Ignacio Mart\u00edn Obreg\u00f3n. El objetivo declarado de la entidad es generar alianzas estrat\u00e9gicas para mejorar la competitividad en el mercado global, a trav\u00e9s de un comercio justo y equitativo para productores y consumidores.<\/strong><\/em><\/h4>\n\n\n\n<div style=\"height:35px\" aria-hidden=\"true\" class=\"wp-block-spacer\"><\/div>\n\n\n<a href=\"https:\/\/estanciamendoza.com.ar\/es\/\" aria-label=\"Copia de BEM &#8211; Banner adaptaciones diario digital_BEM &#8211; Banner Enolife &#8211; 1700&#215;500\"><img loading=\"lazy\" decoding=\"async\" src=\"https:\/\/enolife.com.ar\/es\/wp-content\/uploads\/2019\/07\/Copia-de-BEM-Banner-adaptaciones-diario-digital_BEM-Banner-Enolife-1700x500-1.jpg\" alt=\"\"  srcset=\"https:\/\/enolife.com.ar\/es\/wp-content\/uploads\/2019\/07\/Copia-de-BEM-Banner-adaptaciones-diario-digital_BEM-Banner-Enolife-1700x500-1.jpg 1700w, https:\/\/enolife.com.ar\/es\/wp-content\/uploads\/2019\/07\/Copia-de-BEM-Banner-adaptaciones-diario-digital_BEM-Banner-Enolife-1700x500-1-300x88.jpg 300w, https:\/\/enolife.com.ar\/es\/wp-content\/uploads\/2019\/07\/Copia-de-BEM-Banner-adaptaciones-diario-digital_BEM-Banner-Enolife-1700x500-1-1024x301.jpg 1024w, https:\/\/enolife.com.ar\/es\/wp-content\/uploads\/2019\/07\/Copia-de-BEM-Banner-adaptaciones-diario-digital_BEM-Banner-Enolife-1700x500-1-768x226.jpg 768w, https:\/\/enolife.com.ar\/es\/wp-content\/uploads\/2019\/07\/Copia-de-BEM-Banner-adaptaciones-diario-digital_BEM-Banner-Enolife-1700x500-1-1536x452.jpg 1536w, https:\/\/enolife.com.ar\/es\/wp-content\/uploads\/2019\/07\/Copia-de-BEM-Banner-adaptaciones-diario-digital_BEM-Banner-Enolife-1700x500-1-1170x344.jpg 1170w, https:\/\/enolife.com.ar\/es\/wp-content\/uploads\/2019\/07\/Copia-de-BEM-Banner-adaptaciones-diario-digital_BEM-Banner-Enolife-1700x500-1-585x172.jpg 585w\" sizes=\"auto, (max-width: 1700px) 100vw, 1700px\" width=\"1700\" height=\"500\"   \/><\/a>\n\n\n<div style=\"height:45px\" aria-hidden=\"true\" class=\"wp-block-spacer\"><\/div>\n\n\n\n<p><strong>Rub\u00e9n Panella <\/strong>fue elegido presidente del <strong>Foro Mundial de Cooperativas Vitivin\u00edcolas <\/strong>en la reuni\u00f3n anual realizada en <strong>Rio Grande do Sul, Brasil,<\/strong> y suceder\u00e1 al presidente saliente, <strong>Ignacio Mart\u00edn Obreg\u00f3n<\/strong>, del grupo espa\u00f1ol <strong>Cuatro Rayas.<\/strong> Respecto a su designaci\u00f3n, Panella coment\u00f3: <em>\u201cMart\u00edn hizo una muy buena gesti\u00f3n, d\u00e1ndole institucionalidad al Foro, ordenando todas las formalidades de la instituci\u00f3n, desde el estatuto hasta el sistema de aportes para sostenerlo.\u201d<\/em><\/p>\n\n\n\n<div style=\"height:18px\" aria-hidden=\"true\" class=\"wp-block-spacer\"><\/div>\n\n\n\n<h3 class=\"wp-block-heading has-vivid-red-color has-text-color has-link-color wp-elements-e83f40fd7367558aad01dbc249230e19\">En la reuni\u00f3n de Brasil se design\u00f3 a Mendoza como sede del Foro para 2027.<\/h3>\n\n\n\n<div style=\"height:20px\" aria-hidden=\"true\" class=\"wp-block-spacer\"><\/div>\n\n\n\n<p>El Foro naci\u00f3 en <strong>2011 <\/strong>y est\u00e1 conformado por cooperativas vitivin\u00edcolas de <strong>Italia, Espa\u00f1a, Portugal, Australia, Chile, Uruguay, Brasil y Argentina<\/strong>, con el prop\u00f3sito de generar alianzas estrat\u00e9gicas para mejorar la competitividad en el mercado global, a trav\u00e9s de un comercio justo y equitativo para productores y consumidores,\u00a0bajo el paradigma de la sostenibilidad econ\u00f3mica, social y medioambiental.<\/p>\n\n\n\n<div style=\"height:30px\" aria-hidden=\"true\" class=\"wp-block-spacer\"><\/div>\n\n\n<div class=\"wp-block-image\">\n<figure class=\"aligncenter size-full is-resized\"><a href=\"https:\/\/enolife.com.ar\/es\/wp-content\/uploads\/2025\/05\/WhatsApp-Image-2025-05-20-at-09.28.13.jpeg\" data-rel=\"penci-gallery-image-content\" ><img loading=\"lazy\" decoding=\"async\" width=\"902\" height=\"500\" src=\"https:\/\/enolife.com.ar\/es\/wp-content\/uploads\/2025\/05\/WhatsApp-Image-2025-05-20-at-09.28.13.jpeg\" alt=\"\" class=\"wp-image-146742\" style=\"width:600px;height:auto\" srcset=\"https:\/\/enolife.com.ar\/es\/wp-content\/uploads\/2025\/05\/WhatsApp-Image-2025-05-20-at-09.28.13.jpeg 902w, https:\/\/enolife.com.ar\/es\/wp-content\/uploads\/2025\/05\/WhatsApp-Image-2025-05-20-at-09.28.13-300x166.jpeg 300w, https:\/\/enolife.com.ar\/es\/wp-content\/uploads\/2025\/05\/WhatsApp-Image-2025-05-20-at-09.28.13-768x426.jpeg 768w, https:\/\/enolife.com.ar\/es\/wp-content\/uploads\/2025\/05\/WhatsApp-Image-2025-05-20-at-09.28.13-585x324.jpeg 585w\" sizes=\"auto, (max-width: 902px) 100vw, 902px\" \/><\/a><\/figure><\/div>\n\n\n<div style=\"height:30px\" aria-hidden=\"true\" class=\"wp-block-spacer\"><\/div>\n\n\n\n<p>Las cooperativas producen el<strong> 60% del vino del mundo, pero s\u00f3lo comercializan el 10%,<\/strong> dejando la mayor rentabilidad en empresas comercializadores, mientras que el productor no recibe la renta que necesita para ser sostenible. Sobre este tema, el presidente electo dijo: <em>\u201cDebemos darle viabilidad y sostenibilidad en el tiempo al productor primario. Para esto debemos generar marcas que nos representen y que el consumidor lo reconozca.<\/em> <\/p>\n\n\n\n<p>El foro impulsa una campa\u00f1a para que todos sus miembros agreguen en sus etiquetas el slogan <strong><em>\u201cDesde la vi\u00f1a al consumidor en un solo paso\u201d<\/em><\/strong>, con el objetivo de fortalecer la comercializaci\u00f3n directa de las cooperativas que integran la entidad.<\/p>\n\n\n\n<div style=\"height:35px\" aria-hidden=\"true\" class=\"wp-block-spacer\"><\/div>\n\n\n<div class=\"wp-block-image\">\n<figure class=\"aligncenter size-full is-resized\"><a href=\"https:\/\/enolife.com.ar\/es\/wp-content\/uploads\/2025\/05\/WhatsApp-Image-2025-05-20-at-09.28.21.jpeg\" data-rel=\"penci-gallery-image-content\" ><img loading=\"lazy\" decoding=\"async\" width=\"863\" height=\"500\" src=\"https:\/\/enolife.com.ar\/es\/wp-content\/uploads\/2025\/05\/WhatsApp-Image-2025-05-20-at-09.28.21.jpeg\" alt=\"\" class=\"wp-image-146746\" style=\"width:568px;height:auto\" srcset=\"https:\/\/enolife.com.ar\/es\/wp-content\/uploads\/2025\/05\/WhatsApp-Image-2025-05-20-at-09.28.21.jpeg 863w, https:\/\/enolife.com.ar\/es\/wp-content\/uploads\/2025\/05\/WhatsApp-Image-2025-05-20-at-09.28.21-300x174.jpeg 300w, https:\/\/enolife.com.ar\/es\/wp-content\/uploads\/2025\/05\/WhatsApp-Image-2025-05-20-at-09.28.21-768x445.jpeg 768w, https:\/\/enolife.com.ar\/es\/wp-content\/uploads\/2025\/05\/WhatsApp-Image-2025-05-20-at-09.28.21-585x339.jpeg 585w\" sizes=\"auto, (max-width: 863px) 100vw, 863px\" \/><\/a><figcaption class=\"wp-element-caption\"><em><strong>El mendocino Rub\u00e9n Panella<\/strong><\/em><strong><em>.<\/em><\/strong><\/figcaption><\/figure><\/div>\n\n\n<div style=\"height:30px\" aria-hidden=\"true\" class=\"wp-block-spacer\"><\/div>\n\n\n\n<p>Sobre su designaci\u00f3n, Panella agreg\u00f3: <em>\u201cEs un orgullo para m\u00ed y para Fecovita estar al frente del Foro y con todo el equipo trabajaremos para cumplir los objetivos que nos hemos propuesto en la reuni\u00f3n mantenida hoy en Rio Grande Do Sul.\u201d<\/em> <\/p>\n\n\n\n<p>Los integrantes del Foro acordaron tres ejes de trabajo muy claros para hacer foco en los pr\u00f3ximos dos a\u00f1os: <strong>Intercambios de conocimientos, buenas pr\u00e1cticas y acuerdo comerciales<\/strong>; <strong>la defensa de la vitivinicultura y del cooperativismo en los organismo nacionales e internacionales<\/strong>; y <strong>mejorar los canales de comunicaci\u00f3n entre todos los miembros<\/strong>.<\/p>\n\n\n\n<div style=\"height:30px\" aria-hidden=\"true\" class=\"wp-block-spacer\"><\/div>\n","protected":false},"excerpt":{"rendered":"<p>Rub\u00e9n Panella, el mendocino que preside la Federaci\u00f3n de Cooperativas Vitivin\u00edcolas de Argentina (Fecovita) estar\u00e1&hellip;<\/p>\n","protected":false},"author":2,"featured_media":146748,"comment_status":"open","ping_status":"open","sticky":false,"template":"","format":"standard","meta":{"footnotes":""},"categories":[14],"tags":[],"class_list":["post-146737","post","type-post","status-publish","format-standard","has-post-thumbnail","hentry","category-news"],"_links":{"self":[{"href":"https:\/\/enolife.com.ar\/es\/wp-json\/wp\/v2\/posts\/146737","targetHints":{"allow":["GET"]}}],"collection":[{"href":"https:\/\/enolife.com.ar\/es\/wp-json\/wp\/v2\/posts"}],"about":[{"href":"https:\/\/enolife.com.ar\/es\/wp-json\/wp\/v2\/types\/post"}],"author":[{"embeddable":true,"href":"https:\/\/enolife.com.ar\/es\/wp-json\/wp\/v2\/users\/2"}],"replies":[{"embeddable":true,"href":"https:\/\/enolife.com.ar\/es\/wp-json\/wp\/v2\/comments?post=146737"}],"version-history":[{"count":0,"href":"https:\/\/enolife.com.ar\/es\/wp-json\/wp\/v2\/posts\/146737\/revisions"}],"wp:featuredmedia":[{"embeddable":true,"href":"https:\/\/enolife.com.ar\/es\/wp-json\/wp\/v2\/media\/146748"}],"wp:attachment":[{"href":"https:\/\/enolife.com.ar\/es\/wp-json\/wp\/v2\/media?parent=146737"}],"wp:term":[{"taxonomy":"category","embeddable":true,"href":"https:\/\/enolife.com.ar\/es\/wp-json\/wp\/v2\/categories?post=146737"},{"taxonomy":"post_tag","embeddable":true,"href":"https:\/\/enolife.com.ar\/es\/wp-json\/wp\/v2\/tags?post=146737"}],"curies":[{"name":"wp","href":"https:\/\/api.w.org\/{rel}","templated":true}]}}