{"id":146693,"date":"2025-05-20T00:11:09","date_gmt":"2025-05-20T00:11:09","guid":{"rendered":"https:\/\/enolife.com.ar\/es\/?p=146693"},"modified":"2025-05-21T14:47:39","modified_gmt":"2025-05-21T14:47:39","slug":"el-vino-y-el-zodiaco-la-astrologa-ludovica-squirru-abre-el-ciclo-de-literatura-y-filosofia-por-las-bodegas","status":"publish","type":"post","link":"https:\/\/enolife.com.ar\/es\/el-vino-y-el-zodiaco-la-astrologa-ludovica-squirru-abre-el-ciclo-de-literatura-y-filosofia-por-las-bodegas\/","title":{"rendered":"El vino y el zod\u00edaco: la astr\u00f3loga Ludovica Squirru abre el ciclo de literatura y filosof\u00eda por las bodegas"},"content":{"rendered":"\n<h4 class=\"wp-block-heading\"><em><strong>Con una charla de la reconocida especialista argentina en Hor\u00f3scopo Chino y escritora, arranca el 23 de mayo de 2025 a las 18hs en la Bodega Vinorum de Luj\u00e1n de Cuyo, Mendoza, el ciclo \u00abAutores por los Caminos del Vino\u00bb. Este atractivo programa se suma a los ciclos de M\u00fasica Cl\u00e1sica y Tango por los Caminos del Vino y agrega valor a las posibilidades del enoturismo en la provincia.<\/strong><\/em><\/h4>\n\n\n\n<div style=\"height:35px\" aria-hidden=\"true\" class=\"wp-block-spacer\"><\/div>\n\n\n\n\n\n<div style=\"height:45px\" aria-hidden=\"true\" class=\"wp-block-spacer\"><\/div>\n\n\n<div class=\"wp-block-image\">\n<figure class=\"alignleft size-full is-resized\"><a href=\"https:\/\/enolife.com.ar\/es\/wp-content\/uploads\/2025\/05\/Flyer-Autores-Ludovica.jpeg\" data-rel=\"penci-gallery-image-content\" ><img loading=\"lazy\" decoding=\"async\" width=\"400\" height=\"699\" src=\"https:\/\/enolife.com.ar\/es\/wp-content\/uploads\/2025\/05\/Flyer-Autores-Ludovica.jpeg\" alt=\"\" class=\"wp-image-146696\" style=\"width:290px;height:auto\" srcset=\"https:\/\/enolife.com.ar\/es\/wp-content\/uploads\/2025\/05\/Flyer-Autores-Ludovica.jpeg 400w, https:\/\/enolife.com.ar\/es\/wp-content\/uploads\/2025\/05\/Flyer-Autores-Ludovica-172x300.jpeg 172w\" sizes=\"auto, (max-width: 400px) 100vw, 400px\" \/><\/a><\/figure><\/div>\n\n\n<p>La conocida astr\u00f3loga y escritora nacida en la provincia argentina de Buenos Aires, <strong>Ludovica Squirru<\/strong> (69), ser\u00e1 la encargada de inaugurar el ciclo cultural y vitivin\u00edcola <strong>\u00abAutores por los Caminos del Vino\u00bb<\/strong>, el <strong>23 de mayo a las 18 hs en la Bodega Vinorum<\/strong>.<\/p>\n\n\n\n<p>En esta original actividad, reconocidos autores de los \u00e1mbitos de la literatura, la filosof\u00eda y el periodismo argentino expondr\u00e1n su pensamiento en charlas de formato participativo con los asistentes en las bodegas y escenarios patrimoniales de la vitivinicultura. Una experiencia que une la palabra, el vino y los paisajes mendocinos.<\/p>\n\n\n\n<p>Entre los escritores anunciados por la organizaci\u00f3n, figuran <strong>Ludovica Squirru, Dar\u00edo Sztajnszrajber, Soledad Barruti, Florencia Canale, Conrado Estol, Hugo Alconada Mon<\/strong>. Todos ellos protagonizar\u00e1n en Mendoza este ciclo que agrega valor a los Caminos del Vino de la provincia.<\/p>\n\n\n\n<p>Con al acompa\u00f1amiento y auspicio de <strong>Caminos del Vino de Bodegas de Argentina<\/strong>, se trata de una propuesta que conjuga el pensamiento, la industria editorial y el poder de comunicaci\u00f3n de los escritores con el entorno de las bodegas mendocinas, fortaleciendo el v\u00ednculo entre cultura y enoturismo.<\/p>\n\n\n\n<p>La primera cita ser\u00e1 el viernes 23 de mayo, a las 18, en Bodega Vinorum<strong>,<\/strong> en Luj\u00e1n de Cuyo, con la presentaci\u00f3n de Ludovica Squirru<strong>,<\/strong> escritora y m\u00e1xima referente del <strong>Hor\u00f3scopo Chino<\/strong>. Su mirada combina astrolog\u00eda oriental, filosof\u00eda y espiritualidad contempor\u00e1nea.<\/p>\n\n\n\n<div style=\"height:24px\" aria-hidden=\"true\" class=\"wp-block-spacer\"><\/div>\n\n\n<div class=\"wp-block-image\">\n<figure class=\"aligncenter size-full is-resized\"><a href=\"https:\/\/enolife.com.ar\/es\/wp-content\/uploads\/2025\/05\/Ludovica-foto-claudio-herdener-3-11.jpg\" data-rel=\"penci-gallery-image-content\" ><img loading=\"lazy\" decoding=\"async\" width=\"833\" height=\"680\" src=\"https:\/\/enolife.com.ar\/es\/wp-content\/uploads\/2025\/05\/Ludovica-foto-claudio-herdener-3-11.jpg\" alt=\"\" class=\"wp-image-146717\" style=\"width:625px;height:auto\" srcset=\"https:\/\/enolife.com.ar\/es\/wp-content\/uploads\/2025\/05\/Ludovica-foto-claudio-herdener-3-11.jpg 833w, https:\/\/enolife.com.ar\/es\/wp-content\/uploads\/2025\/05\/Ludovica-foto-claudio-herdener-3-11-300x245.jpg 300w, https:\/\/enolife.com.ar\/es\/wp-content\/uploads\/2025\/05\/Ludovica-foto-claudio-herdener-3-11-768x627.jpg 768w, https:\/\/enolife.com.ar\/es\/wp-content\/uploads\/2025\/05\/Ludovica-foto-claudio-herdener-3-11-585x478.jpg 585w\" sizes=\"auto, (max-width: 833px) 100vw, 833px\" \/><\/a><figcaption class=\"wp-element-caption\"><em><strong>La astr\u00f3loga y especialista en Hor\u00f3scopo Chino Ludovica Squirru.<\/strong><\/em><\/figcaption><\/figure><\/div>\n\n\n<div style=\"height:36px\" aria-hidden=\"true\" class=\"wp-block-spacer\"><\/div>\n\n\n\n<p>En este encuentro, Squirru compartir\u00e1 sus predicciones del <strong>Hor\u00f3scopo Chino 2025<\/strong>, a\u00f1o de la <strong>Serpiente de Madera<\/strong>, con una mirada profunda sobre los signos, los ciclos energ\u00e9ticos y los desaf\u00edos del nuevo tiempo. Ser\u00e1 una ocasi\u00f3n especial para que cada asistente explore c\u00f3mo percibe su futuro personal y de paso brinde en un entorno de vinos y conversaci\u00f3n.<\/p>\n\n\n\n<p class=\"has-background\" style=\"background-color:#abc2b054\"><strong>Entradas ya disponibles en: <a href=\"https:\/\/eventos.wineobs.com.ar\/event\/21409\">www.eventos.wineobs.com.ar<\/a> &#8211; Incluyen una copa de vino y una tapa gourmet.<\/strong><\/p>\n\n\n\n<p>La segunda charla del ciclo est\u00e1 programada para el s\u00e1bado 26 de julio, con la presencia del fil\u00f3sofo y divulgador <strong>Dar\u00edo Sztajnszrajber, junto a su pareja, la periodista Soledad Barruti<\/strong>,&nbsp;en Espacio Arizu (Godoy Cruz, Mendoza).<\/p>\n\n\n\n<div style=\"height:35px\" aria-hidden=\"true\" class=\"wp-block-spacer\"><\/div>\n\n\n\n<p class=\"has-medium-font-size\"><strong>Sobre el ciclo<\/strong><\/p>\n\n\n\n<p>El ciclo est\u00e1 organizado por&nbsp;<strong>Gustavo Flores Baz\u00e1n<\/strong>, productor cultural con amplia trayectoria en eventos del mundo del vino y la cultura, junto a&nbsp;<strong>Jimena Silvestri,&nbsp;<\/strong>productora de medios y gestora cultural. La moderaci\u00f3n de cada presentaci\u00f3n estar\u00e1 a cargo de&nbsp;<strong>Andr\u00e9s Gabrielli<\/strong>, referente del periodismo cultural mendocino, en un formato \u00edntimo, pensado para disfrutar del vino y las ideas. Asimismo, cuenta con el aporte de&nbsp;<strong>Walter Pav\u00f3n<\/strong>, gerente de Relaciones Institucionales y referente de&nbsp;<strong>Caminos del Vino de Bodegas de Argentina.<\/strong><\/p>\n\n\n\n<p><em>\u201cEsta propuesta literaria se suma a las ya existentes de m\u00fasica cl\u00e1sica, tango, arte, yoga y cine en los Caminos del Vino. Era una propuesta que faltaba. Las bodegas y escenarios patrimoniales del vino son espacios ideales para la difusi\u00f3n de la cultura, y esta sinergia fortalece el enoturismo y aporta una nueva dimensi\u00f3n a la experiencia del visitante\u201d<\/em>, se\u00f1al\u00f3&nbsp;<strong>Gustavo Flores Baz\u00e1n.<\/strong><\/p>\n\n\n\n<div style=\"height:30px\" aria-hidden=\"true\" class=\"wp-block-spacer\"><\/div>\n\n\n<div class=\"wp-block-image\">\n<figure class=\"aligncenter size-full is-resized\"><a href=\"https:\/\/enolife.com.ar\/es\/wp-content\/uploads\/2025\/05\/Dar\u251c\u00a1o-y-Sole.jpg\" data-rel=\"penci-gallery-image-content\" ><img loading=\"lazy\" decoding=\"async\" width=\"769\" height=\"492\" src=\"https:\/\/enolife.com.ar\/es\/wp-content\/uploads\/2025\/05\/Dar\u251c\u00a1o-y-Sole.jpg\" alt=\"\" class=\"wp-image-146698\" style=\"width:575px;height:auto\" srcset=\"https:\/\/enolife.com.ar\/es\/wp-content\/uploads\/2025\/05\/Dar\u251c\u00a1o-y-Sole.jpg 769w, https:\/\/enolife.com.ar\/es\/wp-content\/uploads\/2025\/05\/Dar\u251c\u00a1o-y-Sole-300x192.jpg 300w, https:\/\/enolife.com.ar\/es\/wp-content\/uploads\/2025\/05\/Dar\u251c\u00a1o-y-Sole-585x374.jpg 585w\" sizes=\"auto, (max-width: 769px) 100vw, 769px\" \/><\/a><figcaption class=\"wp-element-caption\"><em><strong>Dar\u00edo Sztajnszrajber y Soledad Barruti, protagonistas del segundo encuentro del ciclo<\/strong><\/em>.<\/figcaption><\/figure><\/div>\n\n\n<div style=\"height:30px\" aria-hidden=\"true\" class=\"wp-block-spacer\"><\/div>\n\n\n\n<p>El ciclo se inscribe dentro de las acciones culturales y enotur\u00edsticas promovidas por&nbsp;<strong>Bodegas de Argentina<\/strong>, con el respaldo institucional del&nbsp;<strong>Ente Mendoza Turismo (Emetur)<\/strong> y la&nbsp;<strong>Universidad Juan Agust\u00edn Maza<\/strong>. Acompa\u00f1an esta iniciativa la&nbsp;<strong>Municipalidad de Luj\u00e1n de Cuyo, Grupo Huentala, Ant\u00fc Espacio de Lectura, Kyros Aj\u00edes.<\/strong>&nbsp;Media partners:<strong>&nbsp;El Descorche Diario&nbsp;<\/strong>y<strong>&nbsp;Radio Nihuil.<\/strong><\/p>\n\n\n\n<p>Por su parte,&nbsp;<strong>Walter Pav\u00f3n<\/strong>, gerente de Relaciones Institucionales y referente de&nbsp;<strong>Caminos del Vino de Bodegas de Argentina,<\/strong>&nbsp;destac\u00f3&nbsp;<em>\u201cla importancia de contar con estas acciones, en este caso culturales, que agregan y refuerzan el valor y alta calidad a la experiencia enotur\u00edstica que se brinda desde todas las bodegas de los caminos del vino en conjunto con actores privados y p\u00fablicos\u201d.<\/em><\/p>\n\n\n\n<p>\u201cAutores por los Caminos del Vino\u201d&nbsp;propone un recorrido anual con autores que, desde distintas disciplinas -filosof\u00eda, periodismo, historia, astrolog\u00eda, ecolog\u00eda- abordan los grandes temas del presente, en espacios c\u00e1lidos y patrimoniales donde el vino y la conversaci\u00f3n se encuentran.<\/p>\n\n\n\n<p>El evento de prelanzamiento se realiz\u00f3 en noviembre de 2024 con la presentaci\u00f3n del periodista&nbsp;<strong>Osvaldo \u201cBebo\u201d Granados<\/strong>&nbsp;en Bodega&nbsp;<strong>Finca Bandini,<\/strong>&nbsp;Luj\u00e1n de Cuyo.<\/p>\n\n\n\n<div style=\"height:35px\" aria-hidden=\"true\" class=\"wp-block-spacer\"><\/div>\n\n\n\n<p class=\"has-medium-font-size\"><strong>Agenda 2025 \u2013 Autores por los Caminos del Vino<\/strong><\/p>\n\n\n\n<ul class=\"wp-block-list\">\n<li>Viernes 23 de mayo:&nbsp;<strong>Ludovica Squirru<\/strong>, en Bodega Vinorum (Luj\u00e1n de Cuyo, Mendoz, Argentina)<\/li>\n\n\n\n<li>S\u00e1bado 26 de julio:&nbsp;<strong>Dar\u00edo Sztajnszrajber y Soledad Barruti<\/strong>&nbsp;&#8211; Espacio Arizu (Godoy Cruz, Mendoza, Argentina)<\/li>\n\n\n\n<li>Agosto:&nbsp;<strong>Florencia Canale<\/strong>, historiadora<\/li>\n\n\n\n<li>Septiembre:&nbsp;<strong>Conrado Estol<\/strong>, m\u00e9dico<\/li>\n\n\n\n<li>Octubre:&nbsp;<strong>Hugo Alconada Mon<\/strong>, periodista<\/li>\n\n\n\n<li>Noviembre:&nbsp;<strong>Claudio Zuchovicki<\/strong>, economista (a confirmar)<\/li>\n<\/ul>\n\n\n\n<p class=\"has-background\" style=\"background-color:#abb7c238\"><strong>Contacto:<\/strong> Mail&nbsp;<strong><a href=\"mailto:autoresporloscaminosdelvino@gmail.com\">autoresporloscaminosdelvino@gmail.com<\/a><\/strong> &#8211; IG&nbsp;&nbsp;<strong><a href=\"https:\/\/www.instagram.com\/autores_xloscaminosdelvino\/\">@autores_xloscaminosdelvino<\/a><\/strong><\/p>\n\n\n\n<div style=\"height:30px\" aria-hidden=\"true\" class=\"wp-block-spacer\"><\/div>\n","protected":false},"excerpt":{"rendered":"<p>Con una charla de la reconocida especialista argentina en Hor\u00f3scopo Chino y escritora, arranca el&hellip;<\/p>\n","protected":false},"author":2,"featured_media":146704,"comment_status":"open","ping_status":"open","sticky":false,"template":"","format":"standard","meta":{"footnotes":""},"categories":[47,56],"tags":[],"class_list":["post-146693","post","type-post","status-publish","format-standard","has-post-thumbnail","hentry","category-agenda","category-destacado"],"_links":{"self":[{"href":"https:\/\/enolife.com.ar\/es\/wp-json\/wp\/v2\/posts\/146693","targetHints":{"allow":["GET"]}}],"collection":[{"href":"https:\/\/enolife.com.ar\/es\/wp-json\/wp\/v2\/posts"}],"about":[{"href":"https:\/\/enolife.com.ar\/es\/wp-json\/wp\/v2\/types\/post"}],"author":[{"embeddable":true,"href":"https:\/\/enolife.com.ar\/es\/wp-json\/wp\/v2\/users\/2"}],"replies":[{"embeddable":true,"href":"https:\/\/enolife.com.ar\/es\/wp-json\/wp\/v2\/comments?post=146693"}],"version-history":[{"count":0,"href":"https:\/\/enolife.com.ar\/es\/wp-json\/wp\/v2\/posts\/146693\/revisions"}],"wp:featuredmedia":[{"embeddable":true,"href":"https:\/\/enolife.com.ar\/es\/wp-json\/wp\/v2\/media\/146704"}],"wp:attachment":[{"href":"https:\/\/enolife.com.ar\/es\/wp-json\/wp\/v2\/media?parent=146693"}],"wp:term":[{"taxonomy":"category","embeddable":true,"href":"https:\/\/enolife.com.ar\/es\/wp-json\/wp\/v2\/categories?post=146693"},{"taxonomy":"post_tag","embeddable":true,"href":"https:\/\/enolife.com.ar\/es\/wp-json\/wp\/v2\/tags?post=146693"}],"curies":[{"name":"wp","href":"https:\/\/api.w.org\/{rel}","templated":true}]}}