{"id":146101,"date":"2025-05-14T01:12:08","date_gmt":"2025-05-14T01:12:08","guid":{"rendered":"https:\/\/enolife.com.ar\/es\/?p=146101"},"modified":"2025-05-16T17:03:42","modified_gmt":"2025-05-16T17:03:42","slug":"tucuman-sera-sede-de-la-mayor-expo-de-vinos-del-noa-argentino-de-la-uva-a-la-copa-el-30-y-31-5","status":"publish","type":"post","link":"https:\/\/enolife.com.ar\/es\/tucuman-sera-sede-de-la-mayor-expo-de-vinos-del-noa-argentino-de-la-uva-a-la-copa-el-30-y-31-5\/","title":{"rendered":"Tucum\u00e1n ser\u00e1 sede de la mayor expo de vinos del NOA argentino: \u00abDe la Uva a la Copa\u00bb, el 30 y 31\/5"},"content":{"rendered":"\n<h4 class=\"wp-block-heading\"><em><strong>En su primera edici\u00f3n, este encuentro aspira a transformarse en un hito en el \u00e1mbito enol\u00f3gico del Noroeste del pa\u00eds, porque reunir\u00e1 a unas 70 bodegas de al menos 11 provincias vitivin\u00edcolas. Adem\u00e1s de la muestra de vinos y la puesta en escena de servicios y equipamientos de empresas proveedoras de la industria vitivin\u00edcola, la feria ofrecer\u00e1 una serie de clases magistrales y conferencias a cargo de expertos del pa\u00eds y el exterior. Para el cierre de la primera jornada, se realizar\u00e1n una cena de gala a beneficio de una instituci\u00f3n solidaria tucumana y una pe\u00f1a folcl\u00f3rica. En esta entrevista, el organizador de la exposici\u00f3n, Walter Sanchez Loria, le cuenta a Enolife los objetivos y detalles de la exposici\u00f3n.<\/strong><\/em><\/h4>\n\n\n\n<div style=\"height:10px\" aria-hidden=\"true\" class=\"wp-block-spacer\"><\/div>\n\n\n\n\n\n<div style=\"height:35px\" aria-hidden=\"true\" class=\"wp-block-spacer\"><\/div>\n\n\n\n<p>Todo est\u00e1 listo en la hermosa e hist\u00f3rica ciudad de <strong>Tucum\u00e1n<\/strong>, al noroeste de Argentina, para recibir la primera edici\u00f3n de la exposici\u00f3n <strong>\u00abDe la uva a la copa\u00bb,<\/strong> que promete congregar a lo m\u00e1s destacado de la vitivinicultura nacional. Con unas <strong>70 bodegas presentes de al menos 11 de las 18 provincias vitivin\u00edcolas de Argentina,<\/strong> el encuentro, que tendr\u00e1 lugar en la <strong>Sociedad Rural de Tucum\u00e1n<\/strong>, ser\u00e1 una ocasi\u00f3n imperdible para conocer los vinos de las nuevas a\u00f1adas y tambi\u00e9n los cl\u00e1sicos de guarda. Al mismo tiempo, se ofrecer\u00e1n <em>master classes<\/em> de referentes de la enolog\u00eda y la industria y una cena de gala solidaria coronada con una cl\u00e1sica <strong>pe\u00f1a folcl\u00f3rica<\/strong>, infaltable en esta regi\u00f3n del pa\u00eds donde la tradici\u00f3n es un valor agregado y un tesoro regional.<\/p>\n\n\n\n<p>Para conocer m\u00e1s detalles del evento, <strong>Enolife<\/strong> entrevist\u00f3 al consultor especialista en M\u00e1rketing y Comunicaci\u00f3n Walter S\u00e1nchez Loria, principal organizador de la exposici\u00f3n.<\/p>\n\n\n\n<div style=\"height:20px\" aria-hidden=\"true\" class=\"wp-block-spacer\"><\/div>\n\n\n\n<p class=\"has-vivid-red-color has-text-color has-link-color wp-elements-372ebc990a6e4baadc9fe4e20a93fac1\"><strong>Enolife:<\/strong> <strong>-\u00bfCu\u00e1l es el objetivo y la expectativa de este encuentro, el primero de su tipo por su magnitud en el Noroeste argentino?<\/strong><\/p>\n\n\n\n<p><strong>-Walter S\u00e1nchez Loria: <\/strong>Proponemos una expo como un espacio inclusivo y accesible, donde todos puedan descubrir y disfrutar de la vitivinicultura en su m\u00e1xima expresi\u00f3n. Nos estamos esforzando por abarcar todos los aspectos que hacen \u00fanica a esta industria, desde la producci\u00f3n y la cultura hasta el impacto social y ambiental, tomando de relevancia ante todo el crecimiento del NOA en la vitivinicultura tanto nacional como internacional.<\/p>\n\n\n\n<div style=\"height:20px\" aria-hidden=\"true\" class=\"wp-block-spacer\"><\/div>\n\n\n\n<p class=\"has-vivid-red-color has-text-color has-link-color wp-elements-422f292b14cd3415eaef6f7190c59b1e\"><strong>-La industria vitivin\u00edcola de la regi\u00f3n noroeste de Argentina (NOA) viene creciendo constantemente, tanto en calidad de su vinos como en consumo y posibilidades de exportaci\u00f3n. \u00bfC\u00f3mo se inserta en este panorama este esfuerzo organizativo por reunir aqu\u00ed a lo mejor de la enolog\u00eda y la vitivinicultura, y qu\u00e9 se busca para el futuro inmediato?<\/strong><\/p>\n\n\n\n<p>-La idea es poder generar en Tucum\u00e1n, todos los a\u00f1os, un espacio de encuentro de profesionales, proveedores y todos los agentes involucrados del sector de la enolog\u00eda y la vitivinicultura, es decir todo lo que est\u00e1 relacionado en el mundo de la uva y por lo tanto, del vino. No se ha hecho nunca hasta ahora algo por el estilo y queremos, como apasionados de este tema, ser los primeros en destacar y resaltar el crecimiento de la regi\u00f3n.<\/p>\n\n\n\n<div style=\"height:35px\" aria-hidden=\"true\" class=\"wp-block-spacer\"><\/div>\n\n\n\n<figure class=\"wp-block-embed is-type-video is-provider-youtube wp-block-embed-youtube wp-embed-aspect-16-9 wp-has-aspect-ratio\"><div class=\"wp-block-embed__wrapper\">\nhttps:\/\/www.youtube.com\/watch?v=umtDCFzOmHw&#038;list=TLGGk7GOKwGywTIxMzA1MjAyNQ\n<\/div><\/figure>\n\n\n\n<div style=\"height:45px\" aria-hidden=\"true\" class=\"wp-block-spacer\"><\/div>\n\n\n\n<p class=\"has-vivid-red-color has-text-color has-link-color wp-elements-02b0a5e8ca7bd0eec3577ce9e81fe307\"><strong>-C\u00f3mo ha sido la convocatoria en los sectores empresarios e institucionales?<\/strong><\/p>\n\n\n\n<p>-Ya hay un importante n\u00famero de empresas e instituciones que han confirmado su presencia y que han superado ampliamente nuestras expectativas iniciales. El evento cuenta con el aval no s\u00f3lo del gobierno y la legislatura tucumana, sino tambi\u00e9n de la <strong>Universidad Nacional de Tucum\u00e1n <\/strong>y la <strong>C\u00e1mara de Bodegas y Vi\u00f1edos de Tucum\u00e1n<\/strong> entre otras instituciones destacadas.<\/p>\n\n\n\n<div style=\"height:35px\" aria-hidden=\"true\" class=\"wp-block-spacer\"><\/div>\n\n\n\n<p class=\"has-medium-font-size\"><strong>Clases magistrales, stands y cena solidaria con pe\u00f1a folcl\u00f3rica, los tres ejes<\/strong><\/p>\n\n\n\n<p>El evento contar\u00e1 con<strong> tres momentos bien definidos<\/strong> y planteados para generar, en conjunto, una experiencia relevante. El primer momento ser\u00e1 un<strong> espacio acad\u00e9mico<\/strong> donde se brindar\u00e1n interesantes clases magistrales y conferencias de profesionales en el \u00e1mbito de la <strong>enolog\u00eda<\/strong>, el <strong>packaging<\/strong> y la <strong>vitivinicultura <\/strong>en general que se combinar\u00e1n con charlas con diferentes referentes del sector tanto a nivel local como nacional e internacional.<\/p>\n\n\n\n<div style=\"height:15px\" aria-hidden=\"true\" class=\"wp-block-spacer\"><\/div>\n\n\n\n<p class=\"has-vivid-red-color has-text-color has-link-color wp-elements-aed1dee1870eabf90cd0483f3cdab6a1\"><strong>-\u00bfQu\u00e9 rol tendr\u00e1n las masterclasses dentro de la expo?<\/strong><\/p>\n\n\n\n<p>-La parte acad\u00e9mica es la principal ancla del evento. Entendemos que el conocimiento es fundamental tanto para todo el ambiente vitivin\u00edcola de la regi\u00f3n como para el p\u00fablico y los empresarios de las once provincias que nos visitar\u00e1n. Sumado a ello, poder traer a los principales disertantes de los temas del quehacer enol\u00f3gico a Tucum\u00e1n es sumamente relevante porque vamos a poder generar un espacio \u00fanico para pensar, reflexionar, discutir, hacer <em>networking<\/em> y todo lo que genera el encuentro presencial.<\/p>\n\n\n\n<div style=\"height:35px\" aria-hidden=\"true\" class=\"wp-block-spacer\"><\/div>\n\n\n<div class=\"wp-block-image\">\n<figure class=\"aligncenter size-large is-resized\"><a href=\"https:\/\/enolife.com.ar\/es\/wp-content\/uploads\/2025\/05\/1200x800_sociedad-rural-tucuman-reclama-fin-retenciones-1082743-193136.jpg\" data-rel=\"penci-gallery-image-content\" ><img loading=\"lazy\" decoding=\"async\" width=\"1024\" height=\"618\" src=\"https:\/\/enolife.com.ar\/es\/wp-content\/uploads\/2025\/05\/1200x800_sociedad-rural-tucuman-reclama-fin-retenciones-1082743-193136-1024x618.jpg\" alt=\"\" class=\"wp-image-146108\" style=\"width:623px;height:auto\" srcset=\"https:\/\/enolife.com.ar\/es\/wp-content\/uploads\/2025\/05\/1200x800_sociedad-rural-tucuman-reclama-fin-retenciones-1082743-193136-1024x618.jpg 1024w, https:\/\/enolife.com.ar\/es\/wp-content\/uploads\/2025\/05\/1200x800_sociedad-rural-tucuman-reclama-fin-retenciones-1082743-193136-300x181.jpg 300w, https:\/\/enolife.com.ar\/es\/wp-content\/uploads\/2025\/05\/1200x800_sociedad-rural-tucuman-reclama-fin-retenciones-1082743-193136-768x464.jpg 768w, https:\/\/enolife.com.ar\/es\/wp-content\/uploads\/2025\/05\/1200x800_sociedad-rural-tucuman-reclama-fin-retenciones-1082743-193136-585x353.jpg 585w, https:\/\/enolife.com.ar\/es\/wp-content\/uploads\/2025\/05\/1200x800_sociedad-rural-tucuman-reclama-fin-retenciones-1082743-193136.jpg 1135w\" sizes=\"auto, (max-width: 1024px) 100vw, 1024px\" \/><\/a><\/figure><\/div>\n\n\n<div style=\"height:35px\" aria-hidden=\"true\" class=\"wp-block-spacer\"><\/div>\n\n\n\n<p class=\"has-vivid-red-color has-text-color has-link-color wp-elements-515229c844a16621c62c602c36cb52bd\"><strong>-Cu\u00e1les ser\u00e1n los otros ejes de la actividad?<\/strong><\/p>\n\n\n\n<p>El segundo espacio son los stand. All\u00ed cada empresa e instituci\u00f3n podr\u00e1 promover sus productos y servicios. Hasta el momento contamos con delegaciones de 11 provincias, m\u00e1s de 70 bodegas, comercializadoras y distribuidoras que ya han confirmado su presencia y, por si fuera poco, estar\u00e1n presentes importantes instituciones p\u00fablicas y semip\u00fablicas de la Argentina como <strong>Fecovita<\/strong> o el <strong>Consejo Profesional de Graduados en Enolog\u00eda de Mendoza (Copgrem) <\/strong>que dir\u00e1n presentes no s\u00f3lo enviando a sus principales responsables sino tambi\u00e9n planteando masterclass y charlas que generar\u00e1n un hito en este sector.<\/p>\n\n\n\n<p>Pero no s\u00f3lo lo acad\u00e9mico o comercial ser\u00e1 de la partida de esta primera edici\u00f3n, sino que tambi\u00e9n habr\u00e1 un espacio para la solidaridad en conjunci\u00f3n con la cultura y el arte&#8230; Hemos planteado dos eventos m\u00e1s all\u00e1 del principal que tendr\u00e1n como objetivo busca hacer una diferencia en la comunidad al apoyar una noble causa y a la vez brindarle, a cada persona que sea parte de la expo, un momento que entrelace la danza, el arte, en definitiva la cultura folcl\u00f3rica argentina. As\u00ed, al t\u00e9rmino de la primera jornada habr\u00e1 una <strong>Cena de Gala<\/strong> donde lo recaudado de las entradas ser\u00e1 destinado a beneficencia de la<strong> Fundaci\u00f3n tucumana Un Mundo Diferente<\/strong> y luego, en la \u00faltima noche se ha previsto una <strong>Pe\u00f1a Folcl\u00f3rica<\/strong> donde se celebrar\u00e1 el vino y el folclore de la regi\u00f3n y del pa\u00eds, con la presencia de artistas consagrados nacionalmente.<\/p>\n\n\n\n<div style=\"height:19px\" aria-hidden=\"true\" class=\"wp-block-spacer\"><\/div>\n\n\n\n<p class=\"has-vivid-red-color has-text-color has-link-color wp-elements-721ff5ad5703ef3cbdce7f0b5ee181bc\"><strong>-C\u00f3mo impacta esta convocatoria en la regi\u00f3n y c\u00f3mo ha sido el trabajo conjunto entre las instituciones p\u00fablicas y las empresas privadas?<\/strong><\/p>\n\n\n\n<p>-Estamos teniendo muy buena recepci\u00f3n de todos los sectores y vemos con muy buenos ojos c\u00f3mo lo p\u00fablico y lo privado se est\u00e1n combinando en un maridaje perfecto con el objetivo de posicionar un nuevo espacio para el vino y la industria del vino argentino ahora en el NOA.<\/p>\n\n\n\n<div style=\"height:19px\" aria-hidden=\"true\" class=\"wp-block-spacer\"><\/div>\n\n\n\n<p class=\"has-background\" style=\"background-color:#abb7c25e\"><strong>Para participar o conocer m\u00e1s sobre el encuentro, los interesados pueden acceder a: <a href=\"mailto:contacto@winexpoduc.com\">contacto@winexpoduc.com<\/a> o al sitio web: <a href=\"http:\/\/winexpoduc.com\">winexpoduc.com<\/a><\/strong><\/p>\n\n\n\n<div style=\"height:30px\" aria-hidden=\"true\" class=\"wp-block-spacer\"><\/div>\n\n\n\n\n\n<div style=\"height:100px\" aria-hidden=\"true\" class=\"wp-block-spacer\"><\/div>\n","protected":false},"excerpt":{"rendered":"<p>En su primera edici\u00f3n, este encuentro aspira a transformarse en un hito en el \u00e1mbito&hellip;<\/p>\n","protected":false},"author":2,"featured_media":146110,"comment_status":"open","ping_status":"open","sticky":false,"template":"","format":"standard","meta":{"footnotes":""},"categories":[10],"tags":[],"class_list":["post-146101","post","type-post","status-publish","format-standard","has-post-thumbnail","hentry","category-ferias"],"_links":{"self":[{"href":"https:\/\/enolife.com.ar\/es\/wp-json\/wp\/v2\/posts\/146101","targetHints":{"allow":["GET"]}}],"collection":[{"href":"https:\/\/enolife.com.ar\/es\/wp-json\/wp\/v2\/posts"}],"about":[{"href":"https:\/\/enolife.com.ar\/es\/wp-json\/wp\/v2\/types\/post"}],"author":[{"embeddable":true,"href":"https:\/\/enolife.com.ar\/es\/wp-json\/wp\/v2\/users\/2"}],"replies":[{"embeddable":true,"href":"https:\/\/enolife.com.ar\/es\/wp-json\/wp\/v2\/comments?post=146101"}],"version-history":[{"count":0,"href":"https:\/\/enolife.com.ar\/es\/wp-json\/wp\/v2\/posts\/146101\/revisions"}],"wp:featuredmedia":[{"embeddable":true,"href":"https:\/\/enolife.com.ar\/es\/wp-json\/wp\/v2\/media\/146110"}],"wp:attachment":[{"href":"https:\/\/enolife.com.ar\/es\/wp-json\/wp\/v2\/media?parent=146101"}],"wp:term":[{"taxonomy":"category","embeddable":true,"href":"https:\/\/enolife.com.ar\/es\/wp-json\/wp\/v2\/categories?post=146101"},{"taxonomy":"post_tag","embeddable":true,"href":"https:\/\/enolife.com.ar\/es\/wp-json\/wp\/v2\/tags?post=146101"}],"curies":[{"name":"wp","href":"https:\/\/api.w.org\/{rel}","templated":true}]}}