{"id":145911,"date":"2025-05-09T21:03:10","date_gmt":"2025-05-09T21:03:10","guid":{"rendered":"https:\/\/enolife.com.ar\/es\/?p=145911"},"modified":"2025-05-10T12:21:46","modified_gmt":"2025-05-10T12:21:46","slug":"el-hub-logistico-mendoza-brasil-se-presento-en-sociedad-junto-a-14-bodegas-en-bento-goncalves","status":"publish","type":"post","link":"https:\/\/enolife.com.ar\/es\/el-hub-logistico-mendoza-brasil-se-presento-en-sociedad-junto-a-14-bodegas-en-bento-goncalves\/","title":{"rendered":"El hub log\u00edstico Mendoza-Brasil se present\u00f3 en sociedad junto a 14 bodegas en Bento Gon\u00e7alves"},"content":{"rendered":"\n<h4 class=\"wp-block-heading\"><em><strong>Con la organizaci\u00f3n de ProMendoza -la agencia gubernamental de promoci\u00f3n de los productos de la provincia en el mundo- 14 reconocidas  bodegas locales mostraron sus productos y avanzaron en la posibilidad de concretar negocios en la feria Wine South America. En el encuentro en la ciudad conocida como la capital del vino de Brasil, tambi\u00e9n mont\u00f3 un stand y puso en escena sus operaciones el nuevo hub log\u00edstico que acopia productos mendocinos con el objetivo de venderlos con m\u00e1s fluidez en el mercado del pa\u00eds hermano.<\/strong><\/em><\/h4>\n\n\n\n<div style=\"height:35px\" aria-hidden=\"true\" class=\"wp-block-spacer\"><\/div>\n\n\n\n\n\n<div style=\"height:45px\" aria-hidden=\"true\" class=\"wp-block-spacer\"><\/div>\n\n\n\n<p><strong>Mendoza<\/strong> tuvo una destacada presencia en la feria <strong>Wine South America<\/strong>, realizada del 6 al 8 de mayo en Bento Gon\u00e7alves, ciudad conocida como la<strong> capital del vino en Brasil.<\/strong><\/p>\n\n\n\n<p>La participaci\u00f3n, coordinada por <strong>ProMendoza<\/strong>, incluy\u00f3 a <strong>14 bodegas mendocinas<\/strong> que calificaron la experiencia de exitosa, por la calidad de los contactos realizados y las oportunidades de negocio generadas.<\/p>\n\n\n\n<p><em>\u201cCada bodega tuvo al menos cinco reuniones por jornada, en un total de m\u00e1s de ochenta encuentros de negocios. Esta feria es la \u00fanica que ofrece rondas de negocios en Brasil, lo que la vuelve sumamente \u00fatil, sobre todo para aquellas bodegas que buscan entrar al mercado brasile\u00f1o sin contar a\u00fan con un importador\u201d<\/em>, se\u00f1al\u00f3 <strong>Gustavo Calandra, <\/strong>de ProMendoza.<\/p>\n\n\n\n<div style=\"height:30px\" aria-hidden=\"true\" class=\"wp-block-spacer\"><\/div>\n\n\n\n<figure class=\"wp-block-gallery has-nested-images columns-default is-cropped wp-block-gallery-1 is-layout-flex wp-block-gallery-is-layout-flex\">\n<figure class=\"wp-block-image size-full\"><a href=\"https:\/\/enolife.com.ar\/es\/wp-content\/uploads\/2025\/05\/3-1.jpg\" data-rel=\"penci-gallery-image-content\" ><img loading=\"lazy\" decoding=\"async\" width=\"400\" height=\"388\" data-id=\"145918\" src=\"https:\/\/enolife.com.ar\/es\/wp-content\/uploads\/2025\/05\/3-1.jpg\" alt=\"\" class=\"wp-image-145918\" srcset=\"https:\/\/enolife.com.ar\/es\/wp-content\/uploads\/2025\/05\/3-1.jpg 400w, https:\/\/enolife.com.ar\/es\/wp-content\/uploads\/2025\/05\/3-1-300x291.jpg 300w\" sizes=\"auto, (max-width: 400px) 100vw, 400px\" \/><\/a><\/figure>\n\n\n\n<figure class=\"wp-block-image size-full\"><a href=\"https:\/\/enolife.com.ar\/es\/wp-content\/uploads\/2025\/05\/4.jpeg\" data-rel=\"penci-gallery-image-content\" ><img loading=\"lazy\" decoding=\"async\" width=\"364\" height=\"362\" data-id=\"145919\" src=\"https:\/\/enolife.com.ar\/es\/wp-content\/uploads\/2025\/05\/4.jpeg\" alt=\"\" class=\"wp-image-145919\" srcset=\"https:\/\/enolife.com.ar\/es\/wp-content\/uploads\/2025\/05\/4.jpeg 364w, https:\/\/enolife.com.ar\/es\/wp-content\/uploads\/2025\/05\/4-300x298.jpeg 300w, https:\/\/enolife.com.ar\/es\/wp-content\/uploads\/2025\/05\/4-150x150.jpeg 150w\" sizes=\"auto, (max-width: 364px) 100vw, 364px\" \/><\/a><\/figure>\n<\/figure>\n\n\n\n<div style=\"height:30px\" aria-hidden=\"true\" class=\"wp-block-spacer\"><\/div>\n\n\n\n<p>Una de las principales novedades fue la instalaci\u00f3n del\u00a0stand\u00a0del<strong>\u00a0hub\u00a0log\u00edstico Mendoza-Brasil<\/strong>, desarrollado<strong> <\/strong>junto al importador <strong>V\u00edtor Figueiredo<\/strong>, pensado para facilitar la inserci\u00f3n de vinos y alimentos mendocinos en este mercado. <em>\u201cFue un verdadero acierto. Es la primera vez que participamos con este formato y ya est\u00e1 dando excelentes resultados\u201d<\/em>, agreg\u00f3 Calandra.<\/p>\n\n\n\n<div style=\"height:35px\" aria-hidden=\"true\" class=\"wp-block-spacer\"><\/div>\n\n\n\n<p class=\"has-medium-font-size\"><strong>La palabra de los empresarios mendocinos<\/strong><\/p>\n\n\n\n<p><strong>Juan Carlos Caselles, de Bodegas Sin Fin,<\/strong> coment\u00f3: <em>\u201cFue nuestra primera participaci\u00f3n con ProMendoza. Pudimos relacionarnos con varios importadores gracias a todas las gestiones realizadas. Una experiencia interesant\u00edsima\u201d.<\/em><\/p>\n\n\n\n<p>Desde <strong>Finca Don Carlos, H\u00e9ctor Salvo<\/strong> expres\u00f3: <em>\u201cLa impresi\u00f3n fue muy buena. Recibimos gran cantidad de visitantes en nuestro stand, tuvimos reuniones muy productivas y queremos volver a participar\u201d<\/em>.<\/p>\n\n\n\n<p><strong>Gaetano Prisco<\/strong>, tambi\u00e9n <strong>de ProMendoza<\/strong>, inform\u00f3 sobre una reuni\u00f3n clave con la Asociaci\u00f3n Nacional de Productores de Vinos de Invierno (Anprovin), que representa a productores de todo Brasil: <em>\u201cNos invitaron a colaborar en la difusi\u00f3n de un evento que se realizar\u00e1 en Brasilia, donde se buscar\u00e1 mostrar la oferta vitivin\u00edcola de Mendoza. Adem\u00e1s, comenzamos conversaciones para explorar la creaci\u00f3n de un segundo hub log\u00edstico en el norte o nordeste del pa\u00eds\u201d<\/em>.<\/p>\n\n\n\n<div style=\"height:30px\" aria-hidden=\"true\" class=\"wp-block-spacer\"><\/div>\n\n\n<div class=\"wp-block-image\">\n<figure class=\"aligncenter size-full is-resized\"><a href=\"https:\/\/enolife.com.ar\/es\/wp-content\/uploads\/2025\/05\/2-1.jpg\" data-rel=\"penci-gallery-image-content\" ><img loading=\"lazy\" decoding=\"async\" width=\"932\" height=\"500\" src=\"https:\/\/enolife.com.ar\/es\/wp-content\/uploads\/2025\/05\/2-1.jpg\" alt=\"\" class=\"wp-image-145921\" style=\"width:653px;height:auto\" srcset=\"https:\/\/enolife.com.ar\/es\/wp-content\/uploads\/2025\/05\/2-1.jpg 932w, https:\/\/enolife.com.ar\/es\/wp-content\/uploads\/2025\/05\/2-1-300x161.jpg 300w, https:\/\/enolife.com.ar\/es\/wp-content\/uploads\/2025\/05\/2-1-768x412.jpg 768w, https:\/\/enolife.com.ar\/es\/wp-content\/uploads\/2025\/05\/2-1-585x314.jpg 585w\" sizes=\"auto, (max-width: 932px) 100vw, 932px\" \/><\/a><\/figure><\/div>\n\n\n<div style=\"height:30px\" aria-hidden=\"true\" class=\"wp-block-spacer\"><\/div>\n\n\n\n<p>Varias bodegas debutaron en esta feria. Es el caso de <strong>Selva Andina<\/strong>, cuya cofundadora<strong>, Mariana Silveira do Santos<\/strong>, asegur\u00f3: <em>\u201cEs nuestra primera incursi\u00f3n en este pa\u00eds y en una feria internacional. La experiencia fue muy satisfactoria y esperamos poder seguir mostrando el vino argentino en m\u00e1s mercados\u201d.<\/em><\/p>\n\n\n\n<p>Por su parte, <strong>Gianfranco Budetta,<\/strong> de <strong>Magia de Uco<\/strong>, destac\u00f3: <em>\u201cEl hecho de tener nuestros productos en el\u00a0hub\u00a0log\u00edstico facilit\u00f3 todo. Las reuniones fueron mucho m\u00e1s concretas, porque ya contamos con presencia en el pa\u00eds. La participaci\u00f3n de Mendoza en\u00a0Wine South America\u00a0refleja la estrategia sostenida de internacionalizaci\u00f3n y fortalecimiento de sus bodegas en mercados clave, con Brasil como uno de los principales destinos de exportaci\u00f3n del vino argentino\u00bb.<\/em><\/p>\n\n\n\n<div style=\"height:35px\" aria-hidden=\"true\" class=\"wp-block-spacer\"><\/div>\n","protected":false},"excerpt":{"rendered":"<p>Con la organizaci\u00f3n de ProMendoza -la agencia gubernamental de promoci\u00f3n de los productos de la&hellip;<\/p>\n","protected":false},"author":2,"featured_media":145915,"comment_status":"open","ping_status":"open","sticky":false,"template":"","format":"standard","meta":{"footnotes":""},"categories":[14],"tags":[],"class_list":["post-145911","post","type-post","status-publish","format-standard","has-post-thumbnail","hentry","category-news"],"_links":{"self":[{"href":"https:\/\/enolife.com.ar\/es\/wp-json\/wp\/v2\/posts\/145911","targetHints":{"allow":["GET"]}}],"collection":[{"href":"https:\/\/enolife.com.ar\/es\/wp-json\/wp\/v2\/posts"}],"about":[{"href":"https:\/\/enolife.com.ar\/es\/wp-json\/wp\/v2\/types\/post"}],"author":[{"embeddable":true,"href":"https:\/\/enolife.com.ar\/es\/wp-json\/wp\/v2\/users\/2"}],"replies":[{"embeddable":true,"href":"https:\/\/enolife.com.ar\/es\/wp-json\/wp\/v2\/comments?post=145911"}],"version-history":[{"count":0,"href":"https:\/\/enolife.com.ar\/es\/wp-json\/wp\/v2\/posts\/145911\/revisions"}],"wp:featuredmedia":[{"embeddable":true,"href":"https:\/\/enolife.com.ar\/es\/wp-json\/wp\/v2\/media\/145915"}],"wp:attachment":[{"href":"https:\/\/enolife.com.ar\/es\/wp-json\/wp\/v2\/media?parent=145911"}],"wp:term":[{"taxonomy":"category","embeddable":true,"href":"https:\/\/enolife.com.ar\/es\/wp-json\/wp\/v2\/categories?post=145911"},{"taxonomy":"post_tag","embeddable":true,"href":"https:\/\/enolife.com.ar\/es\/wp-json\/wp\/v2\/tags?post=145911"}],"curies":[{"name":"wp","href":"https:\/\/api.w.org\/{rel}","templated":true}]}}