{"id":145653,"date":"2025-05-08T19:08:31","date_gmt":"2025-05-08T19:08:31","guid":{"rendered":"https:\/\/enolife.com.ar\/es\/?p=145653"},"modified":"2025-05-09T20:18:03","modified_gmt":"2025-05-09T20:18:03","slug":"la-camara-de-comercio-italiana-en-mendoza-invita-a-conocer-la-tecnologia-del-lacre-el-13-5","status":"publish","type":"post","link":"https:\/\/enolife.com.ar\/es\/la-camara-de-comercio-italiana-en-mendoza-invita-a-conocer-la-tecnologia-del-lacre-el-13-5\/","title":{"rendered":"La C\u00e1mara de Comercio Italiana en Mendoza invita a conocer la tecnolog\u00eda del lacre el 13\/5"},"content":{"rendered":"\n<h4 class=\"wp-block-heading\"><em><strong>La C\u00e1mara de Comercio Italiana de Mendoza (CCI), en el marco de sus programas de intercambio comercial TechConnect y Missione Possible, invita al p\u00fablico en general a la disertaci\u00f3n \u00abTecnolog\u00eda Italiana de Lacre\u00bb, a cargo de Silvia Cordioli, Export Manager de Sincera Sistemi, una empresa l\u00edder de aplicaci\u00f3n de lacre en botellas de vino de Italia. La actividad se realizar\u00e1 en la Enoteca -centro tem\u00e1tico del vino de Mendoza-, el 13\/5\/25 a las 17 hs. Es presencial y gratuita, pero con previa reserva. Est\u00e1 organizada por la empresa mendocina Sucopack, representante de esta marca italiana en Argentina.<\/strong><\/em><\/h4>\n\n\n\n<div style=\"height:35px\" aria-hidden=\"true\" class=\"wp-block-spacer\"><\/div>\n\n\n\n\n\n<div style=\"height:45px\" aria-hidden=\"true\" class=\"wp-block-spacer\"><\/div>\n\n\n\n<p>El <strong>13 de mayo de 2025 a las 17 hs, La Enoteca<\/strong> (Peltier 611, Mendoza, Capital), ser\u00e1 escenario de una charla t\u00e9cnica sobre el tema\u00a0<strong>\u00abTecnolog\u00eda italiana de lacre\u00bb<\/strong>, a cargo de la especialista italiana <strong>Silvia Cordioli<\/strong>, Export Manager de la empresa peninsular <strong>Sincera Sistemi<\/strong>, representada en Mendoza y Argentina por la firma <strong>Sucopack.<\/strong><\/p>\n\n\n\n<div style=\"height:27px\" aria-hidden=\"true\" class=\"wp-block-spacer\"><\/div>\n\n\n\n<h3 class=\"wp-block-heading has-text-color has-link-color wp-elements-55c27455192e5d1468348aa645a43df5\" style=\"color:#4f3468\">El lacre se usa en botellas de vino principalmente para sellar y proteger el corcho, asegurando que el vino se conserve correctamente y para fines est\u00e9ticos o decorativos. El lacre puede aplicarse de varias maneras, como sumergiendo el cuello de la botella en lacre fundido o aplicando discos de lacre sobre el corcho<\/h3>\n\n\n\n<div style=\"height:31px\" aria-hidden=\"true\" class=\"wp-block-spacer\"><\/div>\n\n\n\n<p>Esta presentaci\u00f3n representa el desembarco de una de las tecnolog\u00edas m\u00e1s refinadas del universo enol\u00f3gico italiano: el lacre como alternativa al cierre tradicional, con beneficios en sostenibilidad, est\u00e9tica y control t\u00e9rmico.<\/p>\n\n\n<div class=\"wp-block-image\">\n<figure class=\"alignleft size-full is-resized\"><a href=\"https:\/\/enolife.com.ar\/es\/wp-content\/uploads\/2025\/05\/image-29.png\" data-rel=\"penci-gallery-image-content\" ><img loading=\"lazy\" decoding=\"async\" width=\"604\" height=\"859\" src=\"https:\/\/enolife.com.ar\/es\/wp-content\/uploads\/2025\/05\/image-29.png\" alt=\"\" class=\"wp-image-145658\" style=\"width:301px;height:auto\" srcset=\"https:\/\/enolife.com.ar\/es\/wp-content\/uploads\/2025\/05\/image-29.png 604w, https:\/\/enolife.com.ar\/es\/wp-content\/uploads\/2025\/05\/image-29-211x300.png 211w, https:\/\/enolife.com.ar\/es\/wp-content\/uploads\/2025\/05\/image-29-585x832.png 585w\" sizes=\"auto, (max-width: 604px) 100vw, 604px\" \/><\/a><\/figure><\/div>\n\n\n<p>Esta actividad se da en el marco de una <strong>plataforma colaborativa de la CCI<\/strong>, una estructura que articula actores, conecta ecosistemas productivos y pone en escena el potencial de la regi\u00f3n cuyana. En este caso, la C\u00e1mara fue el nexo entre <strong>Sincera Sistemi (Italia) y Sucopack (Mendoza),<\/strong> facilitando a la empresa mendocina la participaci\u00f3n en la <strong>SIMEI 2024 en Mil\u00e1n<\/strong>, donde se concret\u00f3 el acuerdo de representaci\u00f3n exclusiva para Argentina.<\/p>\n\n\n\n<p>Desde la CCI explicaron: <em>\u00abEsta jornada encarna la visi\u00f3n que gu\u00eda nuestras acciones: ser\u00a0el nodo territorial clave\u00a0para la transferencia de innovaci\u00f3n, saber hacer y relaciones duraderas entre Italia y la Argentina. La C\u00e1mara de Comercio Italiana de Mendoza no es simplemente un intermediario.\u00bb<\/em><\/p>\n\n\n\n<p>Durante la disertaci\u00f3n, Silvia Cordioli mostrar\u00e1 en detalle los sistemas manuales, semiautom\u00e1ticos y autom\u00e1ticos de Sincera Sistemi, abriendo puertas concretas a la implementaci\u00f3n industrial en bodegas locales. Es una oportunidad para profesionales del sector, importadores, distribuidores y referentes t\u00e9cnicos de vivir una experiencia formativa con valor directo para sus cadenas de producci\u00f3n.<\/p>\n\n\n\n<p>\u00ab<em>Italia viene a Mendoza, pero es Mendoza la que est\u00e1 construyendo un puente hacia el futuro. Por eso los esperamos para compartir esta jornada que es mucho m\u00e1s que una disertaci\u00f3n t\u00e9cnica,\u00a0es un gesto simb\u00f3lico del nuevo paradigma que juntos estamos forjando\u00bb, <\/em>ampliaron desde la CCI.<\/p>\n\n\n\n<p class=\"has-background\" style=\"background-color:#abb7c266\"><strong>Si bien la actividad es gratuita, los cupos son limitados. Se pueden reservar al WhatsApp +54 9 261 536-0305 (Magali Yael)<\/strong>.<\/p>\n\n\n\n<div style=\"height:39px\" aria-hidden=\"true\" class=\"wp-block-spacer\"><\/div>\n","protected":false},"excerpt":{"rendered":"<p>La C\u00e1mara de Comercio Italiana de Mendoza (CCI), en el marco de sus programas de&hellip;<\/p>\n","protected":false},"author":2,"featured_media":145663,"comment_status":"open","ping_status":"open","sticky":false,"template":"","format":"standard","meta":{"footnotes":""},"categories":[47],"tags":[],"class_list":["post-145653","post","type-post","status-publish","format-standard","has-post-thumbnail","hentry","category-agenda"],"_links":{"self":[{"href":"https:\/\/enolife.com.ar\/es\/wp-json\/wp\/v2\/posts\/145653","targetHints":{"allow":["GET"]}}],"collection":[{"href":"https:\/\/enolife.com.ar\/es\/wp-json\/wp\/v2\/posts"}],"about":[{"href":"https:\/\/enolife.com.ar\/es\/wp-json\/wp\/v2\/types\/post"}],"author":[{"embeddable":true,"href":"https:\/\/enolife.com.ar\/es\/wp-json\/wp\/v2\/users\/2"}],"replies":[{"embeddable":true,"href":"https:\/\/enolife.com.ar\/es\/wp-json\/wp\/v2\/comments?post=145653"}],"version-history":[{"count":0,"href":"https:\/\/enolife.com.ar\/es\/wp-json\/wp\/v2\/posts\/145653\/revisions"}],"wp:featuredmedia":[{"embeddable":true,"href":"https:\/\/enolife.com.ar\/es\/wp-json\/wp\/v2\/media\/145663"}],"wp:attachment":[{"href":"https:\/\/enolife.com.ar\/es\/wp-json\/wp\/v2\/media?parent=145653"}],"wp:term":[{"taxonomy":"category","embeddable":true,"href":"https:\/\/enolife.com.ar\/es\/wp-json\/wp\/v2\/categories?post=145653"},{"taxonomy":"post_tag","embeddable":true,"href":"https:\/\/enolife.com.ar\/es\/wp-json\/wp\/v2\/tags?post=145653"}],"curies":[{"name":"wp","href":"https:\/\/api.w.org\/{rel}","templated":true}]}}