{"id":145628,"date":"2025-05-07T18:11:59","date_gmt":"2025-05-07T18:11:59","guid":{"rendered":"https:\/\/enolife.com.ar\/es\/?p=145628"},"modified":"2025-05-08T19:08:15","modified_gmt":"2025-05-08T19:08:15","slug":"por-mantenimiento-los-canales-de-riego-de-mendoza-casi-no-tendran-agua-entre-mayo-y-agosto","status":"publish","type":"post","link":"https:\/\/enolife.com.ar\/es\/por-mantenimiento-los-canales-de-riego-de-mendoza-casi-no-tendran-agua-entre-mayo-y-agosto\/","title":{"rendered":"Por mantenimiento, los canales de riego de Mendoza casi no tendr\u00e1n agua entre mayo y agosto"},"content":{"rendered":"\n<h4 class=\"wp-block-heading\"><em><strong>Comenz\u00f3 el per\u00edodo denominado \u00abcorta de agua\u00bb en los canales de la provincia que conducen el agua superficial a las fincas y cultivos. As\u00ed, mientras los cultivos no necesitan tanta agua, Irrigaci\u00f3n -el organismo encargado de administrar el agua- renueva las redes de riego. El consumo poblacional de agua potable se encuentra asegurado. Las fechas en cada una de las cuencas de los 6 r\u00edos de Mendoza.<\/strong><\/em><\/h4>\n\n\n\n<div style=\"height:34px\" aria-hidden=\"true\" class=\"wp-block-spacer\"><\/div>\n\n\n<a href=\"https:\/\/www.irrigacion.gov.ar\/web\/\" aria-label=\"irrigaci\u00f3n-1700X500\"><img loading=\"lazy\" decoding=\"async\" src=\"https:\/\/enolife.com.ar\/es\/wp-content\/uploads\/2021\/02\/irrigacion-1700X500.gif\" alt=\"\"  width=\"1700\" height=\"500\"   \/><\/a>\n\n\n<div style=\"height:45px\" aria-hidden=\"true\" class=\"wp-block-spacer\"><\/div>\n\n\n\n<p>Por la necesidad de ejecutar obras de <strong>conservaci\u00f3n, mantenimiento y limpieza <\/strong>en los diques de cabecera y derivados internos de la red primaria de distribuci\u00f3n de Mendoza, es imprescindible realizar una \u00abcorta de agua anual\u00bb en todas las cuencas de la provincia entre mayo y agosto.<\/p>\n\n\n\n<p>En este per\u00edodo, cuando los cultivos necesitan menos agua, las <strong>Inspecciones de Cauce<\/strong> de <strong>Irrigaci\u00f3n<\/strong> se ocupan de la limpieza anual de cauces de la red secundaria, terciaria y desag\u00fces, tambi\u00e9n conocida como \u201climpieza de cupos\u201d.<\/p>\n\n\n\n<p>Esta etapa no influye en las dotaciones que se entregan a plantas potabilizadoras de toda la provincia. Por lo tanto, el abastecimiento de uso poblacional se encuentra planificado y asegurado.<\/p>\n\n\n\n<p>Por otra parte, la entrega de agua a plantas industriales tambi\u00e9n est\u00e1 asegurada y sin modificaciones.<\/p>\n\n\n\n<div style=\"height:32px\" aria-hidden=\"true\" class=\"wp-block-spacer\"><\/div>\n\n\n\n<h3 class=\"wp-block-heading has-vivid-red-color has-text-color has-link-color wp-elements-4e76b0566311ce05a3c7c8cd0601c896\">Entre mayo y agosto, en casi todas las cuencas de Mendoza, la entrega de agua se interrumpe para realizar tareas que son clave para el mantenimiento y mejoras de la red de distribuci\u00f3n h\u00eddrica.<\/h3>\n\n\n\n<div style=\"height:37px\" aria-hidden=\"true\" class=\"wp-block-spacer\"><\/div>\n\n\n\n<p>De los diques y red primaria, se encarga Irrigaci\u00f3n, en tanto que de las hijuelas de distribuci\u00f3n y desag\u00fces, se ocupan las Inspecciones de Cauce. Es obligaci\u00f3n de los usuarios, en tanto, la limpieza de cupos y gracias a esto el agua puede llegar a todos, siguiendo su curso natural por el cauce, desde el primero hasta el \u00faltimo usuario.<\/p>\n\n\n\n<p>\u00bfPor qu\u00e9 se realiza? Porque es el momento en que los cultivos necesitan menos agua, y se aprovecha para hacer tareas clave como:<\/p>\n\n\n\n<ul class=\"wp-block-list\">\n<li>Invertir en nuevas obras que mantienen y mejoran la red de distribuci\u00f3n h\u00eddrica.<\/li>\n\n\n\n<li>Recuperar embalses.<\/li>\n\n\n\n<li>Y limpieza de cupos.<\/li>\n<\/ul>\n\n\n\n<p>Las obras que se ejecutan en los cauces ponen a punto el sistema de distribuci\u00f3n y en agosto, cuando retorna el agua al sistema, Irrigaci\u00f3n, junto a la comunidad de usuarios, contin\u00faa conduciendo el agua para todos sus usos.<\/p>\n\n\n\n<div style=\"height:35px\" aria-hidden=\"true\" class=\"wp-block-spacer\"><\/div>\n\n\n\n<p class=\"has-medium-font-size\"><strong>Detalle cuenca por cuenca<\/strong><\/p>\n\n\n\n<p><strong>R\u00edo Mendoza:<\/strong> El cronograma de corta anual de agua en esta cuenca fue consensuado entre la Subdelegaci\u00f3n de aguas y las Inspecciones, y en principio tendr\u00e1 una duraci\u00f3n de 79 d\u00edas, e ir\u00e1 desde el 25 de mayo al 12 de agosto, fecha en la que se volver\u00e1 a dotar el sistema, que podr\u00e1 modificarse si la ejecuci\u00f3n de las tareas programadas para la red de distribuci\u00f3n primaria as\u00ed lo requirieran. El r\u00e9gimen de distribuci\u00f3n a aplicar al finalizar la corta depender\u00e1 de la disponibilidad h\u00eddrica. Cabe destacar que la corta no ser\u00e1 total en esta cuenca, sino que ser\u00e1 un riego reducido de invierno o turno chico -como tambi\u00e9n se lo conoce-, que equivale a 5 o 6 m\u00b3\/seg que sobran para enfriar turbinas de Central Puerto.<\/p>\n\n\n\n<p>Durante el per\u00edodo de corta, la entrega de dotaciones a las plantas potabilizadoras de agua y a las industrias no sufrir\u00e1 modificaciones y continuar\u00e1 entreg\u00e1ndose por los cauces habituales.<\/p>\n\n\n\n<div style=\"height:31px\" aria-hidden=\"true\" class=\"wp-block-spacer\"><\/div>\n\n\n<div class=\"wp-block-image\">\n<figure class=\"aligncenter is-resized\"><img decoding=\"async\" src=\"https:\/\/www.irrigacion.gov.ar\/web\/wp-content\/uploads\/2025\/05\/post-corta-general.png\" alt=\"\" class=\"wp-image-2539\" style=\"width:462px;height:auto\"\/><\/figure><\/div>\n\n\n<div style=\"height:31px\" aria-hidden=\"true\" class=\"wp-block-spacer\"><\/div>\n\n\n\n<p><strong>R\u00edo Diamante:<\/strong> En la mayor\u00eda de los canales ser\u00e1 desde el 28 de mayo hasta el 4 de agosto, dependiendo de los pron\u00f3sticos que se puedan dar para la pr\u00f3xima temporada de riego.<\/p>\n\n\n\n<div style=\"height:30px\" aria-hidden=\"true\" class=\"wp-block-spacer\"><\/div>\n\n\n\n<p><strong>R\u00edo Tunuy\u00e1n Inferior:<\/strong> En esta cuenca la corta de agua ir\u00e1 desde el 7 de mayo hasta el 1\u00b0 de agosto.<\/p>\n\n\n\n<div style=\"height:29px\" aria-hidden=\"true\" class=\"wp-block-spacer\"><\/div>\n\n\n\n<p><strong>R\u00edo Tunuy\u00e1n Superior:<\/strong> Para una mejor administraci\u00f3n, la Subdelegaci\u00f3n de Aguas establece para los cauces de su jurisdicci\u00f3n, un programa de corta de agua con variaciones de fecha seg\u00fan la Inspecci\u00f3n que lo gestiona, a los fines de realizar tareas de mantenimiento y conservaci\u00f3n de las instalaciones, obras y sistema de captaci\u00f3n, a cargo de la Subdelegaci\u00f3n de aguas, como la limpieza anual de cauces de la red secundaria, terciaria y desag\u00fces, a cargo de las Inspecciones de Cauce. A diferencia de las otras cuencas que tienen un dique embalse en cabecera, la cuenca del r\u00edo Tunuy\u00e1n Superior tiene cuatro diques derivadores y adem\u00e1s arroyos de distintos or\u00edgenes, cada uno con un sistema particular, por lo que por las caracter\u00edsticas de cada uno es que la corta se realiza en la fecha m\u00e1s conveniente para cada ellos.<\/p>\n\n\n\n<div style=\"height:24px\" aria-hidden=\"true\" class=\"wp-block-spacer\"><\/div>\n\n\n\n<figure class=\"wp-block-image size-large\"><a href=\"https:\/\/enolife.com.ar\/es\/wp-content\/uploads\/2019\/10\/rio-tunuyan-1.jpg\" data-rel=\"penci-gallery-image-content\" ><img loading=\"lazy\" decoding=\"async\" width=\"1024\" height=\"440\" src=\"https:\/\/enolife.com.ar\/es\/wp-content\/uploads\/2019\/10\/rio-tunuyan-1-1024x440.jpg\" alt=\"\" class=\"wp-image-4432\" srcset=\"https:\/\/enolife.com.ar\/es\/wp-content\/uploads\/2019\/10\/rio-tunuyan-1-1024x440.jpg 1024w, https:\/\/enolife.com.ar\/es\/wp-content\/uploads\/2019\/10\/rio-tunuyan-1-300x129.jpg 300w, https:\/\/enolife.com.ar\/es\/wp-content\/uploads\/2019\/10\/rio-tunuyan-1-768x330.jpg 768w, https:\/\/enolife.com.ar\/es\/wp-content\/uploads\/2019\/10\/rio-tunuyan-1-1170x503.jpg 1170w, https:\/\/enolife.com.ar\/es\/wp-content\/uploads\/2019\/10\/rio-tunuyan-1-585x251.jpg 585w, https:\/\/enolife.com.ar\/es\/wp-content\/uploads\/2019\/10\/rio-tunuyan-1.jpg 1280w\" sizes=\"auto, (max-width: 1024px) 100vw, 1024px\" \/><\/a><figcaption class=\"wp-element-caption\"><em><strong>El r\u00edo Tunuy\u00e1n Superior tiene 4 diques y cientos de arroyos que lo nutren en su recorrido desde la cordillera a los valles inferiores, por lo que las \u00abcortas\u00bb se realizan de manera escalonada.<\/strong><\/em><\/figcaption><\/figure>\n\n\n\n<div style=\"height:33px\" aria-hidden=\"true\" class=\"wp-block-spacer\"><\/div>\n\n\n\n<p>En forma general, la fecha de corta va desde el 5 de mayo hasta el 25 de agosto. En tanto que en detalle, cauce por cauce, las fechas son las siguientes:<\/p>\n\n\n\n<p>-Desde el 5 de mayo al 2 de junio: canales Esquina, hijuela Gualtallary y margen derecha Las Tunas.<br>-Desde el 5 de mayo al 4 de agosto (rotativo) arroyo Claro (sistema unificado).<br>-Desde el 12 de mayo al 9 de junio, canal hijuela La Pampa (desde el 5 de mayo al 1 de junio recibe desde r\u00edo Las Tunas).<br>-Desde el 1 de junio al 10 de junio (rotativo) arroyo Gui\u00f1az\u00fa.<br>-Desde el 3 de junio al 21 de agosto (rotativo) canal matriz Este (sistema unificado).<br>-Desde el 9 de junio al 14 de julio (rotativo) vertiente o manantial de Capiz y arroyo Grande.<br>-Desde el 9 de junio al 27 de julio (inclusive) canal Anzorena.<br>-Desde el 9 de junio al 4 de agosto (rotativo) arroyo Quebrada de las Casas.<br>-Desde el 9 de junio al 27 de julio (inclusive) canal Melocot\u00f3n, canal Manzano, canal Vista Flores, canal Matriz Valle de Uco- margen Derecha, canal Capacho, arroyo Negro y canal Rinc\u00f3n.<br>-Desde el 9 de junio al 25 de agosto (rotativo) arroyo Salas Caroca (sistema unificado) y manantiales de Tunuy\u00e1n Zona Centro (sistema unificado).<br>-Desde el 16 de junio al 14 de julio (rotativo) arroyo Las Pircas.<br>-Desde el 16 de junio al 28 de julio (rotativo) canal Pampa o Salto.<br>-Desde el 16 de junio al 31 de julio, arroyo Villegas.<br>-Desde el 20 de junio al 31 de julio canal El Peral.<br>-Desde el 30 de junio al 14 de julio arroyo Aguanda.<br>-Desde el 7 de julio al 28 de julio arroyo Yaucha y canal La Quebrada.<br>-Desde el 29 de diciembre al 26 de enero de 2026 (rotativo) canal Fortugno.<\/p>\n\n\n\n<div style=\"height:30px\" aria-hidden=\"true\" class=\"wp-block-spacer\"><\/div>\n\n\n\n<p><strong>R\u00edo Atuel:<\/strong> En la cuenca de este r\u00edo ya comenz\u00f3 el per\u00edodo de corta anual de agua el 1\u00b0 de mayo, y el mismo se extender\u00e1 hasta el 15 de agosto.<\/p>\n\n\n\n<div style=\"height:31px\" aria-hidden=\"true\" class=\"wp-block-spacer\"><\/div>\n\n\n\n<p><strong>R\u00edo Malarg\u00fce:<\/strong> En la zona de riego del r\u00edo Malarg\u00fce el per\u00edodo de corta anual ser\u00e1 m\u00e1s corto y en junio. Ir\u00e1 desde el 1 de junio hasta el 16 del mismo mes.<\/p>\n\n\n\n<p>Se recuerda a los usuarios que ante cualquier consulta o inquietud se consulte a la Subdelegaci\u00f3n de aguas respectiva o bien a la Inspecci\u00f3n de Cauce a la que pertenece.<\/p>\n\n\n\n<ul class=\"wp-block-list\">\n<li><\/li>\n<\/ul>\n\n\n\n<div style=\"height:40px\" aria-hidden=\"true\" class=\"wp-block-spacer\"><\/div>\n","protected":false},"excerpt":{"rendered":"<p>Comenz\u00f3 el per\u00edodo denominado \u00abcorta de agua\u00bb en los canales de la provincia que conducen&hellip;<\/p>\n","protected":false},"author":2,"featured_media":145638,"comment_status":"open","ping_status":"open","sticky":false,"template":"","format":"standard","meta":{"footnotes":""},"categories":[14],"tags":[],"class_list":["post-145628","post","type-post","status-publish","format-standard","has-post-thumbnail","hentry","category-news"],"_links":{"self":[{"href":"https:\/\/enolife.com.ar\/es\/wp-json\/wp\/v2\/posts\/145628","targetHints":{"allow":["GET"]}}],"collection":[{"href":"https:\/\/enolife.com.ar\/es\/wp-json\/wp\/v2\/posts"}],"about":[{"href":"https:\/\/enolife.com.ar\/es\/wp-json\/wp\/v2\/types\/post"}],"author":[{"embeddable":true,"href":"https:\/\/enolife.com.ar\/es\/wp-json\/wp\/v2\/users\/2"}],"replies":[{"embeddable":true,"href":"https:\/\/enolife.com.ar\/es\/wp-json\/wp\/v2\/comments?post=145628"}],"version-history":[{"count":0,"href":"https:\/\/enolife.com.ar\/es\/wp-json\/wp\/v2\/posts\/145628\/revisions"}],"wp:featuredmedia":[{"embeddable":true,"href":"https:\/\/enolife.com.ar\/es\/wp-json\/wp\/v2\/media\/145638"}],"wp:attachment":[{"href":"https:\/\/enolife.com.ar\/es\/wp-json\/wp\/v2\/media?parent=145628"}],"wp:term":[{"taxonomy":"category","embeddable":true,"href":"https:\/\/enolife.com.ar\/es\/wp-json\/wp\/v2\/categories?post=145628"},{"taxonomy":"post_tag","embeddable":true,"href":"https:\/\/enolife.com.ar\/es\/wp-json\/wp\/v2\/tags?post=145628"}],"curies":[{"name":"wp","href":"https:\/\/api.w.org\/{rel}","templated":true}]}}