{"id":14555,"date":"2020-06-16T03:33:17","date_gmt":"2020-06-16T03:33:17","guid":{"rendered":"http:\/\/enolife.com.ar\/es\/?p=14555"},"modified":"2020-06-18T23:20:47","modified_gmt":"2020-06-18T23:20:47","slug":"ya-prueban-robots-equipados-con-luz-uv-para-combatir-el-oidio-de-la-vid","status":"publish","type":"post","link":"https:\/\/enolife.com.ar\/es\/ya-prueban-robots-equipados-con-luz-uv-para-combatir-el-oidio-de-la-vid\/","title":{"rendered":"Ya prueban robots equipados con luz UV para combatir el o\u00eddio de la vid"},"content":{"rendered":"\n<h4 class=\"wp-block-heading\"><em><strong>Es una m\u00e1quina aut\u00f3noma que, durante la noche, va recorriendo los vi\u00f1edos con una especie de t\u00fanel m\u00f3vil que aplica luz ultravioleta (UV) sobre los vi\u00f1edos. La luz UV da\u00f1a el ADN del hongo y lo mata, sin afectar a la planta. Lo desarroll\u00f3 la Universidad de Cornell, en Nueva York, y podr\u00edan estar disponibles en el mercado a fin de este a\u00f1o.<\/strong><\/em><\/h4>\n\n\n\n<div style=\"height:20px\" aria-hidden=\"true\" class=\"wp-block-spacer\"><\/div>\n\n\n\n<p>Los primeros robots equipados con <strong>l\u00e1mparas de luz ultravioleta (UV)<\/strong> que, deambulando por los vi\u00f1edos por la noche, son capaces de eliminar el o\u00eddio, han empezado a construirse y podr\u00edan estar disponibles en el comercio a fines de 2020. Se trata de unidades rob\u00f3ticas desarrolladas a partir de los estudios llevados a cabo por investigadores de la <strong>Universidad de Cornell (Cornell AgriTech, en Geneva, Nueva York)<\/strong> en colaboraci\u00f3n con otros organismos y universidades de varios pa\u00edses.<\/p>\n\n\n\n<p>Los estudios de este equipo de investigadores sobre el&nbsp;uso de la luz ultravioleta para eliminar el <strong>mildiu&nbsp;o peron\u00f3spora de la vid<\/strong> se remontan a 1991, mientras que en los \u00faltimos cuatro a\u00f1os han demostrado la eficacia frente al <strong>o\u00eddio<\/strong> en frutillas en ensayos de campo. Los \u00faltimos ensayos realizados con uvas ya corroboraron su poder para combatir al mildiu, tal como se ven\u00eda investigando.<\/p>\n\n\n\n<p>Entre marzo y mayo de este a\u00f1o 2020, se han llevado a cabo pruebas en campo con dos de estos robots en vi\u00f1edos de chardonnay. \u201cLas pruebas efectuadas han conseguido la eliminaci\u00f3n efectiva del o\u00eddio durante los \u00faltimos dos a\u00f1os realizando tratamientos una vez por semana\u00bb, afirm\u00f3 David Gadoury,&nbsp;responsable del proyecto.<\/p>\n\n\n\n<p>Seg\u00fan los investigadores, el o\u00eddio ha ido evolucionado a lo largo de los a\u00f1os desarrollando resistencia a los tratamientos qu\u00edmicos muy r\u00e1pidamente. Pero su evoluci\u00f3n tambi\u00e9n les ha dado un tal\u00f3n de Aquiles: la adaptaci\u00f3n a los ciclos naturales de luz y oscuridad.<\/p>\n\n\n\n<p>La luz UV <strong>da\u00f1a el ADN<\/strong> y muchos organismos han desarrollado defensas bioqu\u00edmicas que se activan con la aparici\u00f3n de la luz solar. Sin embargo&nbsp;estos mecanismos de reparaci\u00f3n no funcionan durante la noche, lo que hace posible el uso de los rayos UV para controlar estos pat\u00f3genos. Estos equipos usan l\u00e1mparas que emiten una dosis baja de luz ultravioleta, por lo que&nbsp;matan al pat\u00f3geno sin da\u00f1ar la planta.<\/p>\n\n\n\n<p>En ensayos anteriores, se utilizaron una serie de l\u00e1mparas UV montadas en tractores pero resultaros poco pr\u00e1cticas. Los actuales robots son veh\u00edculos aut\u00f3nomos equipados con una c\u00fapula o t\u00fanel de 2,5 m por 1,3 m que aplica la luz UV sobre el vi\u00f1edo.<\/p>\n\n\n\n<p>Por otro lado, este&nbsp;grupo de trabajo multidisciplinario e internacional&nbsp;est\u00e1 desarrollando tecnolog\u00edas de im\u00e1genes para la detecci\u00f3n y cuantificaci\u00f3n en las hojas. Actualmente, est\u00e1n probando <strong>la versi\u00f3n 1.0 del robot, <\/strong>que aplica la misma dosis de luz UV a todas las plantas, independientemente de si est\u00e1n enfermas o sanas. El objetivo a largo plazo es combinar esta tecnolog\u00eda de detecci\u00f3n y tratamiento en todo el vi\u00f1edo de forma automatizada.<\/p>\n\n\n\n<div style=\"height:20px\" aria-hidden=\"true\" class=\"wp-block-spacer\"><\/div>\n\n\n\n<p class=\"has-background has-very-light-gray-background-color\"><strong>Qu\u00e9 es el oidio<\/strong><br><br>El oidio es un hongo que ataca todos los tejidos verdes del cultivo, provocando una disminuci\u00f3n en el cuajado de los frutos y por lo tanto una considerable p\u00e9rdida de rendimiento. Asimismo, puede generar heridas que faciliten la entrada posterior de otras enfermedades como la podredumbre.<br><br>La temperatura ideal para el desarrollo de este hongo es de 20 a 27\u00baC. Si bien las condiciones de humedad son predisponentes para el desarrollo de la misma, como los d\u00edas nublados, per\u00edodos lluviosos excesivos pueden afectar su crecimiento ya que eliminan la estructura del hongo.<br><br>Esta enfermedad es identificable debido al micelio blanco que se desarrolla y cubre en los tejidos. No s\u00f3lo puede generar p\u00e9rdidas de rendimiento al momento de observarse, sino que el vi\u00f1edo, ante ataques excesivos puede quedar debilitado, limitando la producci\u00f3n de a\u00f1os posteriores. Asimismo, es importante estar atentos en aquellos a\u00f1os posteriores a una infecci\u00f3n intensa, ya que las estructuras del hongo pueden permanecer en latencia y <br>presentarse en la campa\u00f1a siguiente.<br><br>En cuanto a los tratamientos, se recomiendan, al igual que con las anteriores, tratamientos preventivos, que pueden asociarse con los tratamientos realizados para el control del mildiu. <\/p>\n\n\n\n<div style=\"height:20px\" aria-hidden=\"true\" class=\"wp-block-spacer\"><\/div>\n\n\n\n<p><strong>Fitopat\u00f3genos y luz<\/strong><\/p>\n\n\n\n<p>Los pat\u00f3genos evolucionaron en medio de ciclos naturales de luz y oscuridad.&nbsp;La iluminaci\u00f3n el\u00e9ctrica es un fen\u00f3meno relativamente nuevo en nuestro mundo, y especialmente en el de ellos.&nbsp;Los pat\u00f3genos perciben, interpretan y usan la luz para dirigir su desarrollo.&nbsp;En el caso de la radiaci\u00f3n UV, los pat\u00f3genos han desarrollado mecanismos de defensa que est\u00e1n regulados por la luz visible.&nbsp;Los investigadores de la Universidad de Cornell y sus organismos asociados en varias ciudades del mundo (ver fuentes) aprovecharon estas variaciones evolucionadas como un medio novedoso y efectivo para suprimir las enfermedades de las plantas y promover la salud de las plantas. <\/p>\n\n\n\n<p><strong>\u00bfCu\u00e1l es el problema?<\/strong><\/p>\n\n\n\n<ul class=\"wp-block-list\"><li>Los pat\u00f3genos de las plantas responden a la radiaci\u00f3n \u00f3ptica de maneras que, con pocas excepciones, apenas comienzan a entenderse.<\/li><li>Al no comprender los impactos de la radiaci\u00f3n \u00f3ptica en los patosistemas, los investigadores renunciaron a las oportunidades para disminuir la gravedad de la enfermedad y, en algunos casos, exacerbaron la enfermedad.<\/li><li>Existe una necesidad cr\u00edtica de m\u00e9todos alternativos para suprimir los pat\u00f3genos de las plantas, tanto para preservar la resistencia gen\u00e9tica a las enfermedades, como para disminuir la selecci\u00f3n de resistencia de los pat\u00f3genos a los fungicidas.<\/li><\/ul>\n\n\n\n<div style=\"height:20px\" aria-hidden=\"true\" class=\"wp-block-spacer\"><\/div>\n\n\n\n<p><strong>\u00bfCu\u00e1l es el descubrimiento?<\/strong><\/p>\n\n\n\n<ul class=\"wp-block-list\"><li>Los rayos <strong>UV-B y UV-C<\/strong> pueden usarse en dosis muy reducidas cuando se aplican por la noche para suprimir de manera efectiva ciertos pat\u00f3genos de plantas.<\/li><li>Los resultados recientes sugieren que los tratamientos UV nocturnos son ovocidas y suprimen los \u00e1caros fit\u00f3fagos.<\/li><li>Los <strong>LED<\/strong> que producen longitudes de onda espec\u00edficas en el rango visible se pueden usar para atacar fotosistemas en diversos grupos de pat\u00f3genos (por ejemplo, erysipaceae y oomycetes) e interrumpir procesos fundamentales como la esporulaci\u00f3n.<\/li><li>Se pueden dise\u00f1ar matrices de l\u00e1mparas que se adapten a las caracter\u00edsticas del dosel y los requisitos de velocidad de avance para aplicaciones comerciales de campo de UV.<\/li><li>Se pueden dise\u00f1ar sistemas est\u00e1ticos, m\u00f3viles y totalmente aut\u00f3nomos para su uso en invernaderos o sistemas de producci\u00f3n de t\u00faneles altos.<\/li><\/ul>\n\n\n\n<div class=\"wp-block-image\"><figure class=\"aligncenter is-resized\"><img loading=\"lazy\" decoding=\"async\" src=\"http:\/\/lightandplanthealth.org\/images\/NightUV_Red_400.jpg\" alt=\"Invernadero de investigaci\u00f3n en Geneva, NY\" width=\"573\" height=\"380\"\/><figcaption><em> Invernaderos de investigaci\u00f3n y demostraci\u00f3n en la Estaci\u00f3n Experimental de Cornell y en la Unidad de Investigaci\u00f3n Gen\u00e9tica en Geneve, Nueva York.&nbsp;Estos sistemas autom\u00e1ticos de iluminaci\u00f3n nocturna utilizan l\u00e1mparas UVB y LED espec\u00edficos para suprimir los hongos polvorientos, los hongos suaves fotosensibles y las plagas de artr\u00f3podos, como los \u00e1caros.<\/em><\/figcaption><\/figure><\/div>\n\n\n\n<div style=\"height:20px\" aria-hidden=\"true\" class=\"wp-block-spacer\"><\/div>\n\n\n\n<p><strong>\u00bfCu\u00e1l es el conocimiento cient\u00edfico que se us\u00f3 como fundamento?<\/strong><\/p>\n\n\n\n<ul class=\"wp-block-list\"><li>La esporulaci\u00f3n de pat\u00f3genos puede ser limitada o acelerada en respuesta a la luz visible, los efectos circadianos o la interacci\u00f3n entre los dos.<\/li><li><strong>Las longitudes de onda UV entre 250 y 280 nm<\/strong> son igualmente da\u00f1inas para el ADN del pat\u00f3geno, pero las longitudes de onda m\u00e1s largas cercanas a 280 nm son menos da\u00f1inas para las plantas hu\u00e9spedes.<\/li><li>La reparaci\u00f3n de pat\u00f3genos del ADN est\u00e1 regulada por luz azul y UV-A y regulada por luz roja y durante la oscuridad.<\/li><li>Tanto la sensibilidad del pat\u00f3geno como del hu\u00e9sped a los rayos UV est\u00e1 condicionada por la luz diaria integral.<\/li><\/ul>\n\n\n\n<div class=\"wp-block-image\"><figure class=\"aligncenter is-resized\"><img loading=\"lazy\" decoding=\"async\" src=\"http:\/\/lightandplanthealth.org\/images\/MJWconidiaComposite.jpg\" alt=\"Colonia de moho polvoriento\" width=\"616\" height=\"186\"\/><figcaption> <em>Vista microsc\u00f3pica de una colonia de mildiu polvoriento en una hoja de frutilla.&nbsp;El pat\u00f3geno crece externamente en las superficies de las plantas, enviando estructuras de absorci\u00f3n a las c\u00e9lulas epid\u00e9rmicas.&nbsp;Su nicho lo hace especialmente vulnerable a los tratamientos de luz espec\u00edficos.<\/em><\/figcaption><\/figure><\/div>\n\n\n\n<div style=\"height:20px\" aria-hidden=\"true\" class=\"wp-block-spacer\"><\/div>\n\n\n\n<p><strong>\u00bfCu\u00e1les son las tecnolog\u00edas existentes?<\/strong><\/p>\n\n\n\n<ul class=\"wp-block-list\"><li><strong>Las l\u00e1mparas UV-B<\/strong>&nbsp;producen <strong>radiaci\u00f3n UV a 280 nm<\/strong>, la longitud de onda m\u00e1s deseable para matar los pat\u00f3genos con un da\u00f1o m\u00ednimo al hu\u00e9sped, pero su potencia relativamente baja en esta regi\u00f3n del espectro los hace m\u00e1s adecuados para matrices est\u00e1ticas o aquellas utilizadas en movimiento lento ( por ejemplo, 50 cm \/ min), o sistemas m\u00f3viles aut\u00f3nomos.<\/li><li><strong>Las l\u00e1mparas UV-C<\/strong>&nbsp;producen una salida de banda estrecha centrada en 254 nm.&nbsp;Su potencia relativamente alta permite dise\u00f1ar conjuntos de l\u00e1mparas que se pueden utilizar en conjuntos m\u00f3viles dibujados por tractor para grandes aplicaciones de campo.<\/li><li><strong>Los LED<\/strong>&nbsp;producen luz de banda estrecha y, por lo tanto, son ideales para aplicaciones que requieren especificidad de longitud de onda o distribuci\u00f3n espectral.&nbsp;Las matrices tambi\u00e9n se pueden crear en muchas combinaciones de longitud de onda.&nbsp;Los LED son dispositivos de estado s\u00f3lido y proporcionan un grado de control de intensidad, distribuci\u00f3n espectral y capacidad de pulso y contrafase sin precedentes, lo que tiene posibilidades emocionantes para la supresi\u00f3n de pat\u00f3genos y la modificaci\u00f3n de plantas.<\/li><\/ul>\n\n\n\n<div style=\"height:20px\" aria-hidden=\"true\" class=\"wp-block-spacer\"><\/div>\n\n\n\n<p><strong>\u00bfCu\u00e1les son las aplicaciones actuales y las implicaciones para el futuro?<\/strong><\/p>\n\n\n\n<ul class=\"wp-block-list\"><li>Uso de iluminaci\u00f3n el\u00e9ctrica de manera que complemente en lugar de complicar la supresi\u00f3n de enfermedades, particularmente en la agricultura de ambiente controlado.<\/li><li>Ampliaci\u00f3n de oportunidades para utilizar la luz para suprimir las plagas de artr\u00f3podos.<\/li><li>Dise\u00f1o de sistemas de invernaderos y t\u00faneles basados \u200b\u200ben las propiedades \u00f3pticas de los materiales relacionadas con plagas y enfermedades (por ejemplo, consecuencias epidemiol\u00f3gicas de los fluorocarbonos frente a los polietilenos).<\/li><\/ul>\n\n\n\n<div class=\"wp-block-image\"><figure class=\"aligncenter is-resized\"><img loading=\"lazy\" decoding=\"async\" src=\"http:\/\/lightandplanthealth.org\/images\/FClearTunnel_400.jpg\" alt=\"T\u00faneles claros\" width=\"579\" height=\"394\"\/><figcaption><em> T\u00faneles de pl\u00e1stico para el cultivo de frutillas en la Universidad de Florida, EEUU.&nbsp;Estos t\u00faneles est\u00e1n construidos con un pl\u00e1stico especial de fluorocarbono que transmite de forma exclusiva casi el 100% de la luz ultravioleta entrante.&nbsp;Esto reduce en gran medida la severidad del mildiu polvoriento, que hist\u00f3ricamente ha plagado los sistemas de producci\u00f3n de t\u00faneles para muchos cultivos.<\/em><\/figcaption><\/figure><\/div>\n\n\n\n<div style=\"height:20px\" aria-hidden=\"true\" class=\"wp-block-spacer\"><\/div>\n\n\n\n<p>El grupo internacional que trabaj\u00f3 en la investigaci\u00f3n y el posterior desarrollo del robot busca promover estos conocimientos y sus aplicaciones, y actuar como un recurso para capacitar a otros.&nbsp;Est\u00e1 constiuido por las siguientes entidades y organismos universitarios y gubernamentales: <a rel=\"noreferrer noopener\" href=\"http:\/\/www.lrc.rpi.edu\/\" target=\"_blank\">Centro de Investigaci\u00f3n de Iluminaci\u00f3n del Instituto Polit\u00e9cnico Rensselaer (RPI \/ LRC)<\/a>&nbsp;,&nbsp;<a rel=\"noreferrer noopener\" href=\"http:\/\/www.nibio.no\/en\" target=\"_blank\">Instituto de Investigaci\u00f3n de Bioeconom\u00eda de Noruega (NIBIO)<\/a>&nbsp;, <a rel=\"noreferrer noopener\" href=\"https:\/\/www.nmbu.no\/en\" target=\"_blank\">Universidad Noruega de Ciencias de la Vida (NMBU)<\/a>&nbsp;, <a rel=\"noreferrer noopener\" href=\"http:\/\/gcrec.ifas.ufl.edu\/\" target=\"_blank\">Centro de Investigaci\u00f3n y Educaci\u00f3n de la Costa del Golfo de<\/a>&nbsp;la&nbsp;<a rel=\"noreferrer noopener\" href=\"http:\/\/gcrec.ifas.ufl.edu\/\" target=\"_blank\">Universidad de Florida (UFL \/ GCREC),<\/a>&nbsp;y&nbsp;<a rel=\"noreferrer noopener\" href=\"https:\/\/nysaes.cals.cornell.edu\/\" target=\"_blank\">la Estaci\u00f3n Experimental de Geneve de la Universidad de Cornell, Nueva York.&nbsp;<\/a>El trabajo abarca disciplinas desde el crecimiento de las plantas y la fotobiolog\u00eda hasta la f\u00edsica y la tecnolog\u00eda de iluminaci\u00f3n. <\/p>\n\n\n\n<div style=\"height:20px\" aria-hidden=\"true\" class=\"wp-block-spacer\"><\/div>\n\n\n\n<p class=\"has-small-font-size\"><em><strong>Fuentes: Universidad de Cornell, Lighting Research Center&nbsp;(LRC)&nbsp;del Rensselaer Polytechnic Institute, Light and Plant Health y notas de las publicaciones Infowine, freshplaza.es y agrogip.chil.me<\/strong><\/em><\/p>\n\n\n\n<div style=\"height:20px\" aria-hidden=\"true\" class=\"wp-block-spacer\"><\/div>\n","protected":false},"excerpt":{"rendered":"<p>Es una m\u00e1quina aut\u00f3noma que, durante la noche, va recorriendo los vi\u00f1edos con una especie&hellip;<\/p>\n","protected":false},"author":3,"featured_media":14591,"comment_status":"open","ping_status":"open","sticky":false,"template":"","format":"standard","meta":{"footnotes":""},"categories":[5],"tags":[],"class_list":["post-14555","post","type-post","status-publish","format-standard","has-post-thumbnail","hentry","category-fincas"],"_links":{"self":[{"href":"https:\/\/enolife.com.ar\/es\/wp-json\/wp\/v2\/posts\/14555","targetHints":{"allow":["GET"]}}],"collection":[{"href":"https:\/\/enolife.com.ar\/es\/wp-json\/wp\/v2\/posts"}],"about":[{"href":"https:\/\/enolife.com.ar\/es\/wp-json\/wp\/v2\/types\/post"}],"author":[{"embeddable":true,"href":"https:\/\/enolife.com.ar\/es\/wp-json\/wp\/v2\/users\/3"}],"replies":[{"embeddable":true,"href":"https:\/\/enolife.com.ar\/es\/wp-json\/wp\/v2\/comments?post=14555"}],"version-history":[{"count":0,"href":"https:\/\/enolife.com.ar\/es\/wp-json\/wp\/v2\/posts\/14555\/revisions"}],"wp:featuredmedia":[{"embeddable":true,"href":"https:\/\/enolife.com.ar\/es\/wp-json\/wp\/v2\/media\/14591"}],"wp:attachment":[{"href":"https:\/\/enolife.com.ar\/es\/wp-json\/wp\/v2\/media?parent=14555"}],"wp:term":[{"taxonomy":"category","embeddable":true,"href":"https:\/\/enolife.com.ar\/es\/wp-json\/wp\/v2\/categories?post=14555"},{"taxonomy":"post_tag","embeddable":true,"href":"https:\/\/enolife.com.ar\/es\/wp-json\/wp\/v2\/tags?post=14555"}],"curies":[{"name":"wp","href":"https:\/\/api.w.org\/{rel}","templated":true}]}}