{"id":145546,"date":"2025-05-06T18:40:23","date_gmt":"2025-05-06T18:40:23","guid":{"rendered":"https:\/\/enolife.com.ar\/es\/?p=145546"},"modified":"2025-05-07T22:20:38","modified_gmt":"2025-05-07T22:20:38","slug":"la-fisiologia-de-la-vid-y-la-relacion-planta-ambiente-en-un-posgrado-de-la-uncuyo-del-19-al-24-5","status":"publish","type":"post","link":"https:\/\/enolife.com.ar\/es\/la-fisiologia-de-la-vid-y-la-relacion-planta-ambiente-en-un-posgrado-de-la-uncuyo-del-19-al-24-5\/","title":{"rendered":"La fisiolog\u00eda de la vid y la relaci\u00f3n planta-ambiente, en un posgrado de la UNCuyo del 19 al 24\/5"},"content":{"rendered":"\n<h4 class=\"wp-block-heading\"><em><strong>Con modalidad presencial y dictado en lengua inglesa, la Facultad de Ciencias Agrarias dictar\u00e1 el Curso de Posgrado \u00abLa fisiolog\u00eda de la vid\u00bb. El curso incluye clases te\u00f3ricas y clases pr\u00e1cticas en vi\u00f1edos y bodegas de Mendoza, con un examen final escrito. Informes, contacto e inscripciones, en el link abajo consignado.<\/strong><\/em><\/h4>\n\n\n\n<div style=\"height:35px\" aria-hidden=\"true\" class=\"wp-block-spacer\"><\/div>\n\n\n\n\n\n<div style=\"height:45px\" aria-hidden=\"true\" class=\"wp-block-spacer\"><\/div>\n\n\n<div class=\"wp-block-image\">\n<figure class=\"alignleft size-full is-resized\"><a href=\"https:\/\/enolife.com.ar\/es\/wp-content\/uploads\/2025\/05\/Imagen1-5.jpg\" data-rel=\"penci-gallery-image-content\" ><img loading=\"lazy\" decoding=\"async\" width=\"459\" height=\"510\" src=\"https:\/\/enolife.com.ar\/es\/wp-content\/uploads\/2025\/05\/Imagen1-5.jpg\" alt=\"\" class=\"wp-image-145548\" style=\"width:315px;height:auto\" srcset=\"https:\/\/enolife.com.ar\/es\/wp-content\/uploads\/2025\/05\/Imagen1-5.jpg 459w, https:\/\/enolife.com.ar\/es\/wp-content\/uploads\/2025\/05\/Imagen1-5-270x300.jpg 270w\" sizes=\"auto, (max-width: 459px) 100vw, 459px\" \/><\/a><\/figure><\/div>\n\n\n<p>Del <strong>19 al 24 de mayo de 2025<\/strong>, la <strong>Facultad de Ciencias Agrarias (FCA) de la Universidad Nacional de Cuyo (UNCuyo) <\/strong>dictar\u00e1 el Curso de Posgrado de <strong>\u201cFisiolog\u00eda de la vid\u201d<\/strong>, cuyo objetivo es dar a conocer los principios de la fisiolog\u00eda de la vid, entender la influencia de distintos factores sobre los procesos fisiol\u00f3gicos de la vid y comprender la relaci\u00f3n planta-ambiente y sus aplicaciones agron\u00f3micas.<\/p>\n\n\n\n<p>El curso consistir\u00e1 en clases te\u00f3ricas y visitas a vi\u00f1edos y tendr\u00e1 un examen final escrito (individual a libro cerrado). Se contar\u00e1 con las presentaciones de las clases y el libro del en\u00f3logo, docente e investigador estadounidense <strong>Markus Keller, \u00abThe Science of Grapevine: Anatomy and Physiology\u00bb<\/strong>. La modalidad es presencial y el dictado es en lengua inglesa.<\/p>\n\n\n\n<p>Al finalizar el curso los alumnos deber\u00e1n: <br>-Conocer los principios de la fisiolog\u00eda de la vid. <br>-Entender la influencia de distintos factores sobre los procesos fisiol\u00f3gicos de la vid.<br>-Comprender la relaci\u00f3n planta-ambiente y sus aplicaciones agron\u00f3micas.<\/p>\n\n\n\n<p><strong>Docentes<\/strong>: Dr. Markus Keller (<strong>Washington State University<\/strong>, EEUU) y Dr. <strong>Jorge P\u00e9rez Pe\u00f1a<\/strong> (INTA-EEA Mendoza)<\/p>\n\n\n\n<div style=\"height:35px\" aria-hidden=\"true\" class=\"wp-block-spacer\"><\/div>\n\n\n\n<p class=\"has-medium-font-size\"><strong>Temas de las clases<\/strong><\/p>\n\n\n\n<ul class=\"wp-block-list\">\n<li>Fenolog\u00eda de la vid, ciclos de crecimiento<\/li>\n\n\n\n<li>Formaci\u00f3n del rendimiento y composici\u00f3n de la fruta<\/li>\n\n\n\n<li>Determinaci\u00f3n de la calidad de fruta, comparaci\u00f3n de s\u00f3lidos solubles, estrategias de muestreo<\/li>\n\n\n\n<li>Fotos\u00edntesis, respiraci\u00f3n, transporte por floema, relaciones fuente-destino<\/li>\n\n\n\n<li>Interacciones canopia ambiente<\/li>\n\n\n\n<li>Luz y mediciones de intercambio gaseoso<\/li>\n\n\n\n<li>Relaciones h\u00eddricas, actividad estom\u00e1tica, flujo de agua<\/li>\n\n\n\n<li>Riego deficitario y composici\u00f3n de fruta<\/li>\n\n\n\n<li>Mediciones de potencial agua, trazado del agua del xilema<\/li>\n\n\n\n<li>Asimilaci\u00f3n de nutrientes, asimilaci\u00f3n de nitr\u00f3geno<\/li>\n\n\n\n<li>An\u00e1lisis y discusi\u00f3n de art\u00edculos cient\u00edficos<\/li>\n<\/ul>\n\n\n\n<p class=\"has-background\" style=\"background-color:#abb7c24d\"><strong>Informes y contacto: <a href=\"mailto:sectyp@fca.uncu.edu.ar\">sectyp@fca.uncu.edu.ar<\/a><\/strong><\/p>\n\n\n\n<div style=\"height:35px\" aria-hidden=\"true\" class=\"wp-block-spacer\"><\/div>\n\n\n<div class=\"wp-block-image\">\n<figure class=\"alignleft size-full\"><a href=\"https:\/\/enolife.com.ar\/es\/wp-content\/uploads\/2025\/05\/image-27.png\" data-rel=\"penci-gallery-image-content\" ><img loading=\"lazy\" decoding=\"async\" width=\"225\" height=\"225\" src=\"https:\/\/enolife.com.ar\/es\/wp-content\/uploads\/2025\/05\/image-27.png\" alt=\"\" class=\"wp-image-145562\" srcset=\"https:\/\/enolife.com.ar\/es\/wp-content\/uploads\/2025\/05\/image-27.png 225w, https:\/\/enolife.com.ar\/es\/wp-content\/uploads\/2025\/05\/image-27-150x150.png 150w\" sizes=\"auto, (max-width: 225px) 100vw, 225px\" \/><\/a><\/figure><\/div>\n\n\n<p class=\"has-medium-font-size\"><strong>Sobre el Dr. Markus Keller<\/strong><\/p>\n\n\n\n<p>Profesor en Viticultura y Enolog\u00eda en Prosser, en el Estado de Washington, desde 2001. PhD del Instituto Federal de Tecnolog\u00eda de Suiza en Zurich. Su funci\u00f3n principal como investigador cient\u00edfico en el campo de la uva es generar conocimiento y desarrollar aplicaciones para beneficio de los viticultores y de la sociedad en general. Su programa de investigaci\u00f3n se centra en los factores ambientales y de desarrollo, as\u00ed como en las pr\u00e1cticas de manejo, ya que influyen en la fisiolog\u00eda, la productividad y la calidad de los cultivos de uvas para vino y jugo. Aborda cuestiones relacionadas con el suministro de agua, incluyendo el riego, as\u00ed como la nutrici\u00f3n y la mecanizaci\u00f3n del vi\u00f1edo durante los meses de verano y las lesiones por fr\u00edo durante los meses de invierno. Tambi\u00e9n imparte docencia a nivel de pregrado y posgrado, as\u00ed como en programas de certificaci\u00f3n on line.<\/p>\n\n\n\n<div style=\"height:35px\" aria-hidden=\"true\" class=\"wp-block-spacer\"><\/div>\n\n\n\n<p><\/p>\n","protected":false},"excerpt":{"rendered":"<p>Con modalidad presencial y dictado en lengua inglesa, la Facultad de Ciencias Agrarias dictar\u00e1 el&hellip;<\/p>\n","protected":false},"author":2,"featured_media":145560,"comment_status":"open","ping_status":"open","sticky":false,"template":"","format":"standard","meta":{"footnotes":""},"categories":[47],"tags":[],"class_list":["post-145546","post","type-post","status-publish","format-standard","has-post-thumbnail","hentry","category-agenda"],"_links":{"self":[{"href":"https:\/\/enolife.com.ar\/es\/wp-json\/wp\/v2\/posts\/145546","targetHints":{"allow":["GET"]}}],"collection":[{"href":"https:\/\/enolife.com.ar\/es\/wp-json\/wp\/v2\/posts"}],"about":[{"href":"https:\/\/enolife.com.ar\/es\/wp-json\/wp\/v2\/types\/post"}],"author":[{"embeddable":true,"href":"https:\/\/enolife.com.ar\/es\/wp-json\/wp\/v2\/users\/2"}],"replies":[{"embeddable":true,"href":"https:\/\/enolife.com.ar\/es\/wp-json\/wp\/v2\/comments?post=145546"}],"version-history":[{"count":0,"href":"https:\/\/enolife.com.ar\/es\/wp-json\/wp\/v2\/posts\/145546\/revisions"}],"wp:featuredmedia":[{"embeddable":true,"href":"https:\/\/enolife.com.ar\/es\/wp-json\/wp\/v2\/media\/145560"}],"wp:attachment":[{"href":"https:\/\/enolife.com.ar\/es\/wp-json\/wp\/v2\/media?parent=145546"}],"wp:term":[{"taxonomy":"category","embeddable":true,"href":"https:\/\/enolife.com.ar\/es\/wp-json\/wp\/v2\/categories?post=145546"},{"taxonomy":"post_tag","embeddable":true,"href":"https:\/\/enolife.com.ar\/es\/wp-json\/wp\/v2\/tags?post=145546"}],"curies":[{"name":"wp","href":"https:\/\/api.w.org\/{rel}","templated":true}]}}