{"id":145387,"date":"2025-05-03T23:18:27","date_gmt":"2025-05-03T23:18:27","guid":{"rendered":"https:\/\/enolife.com.ar\/es\/?p=145387"},"modified":"2025-05-06T00:17:56","modified_gmt":"2025-05-06T00:17:56","slug":"bodegas-de-argentina-realizo-su-balance-2024-y-eligio-directivos-en-la-asamblea-anual-de-socios","status":"publish","type":"post","link":"https:\/\/enolife.com.ar\/es\/bodegas-de-argentina-realizo-su-balance-2024-y-eligio-directivos-en-la-asamblea-anual-de-socios\/","title":{"rendered":"Bodegas de Argentina realiz\u00f3 su balance 2024 y eligi\u00f3 directivos en la Asamblea anual de socios"},"content":{"rendered":"\n<h4 class=\"wp-block-heading\"><em><strong>El mi\u00e9rcoles 30 de abril de 2025, en Mendoza, la c\u00e1mara empresaria del vino realiz\u00f3 su Asamblea Anual. Se expusieron las actividades realizadas por la instituci\u00f3n durante el a\u00f1o 2024 a trav\u00e9s de las distintas \u00e1reas que la componen y se renovaron autoridades. Walter Bressia contin\u00faa al frente de la presidencia. Tras el acto realizado en Bodega Los Toneles, dirigentes de gobierno y de universidades, junto a los asociados, compartieron un c\u00f3ctel.<\/strong><\/em><\/h4>\n\n\n\n<div style=\"height:36px\" aria-hidden=\"true\" class=\"wp-block-spacer\"><\/div>\n\n\n<a href=\"http:\/\/www.quiminsa.com.ar\/\" aria-label=\"banner quiminsa b 1700&#215;500\"><img loading=\"lazy\" decoding=\"async\" src=\"https:\/\/enolife.com.ar\/es\/wp-content\/uploads\/2022\/04\/banner-quiminsa-b-1700x500-1.jpg\" alt=\"\"  srcset=\"https:\/\/enolife.com.ar\/es\/wp-content\/uploads\/2022\/04\/banner-quiminsa-b-1700x500-1.jpg 1700w, https:\/\/enolife.com.ar\/es\/wp-content\/uploads\/2022\/04\/banner-quiminsa-b-1700x500-1-300x88.jpg 300w, https:\/\/enolife.com.ar\/es\/wp-content\/uploads\/2022\/04\/banner-quiminsa-b-1700x500-1-1024x301.jpg 1024w, https:\/\/enolife.com.ar\/es\/wp-content\/uploads\/2022\/04\/banner-quiminsa-b-1700x500-1-768x226.jpg 768w, https:\/\/enolife.com.ar\/es\/wp-content\/uploads\/2022\/04\/banner-quiminsa-b-1700x500-1-1536x452.jpg 1536w, https:\/\/enolife.com.ar\/es\/wp-content\/uploads\/2022\/04\/banner-quiminsa-b-1700x500-1-1170x344.jpg 1170w, https:\/\/enolife.com.ar\/es\/wp-content\/uploads\/2022\/04\/banner-quiminsa-b-1700x500-1-585x172.jpg 585w\" sizes=\"auto, (max-width: 1700px) 100vw, 1700px\" width=\"1700\" height=\"500\"   \/><\/a>\n\n\n<div style=\"height:45px\" aria-hidden=\"true\" class=\"wp-block-spacer\"><\/div>\n\n\n\n<p>El 30 de abril pasado se realiz\u00f3 la<strong> Asamblea Anual de Socios<\/strong> de <strong>Bodegas de Argentina (BdA), <\/strong>correspondiente al a\u00f1o 2024. All\u00ed qued\u00f3 conformado el nuevo Directorio de la instituci\u00f3n. El acto formal de la c\u00e1mara empresaria del vino se realiz\u00f3 en <strong>Bodega Los Toneles<\/strong>, ubicada en el departamento de Guaymall\u00e9n, provincia de Mendoza, y los socios y directivos participaron tanto de manera presencial como virtual.<\/p>\n\n\n\n<p>En dicha asamblea se aprob\u00f3 por unanimidad la Memoria 2024, el Balance y Estados Contables correspondiente al ejercicio 2024 y se vot\u00f3 la propuesta de la nueva conformaci\u00f3n del Directorio de Bodegas de Argentina, que continua siendo presidido por <strong>Walter Bressia.<\/strong><\/p>\n\n\n\n<div style=\"height:30px\" aria-hidden=\"true\" class=\"wp-block-spacer\"><\/div>\n\n\n<div class=\"wp-block-image\">\n<figure class=\"aligncenter size-full is-resized\"><a href=\"https:\/\/enolife.com.ar\/es\/wp-content\/uploads\/2025\/05\/foto-asambea-2-2.jpg\" data-rel=\"penci-gallery-image-content\" ><img loading=\"lazy\" decoding=\"async\" width=\"766\" height=\"444\" src=\"https:\/\/enolife.com.ar\/es\/wp-content\/uploads\/2025\/05\/foto-asambea-2-2.jpg\" alt=\"\" class=\"wp-image-145395\" style=\"width:646px;height:auto\" srcset=\"https:\/\/enolife.com.ar\/es\/wp-content\/uploads\/2025\/05\/foto-asambea-2-2.jpg 766w, https:\/\/enolife.com.ar\/es\/wp-content\/uploads\/2025\/05\/foto-asambea-2-2-300x174.jpg 300w, https:\/\/enolife.com.ar\/es\/wp-content\/uploads\/2025\/05\/foto-asambea-2-2-585x339.jpg 585w\" sizes=\"auto, (max-width: 766px) 100vw, 766px\" \/><\/a><figcaption class=\"wp-element-caption\"><em><strong>Milton Kuret y Walter Bressia<\/strong><\/em><\/figcaption><\/figure><\/div>\n\n\n<div style=\"height:30px\" aria-hidden=\"true\" class=\"wp-block-spacer\"><\/div>\n\n\n\n<p><em>\u201cComo es habitual cada a\u00f1o, celebramos nuestra Asamblea Anual de Socios y con ella qued\u00f3 conformado el nuevo Directorio, que tengo el honor de continuar presidiendo dado que mi mandato y el de los vicepresidentes vencen el pr\u00f3ximo a\u00f1o. S\u00f3lo renovamos parte del Directorio, cuyo mandato vence peri\u00f3dicamente acorde a nuestros estatutos. Recorrimos el a\u00f1o pasado a trav\u00e9s de la exposici\u00f3n de la Memoria, un repaso de todas y cada una de las actividades que llevamos adelante en 2024 desde nuestra instituci\u00f3n, en cada una de las \u00e1reas que la integran. Hubo una amplia participaci\u00f3n de autoridades y socios, que acompa\u00f1aron presencial y virtualmente seg\u00fan sus posibilidades. Fue una muy buena jornada\u201d<\/em>, expres\u00f3 el <strong>presidente de Bodegas de Argentina, Walter Bressia,<\/strong> al cierre de la asamblea, agregando que la entidad continuar\u00e1 trabajando fuertemente por la industria vitivin\u00edcola nacional.<\/p>\n\n\n\n<p>Seguidamente, el <strong>director ejecutivo de BdA, Milton Kuret<\/strong>, a\u00f1adi\u00f3: <em>\u201cNos satisface la participaci\u00f3n y el compromiso de las empresas puesto de manifiesto a trav\u00e9s de sus directivos y colaboradores. Los socios y Directores apoyaron de manera un\u00e1nime cada una de las acciones que se desarrollaron en el 2024 y que llevamos adelante en el presente a\u00f1o. Un agradecimiento muy especial a todos ellos\u201d.<\/em><\/p>\n\n\n\n<div style=\"height:35px\" aria-hidden=\"true\" class=\"wp-block-spacer\"><\/div>\n\n\n\n<p><strong>El Comit\u00e9 Ejecutivo de Bodegas de Argentina qued\u00f3 conformado por: <\/strong><\/p>\n\n\n\n<ul class=\"wp-block-list\">\n<li>Presidente: Walter Bressia, Grappolo SA-Bodega Bressia. <\/li>\n\n\n\n<li>Vicepresidente 1\u00b0: Juan Schamber, Grupo Pe\u00f1aflor SA. <\/li>\n\n\n\n<li>Vicepresidente 2\u00b0: Alejandro Vigil, Bodegas Esmeralda SA. <\/li>\n\n\n\n<li>Secretario: Marcos Jofr\u00e9, Trivento Bodegas y Vi\u00f1edos SA. <\/li>\n\n\n\n<li>Prosecretario: Ramiro Barrios, Clos de los Siete SA. <\/li>\n\n\n\n<li>Tesorero: Marcelo Farmache, Artel Inc-Bodega Piattelli. <\/li>\n\n\n\n<li>Protesorero: Emilio Gi\u00fadice, Bodegas Chandon SA. <\/li>\n\n\n\n<li>Vice Presidentes Regionales Neuqu\u00e9n: Juna Carlos Schroeder. Bodegas Schroeder <\/li>\n\n\n\n<li>R\u00edo Negro: Guillermo Barzi, Bodega Humberto Canale SA. <\/li>\n\n\n\n<li>San Juan: Mario Pulenta, Bodegas Augusto Pulenta SA. <\/li>\n\n\n\n<li>La Rioja: Jorge Chamas, Bodega Cha\u00f1armuyo S. A. <\/li>\n\n\n\n<li>Buenos Aires: Mat\u00edas Avico, Molinos R\u00edo de la Plata SA-Nieto Senetiner. <\/li>\n\n\n\n<li>Mendoza, Luj\u00e1n: Sebasti\u00e1n Barboza, Lagarde SA. <\/li>\n\n\n\n<li>Mendoza-Maip\u00fa: Santiago Ribisich, Bodega Antigal SA. <\/li>\n\n\n\n<li>Mendoza-Valle de Uco: Eduardo Pulenta, Bodegas y Vi\u00f1edos Hugo y Eduardo Pulenta SA. <\/li>\n\n\n\n<li>Mendoza-Zona Este: Daniel G\u00f3mez, Tittarelli Vitivin\u00edcola y Oliv\u00edcola SA. <\/li>\n\n\n\n<li>Mendoza-Zona Sur: Alejandro Roca, Roca SA. <\/li>\n\n\n\n<li>Ex Presidenta: Patricia Ortiz, Fincas Patag\u00f3nicas SA-Bodega Tapiz. <\/li>\n\n\n\n<li>Representante PyMes: Claudia Piedrahita, Casarena Vi\u00f1edos y Bodega SA.<\/li>\n<\/ul>\n\n\n\n<div style=\"height:30px\" aria-hidden=\"true\" class=\"wp-block-spacer\"><\/div>\n","protected":false},"excerpt":{"rendered":"<p>El mi\u00e9rcoles 30 de abril de 2025, en Mendoza, la c\u00e1mara empresaria del vino realiz\u00f3&hellip;<\/p>\n","protected":false},"author":2,"featured_media":145398,"comment_status":"open","ping_status":"open","sticky":false,"template":"","format":"standard","meta":{"footnotes":""},"categories":[14],"tags":[],"class_list":["post-145387","post","type-post","status-publish","format-standard","has-post-thumbnail","hentry","category-news"],"_links":{"self":[{"href":"https:\/\/enolife.com.ar\/es\/wp-json\/wp\/v2\/posts\/145387","targetHints":{"allow":["GET"]}}],"collection":[{"href":"https:\/\/enolife.com.ar\/es\/wp-json\/wp\/v2\/posts"}],"about":[{"href":"https:\/\/enolife.com.ar\/es\/wp-json\/wp\/v2\/types\/post"}],"author":[{"embeddable":true,"href":"https:\/\/enolife.com.ar\/es\/wp-json\/wp\/v2\/users\/2"}],"replies":[{"embeddable":true,"href":"https:\/\/enolife.com.ar\/es\/wp-json\/wp\/v2\/comments?post=145387"}],"version-history":[{"count":0,"href":"https:\/\/enolife.com.ar\/es\/wp-json\/wp\/v2\/posts\/145387\/revisions"}],"wp:featuredmedia":[{"embeddable":true,"href":"https:\/\/enolife.com.ar\/es\/wp-json\/wp\/v2\/media\/145398"}],"wp:attachment":[{"href":"https:\/\/enolife.com.ar\/es\/wp-json\/wp\/v2\/media?parent=145387"}],"wp:term":[{"taxonomy":"category","embeddable":true,"href":"https:\/\/enolife.com.ar\/es\/wp-json\/wp\/v2\/categories?post=145387"},{"taxonomy":"post_tag","embeddable":true,"href":"https:\/\/enolife.com.ar\/es\/wp-json\/wp\/v2\/tags?post=145387"}],"curies":[{"name":"wp","href":"https:\/\/api.w.org\/{rel}","templated":true}]}}