{"id":145381,"date":"2025-05-05T01:09:43","date_gmt":"2025-05-05T01:09:43","guid":{"rendered":"https:\/\/enolife.com.ar\/es\/?p=145381"},"modified":"2025-05-05T17:23:19","modified_gmt":"2025-05-05T17:23:19","slug":"respaldan-la-continuidad-de-la-coviar-31-entidades-vitivinicolas-municipales-y-educativas-del-pais","status":"publish","type":"post","link":"https:\/\/enolife.com.ar\/es\/respaldan-la-continuidad-de-la-coviar-31-entidades-vitivinicolas-municipales-y-educativas-del-pais\/","title":{"rendered":"Respaldan la continuidad de la Coviar 31 entidades vitivin\u00edcolas, municipales y educativas del pa\u00eds"},"content":{"rendered":"\n<h4 class=\"wp-block-heading\"><em><strong>En un comunicado conjunto emitido el 1\/5\/25, 31 instituciones p\u00fablicas y privadas de 9 provincias vitivin\u00edcolas de Argentina, nucleadas en los Centros de Desarrollo Vit\u00edcolas (CDR), manifestaron su apoyo a la labor y a la continuidad de la Corporaci\u00f3n Vitivin\u00edcola Argentina (Coviar), frente al proyecto de ley del diputado Dami\u00e1n Arabia (PRO) que propone derogar la ley 25.849, sancionada en 2004 por consenso del Congreso Nacional. Esta ley, en plena vigencia, cre\u00f3 a la Coviar con el objetivo de implementar el plan PEVI para el desarrollo de la industria vitivin\u00edcola argentina.<\/strong><\/em><\/h4>\n\n\n\n<div style=\"height:35px\" aria-hidden=\"true\" class=\"wp-block-spacer\"><\/div>\n\n\n\n\n\n<div style=\"height:45px\" aria-hidden=\"true\" class=\"wp-block-spacer\"><\/div>\n\n\n\n<p>A continuaci\u00f3n, replicamos el texto \u00edntegro del comunicado de los <strong>Centros de Desarrollo Vit\u00edcolas:<\/strong><\/p>\n\n\n\n<p><em>\u00abLos Centros de Desarrollo Vit\u00edcolas (CDV), integrados por 31 instituciones que forman parte de los Consejos Locales Asesores de los Centros, ante el proyecto de derogaci\u00f3n de la Ley 25.849, que dio origen a la Corporaci\u00f3n Vitivin\u00edcola Argentina (Coviar) y al Plan Estrat\u00e9gico Vitivin\u00edcola (PEVI), expresan su profunda preocupaci\u00f3n en relaci\u00f3n a que:<\/em><\/p>\n\n\n\n<ul class=\"wp-block-list\">\n<li><em>\u00abLa Ley 25.849 y la institucionalidad que representa son una construcci\u00f3n federal nacida en el interior productivo del pa\u00eds, con el compromiso de sus protagonistas y una mirada estrat\u00e9gica a largo plazo.<\/em><\/li>\n\n\n\n<li><em>\u00abLos Centros de Desarrollo Vit\u00edcola representan una red federal de articulaci\u00f3n promovida por COVIAR y el INTA para acompa\u00f1ar a la producci\u00f3n vitivin\u00edcola en el territorio. Su foco est\u00e1 puesto en fortalecer la competitividad de los peque\u00f1os y medianos productores, impulsando mejoras productivas, innovaci\u00f3n, sostenibilidad y desarrollo local.<\/em><\/li>\n\n\n\n<li>\u00ab<em>Hoy, esta red tiene presencia activa en nueve provincias vitivin\u00edcolas -Salta, Tucum\u00e1n, Catamarca, La Rioja, San Juan, Mendoza, Neuqu\u00e9n y R\u00edo Negro- y se ha convertido en un canal concreto para acercar herramientas t\u00e9cnicas y estrat\u00e9gicas a quienes producen en el territorio.<\/em><\/li>\n\n\n\n<li><em>\u00abLa existencia de Coviar como instituci\u00f3n articuladora ha permitido que el propio sector productivo dise\u00f1e y sostenga una pol\u00edtica estrat\u00e9gica de desarrollo. Esta capacidad de construir consensos, unir esfuerzos y definir prioridades con una visi\u00f3n a largo plazo es lo que ha distinguido a la uva, al jugo concentrado de uva, a la pasa de uva, a la uva de mesa y al enoturismo, y ha convertido al vino argentino en una marca pa\u00eds reconocida globalmente.<\/em><\/li>\n\n\n\n<li><em>\u00abAtacar esta construcci\u00f3n institucional no s\u00f3lo debilita la organizaci\u00f3n del sector: tambi\u00e9n afecta directamente a miles de productores, trabajadores y empresas que todos los d\u00edas apuestan al desarrollo de una vitivinicultura diversa, sostenible, competitiva y con fuerte identidad territorial.<\/em><\/li>\n\n\n\n<li><em>\u00abEl Plan Estrat\u00e9gico Vitivin\u00edcola y Coviar son herramientas creadas por el propio sector productivo para potenciar su desarrollo. Su trabajo permite sostener una red federal y diversa que acompa\u00f1a a miles de productores en todo el pa\u00eds. Sin este espacio de articulaci\u00f3n y estrategia com\u00fan, se debilita la capacidad del sector productivo de trabajar coordinadamente, multiplicar esfuerzos y proyectar una vitivinicultura diversa, innovadora y con visi\u00f3n de futuro.\u00bb<\/em><\/li>\n<\/ul>\n\n\n\n<div style=\"height:35px\" aria-hidden=\"true\" class=\"wp-block-spacer\"><\/div>\n\n\n\n<p class=\"has-medium-font-size\"><strong><em>Centros de Desarrollo Vit\u00edcola<\/em><\/strong><\/p>\n\n\n\n<p><strong><em>Valles Calchaqu\u00edes: Salta, Tucum\u00e1n y Catamarca.<\/em><\/strong><\/p>\n\n\n\n<ul class=\"wp-block-list\">\n<li><em>Centro de Desarrollo Vit\u00edcola Valle Calchaqu\u00ed.<\/em><\/li>\n<\/ul>\n\n\n\n<p><strong><em>Catamarca<\/em><\/strong><\/p>\n\n\n\n<ul class=\"wp-block-list\">\n<li><em>Centro de Desarrollo Vit\u00edcola Tinogasta.<\/em><\/li>\n<\/ul>\n\n\n\n<p><strong><em>La Rioja<\/em><\/strong><\/p>\n\n\n\n<ul class=\"wp-block-list\">\n<li><em>Centro de Desarrollo Vit\u00edcola La Rioja<\/em><\/li>\n<\/ul>\n\n\n\n<p><strong><em>San Juan<\/em><\/strong><\/p>\n\n\n\n<ul class=\"wp-block-list\">\n<li><em>Centro de Desarrollo Vit\u00edcola Caucete.<\/em><\/li>\n\n\n\n<li><em>Centro de Desarrollo Vit\u00edcola Media Agua.<\/em><\/li>\n\n\n\n<li><em>Centro de Desarrollo Vit\u00edcola San Mart\u00edn.<\/em><\/li>\n<\/ul>\n\n\n\n<p><strong><em>Mendoza<\/em><\/strong><\/p>\n\n\n\n<ul class=\"wp-block-list\">\n<li><em>Centro de Desarrollo Vit\u00edcola Zona Centro-Norte. Luj\u00e1n, Lavalle y Maip\u00fa.<\/em><\/li>\n\n\n\n<li><em>Centro de Desarrollo Vit\u00edcola Zona Este. La Paz, Rivadavia, Jun\u00edn, Santa Rosa, San Mart\u00edn.<\/em><\/li>\n\n\n\n<li><em>Centro de Desarrollo Vit\u00edcola Zona Sur. Gral. Alvear.<\/em><\/li>\n\n\n\n<li><em>Centro de Desarrollo Vit\u00edcola Zona Sur. San Rafael.<\/em><\/li>\n\n\n\n<li><em>Centro de Desarrollo Vit\u00edcola Valle de Uco.<\/em><\/li>\n<\/ul>\n\n\n\n<p><strong><em>R\u00edo Negro y Neuqu\u00e9n<\/em><\/strong><\/p>\n\n\n\n<ul class=\"wp-block-list\">\n<li><em>Centro de Desarrollo Vit\u00edcola Patagonia Norte.<\/em><\/li>\n<\/ul>\n\n\n\n<div style=\"height:35px\" aria-hidden=\"true\" class=\"wp-block-spacer\"><\/div>\n\n\n\n<p><strong>E<em>stas son las instituciones, empresas y agrupaciones integrantes de los Consejos Locales Asesores que firman y adhieren a este comunicado:<\/em><\/strong><\/p>\n\n\n\n<ol class=\"wp-block-list\">\n<li>ACPES.<\/li>\n\n\n\n<li>Agencia INTA Cafayate (Salta).<\/li>\n\n\n\n<li>Asociaci\u00f3n de Cooperativas Vitivin\u00edcolas.<\/li>\n\n\n\n<li>Asociaci\u00f3n de Productores La Banda.<\/li>\n\n\n\n<li>Asociaci\u00f3n de Vi\u00f1ateros de Mendoza.<\/li>\n\n\n\n<li>Asociaci\u00f3n elaboradores de vinos caseros (Mendoza).<\/li>\n\n\n\n<li>Asociaci\u00f3n Inspecci\u00f3n de Cauce San Mart\u00edn (Mendoza).<\/li>\n\n\n\n<li>C\u00e1mara de productores vit\u00edcolas de San Juan.<\/li>\n\n\n\n<li>Camara Riojana de Productores Agropecuarios.<\/li>\n\n\n\n<li>Centro de productores de Angaco (San Juan).<\/li>\n\n\n\n<li>Concejo Deliberante de Tinogasta (Catamarca).<\/li>\n\n\n\n<li>Cooperativa Cepas de Sarmiento (San Juan).<\/li>\n\n\n\n<li>Cooperativa Cerro Valdivia (San Juan).<\/li>\n\n\n\n<li>Cooperativa de Productores Vitivin\u00edcolas Cafayate Ltda. (Salta).<\/li>\n\n\n\n<li>Departamento de Hidr\u00e1ulica Sarmiento (San Juan).<\/li>\n\n\n\n<li>Escuela Agrotecnica de Sarmiento (San Juan).<\/li>\n\n\n\n<li>Escuela Agrotecnica Tinogasta (Catamarca).<\/li>\n\n\n\n<li>Federaci\u00f3n de C\u00e1maras Vit\u00edcolas de la Rep\u00fablica Argentina.<\/li>\n\n\n\n<li>Gobierno de Catamarca. Agronom\u00eda de zona.<\/li>\n\n\n\n<li>Instituto de Estudios Superiores de Tinogasta (Catamarca).<\/li>\n\n\n\n<li>Instituto Superior T\u00e9cnico San Mart\u00edn (San Juan).<\/li>\n\n\n\n<li>INTA Media Agua (San Juan).<\/li>\n\n\n\n<li>La Riojana Cooperativa.<\/li>\n\n\n\n<li>Mesa de J\u00f3venes Vitivin\u00edcolas (San Juan).<\/li>\n\n\n\n<li>Mujeres productoras de uva (San Juan).<\/li>\n\n\n\n<li>Municipalidad de San Mart\u00edn (San Juan).<\/li>\n\n\n\n<li>Municipalidad de Tinogasta (Catamarca).<\/li>\n\n\n\n<li>Municipalidad Santa Rosa (Mendoza).<\/li>\n\n\n\n<li>Sindicato Contratistas de Vi\u00f1a.<\/li>\n\n\n\n<li>Universidad Nacional de San Juan. Facultad de Ingenier\u00eda, Ingenier\u00eda Agron\u00f3mica.<\/li>\n\n\n\n<li>Universidad Nacional del Comahue. Facultad de Ciencias Agrarias.\u00bb<\/li>\n<\/ol>\n\n\n\n<div style=\"height:35px\" aria-hidden=\"true\" class=\"wp-block-spacer\"><\/div>\n\n\n\n<p><\/p>\n","protected":false},"excerpt":{"rendered":"<p>En un comunicado conjunto emitido el 1\/5\/25, 31 instituciones p\u00fablicas y privadas de 9 provincias&hellip;<\/p>\n","protected":false},"author":2,"featured_media":145386,"comment_status":"open","ping_status":"open","sticky":false,"template":"","format":"standard","meta":{"footnotes":""},"categories":[12],"tags":[],"class_list":["post-145381","post","type-post","status-publish","format-standard","has-post-thumbnail","hentry","category-opinion"],"_links":{"self":[{"href":"https:\/\/enolife.com.ar\/es\/wp-json\/wp\/v2\/posts\/145381","targetHints":{"allow":["GET"]}}],"collection":[{"href":"https:\/\/enolife.com.ar\/es\/wp-json\/wp\/v2\/posts"}],"about":[{"href":"https:\/\/enolife.com.ar\/es\/wp-json\/wp\/v2\/types\/post"}],"author":[{"embeddable":true,"href":"https:\/\/enolife.com.ar\/es\/wp-json\/wp\/v2\/users\/2"}],"replies":[{"embeddable":true,"href":"https:\/\/enolife.com.ar\/es\/wp-json\/wp\/v2\/comments?post=145381"}],"version-history":[{"count":0,"href":"https:\/\/enolife.com.ar\/es\/wp-json\/wp\/v2\/posts\/145381\/revisions"}],"wp:featuredmedia":[{"embeddable":true,"href":"https:\/\/enolife.com.ar\/es\/wp-json\/wp\/v2\/media\/145386"}],"wp:attachment":[{"href":"https:\/\/enolife.com.ar\/es\/wp-json\/wp\/v2\/media?parent=145381"}],"wp:term":[{"taxonomy":"category","embeddable":true,"href":"https:\/\/enolife.com.ar\/es\/wp-json\/wp\/v2\/categories?post=145381"},{"taxonomy":"post_tag","embeddable":true,"href":"https:\/\/enolife.com.ar\/es\/wp-json\/wp\/v2\/tags?post=145381"}],"curies":[{"name":"wp","href":"https:\/\/api.w.org\/{rel}","templated":true}]}}