{"id":145133,"date":"2025-05-02T15:18:37","date_gmt":"2025-05-02T15:18:37","guid":{"rendered":"https:\/\/enolife.com.ar\/es\/?p=145133"},"modified":"2025-05-03T23:18:15","modified_gmt":"2025-05-03T23:18:15","slug":"el-centro-de-vinateros-y-bodegueros-del-este-defiende-la-derogacion-de-la-ley-25-849","status":"publish","type":"post","link":"https:\/\/enolife.com.ar\/es\/el-centro-de-vinateros-y-bodegueros-del-este-defiende-la-derogacion-de-la-ley-25-849\/","title":{"rendered":"El Centro de Vi\u00f1ateros y Bodegueros del Este defiende la derogaci\u00f3n de la Ley 25.849"},"content":{"rendered":"\n<h4 class=\"wp-block-heading\"><em><strong>Entre las entidades que se manifiestan a favor de la derogaci\u00f3n de la Ley 25.849, a trav\u00e9s de la cual se cre\u00f3 la Corporaci\u00f3n Vitivin\u00edcola Argentina (Coviar) en 2004 y se promovi\u00f3 el plan PEVI para el desarrollo de la vitivinicultura argentina, se encuentra el Centro de Vi\u00f1ateros y Bodegueros del Este, que public\u00f3 recientemente el comunicado que aqu\u00ed replicamos. Cabe recordar que el debate se plante\u00f3 y sigue en el escenario pol\u00edtico y de la industria vitivin\u00edcola a partir de mediados de abril, cuando el diputado nacional y representante de la Ciudad de Buenos Aires por el PRO, Dami\u00e1n Arabia, present\u00f3 en el Congreso argentino un proyecto de ley para derogar la mencionada ley<\/strong><\/em><strong><em>.<\/em><\/strong><\/h4>\n\n\n\n<div style=\"height:35px\" aria-hidden=\"true\" class=\"wp-block-spacer\"><\/div>\n\n\n\n\n\n<div style=\"height:35px\" aria-hidden=\"true\" class=\"wp-block-spacer\"><\/div>\n\n\n\n<p><em>\u00ab<strong>Comunicado: Apoyo a la derogaci\u00f3n de la ley 25.849\/03 que crea la Coviar<\/strong><\/em><\/p>\n\n\n\n<p><em>\u00abEl Centro de Vi\u00f1ateros y Bodegueros del Este expresa su apoyo a la derogaci\u00f3n de la Ley 25.849\/03 que crea la Corporaci\u00f3n Vitivin\u00edcola Argentina (Coviar) como persona jur\u00eddica de derecho p\u00fablico no estatal, a cargo de la implementaci\u00f3n del Plan estrat\u00e9gico vitivin\u00edcola 2020 (PEVI) e imponiendo una <strong>contribuci\u00f3n obligatoria <\/strong>a los establecimientos vitivin\u00edcolas.<\/em><\/p>\n\n\n\n<p><em>Fundamentamos nuestra posici\u00f3n en los siguientes argumentos:<\/em><\/p>\n\n\n\n<ol class=\"wp-block-list\">\n<li>\u00ab<em>A pesar de la multimillonaria suma de d\u00f3lares que administr\u00f3 la Coviar desde su inicio no logr\u00f3 los resultados que se propuso el PEVI en los objetivos estrat\u00e9gicos acordados, esto es, posicionar los vinos varietales argentinos en los mercados del norte, desarrollar el mercado latinoamericano, reimpulsar el mercado argentino de vinos y apoyar el desarrollo de peque\u00f1os productores de uva y su integraci\u00f3n al negocio vitivin\u00edcola.<\/em><\/li>\n\n\n\n<li><em>\u00abAun as\u00ed y habiendo operado el plazo de vencimiento en el a\u00f1o 2020, el PEVI fue prorrogado forzosamente en 10 a\u00f1os hasta el 2030 sin consensos y apoyos leg\u00edtimos, aunque con la complicidad de la clase pol\u00edtica que facilit\u00f3 los instrumentos para darle una cuestionable formalidad a dicha extensi\u00f3n; transcurrido la mitad de su tiempo y atento a lo que se vislumbra, el plan deambula a repetir la misma experiencia fallida.<\/em><\/li>\n\n\n\n<li><em>\u00abLa Coviar, en manos de algunos dirigentes desnaturaliz\u00f3 su misi\u00f3n e institucionalidad pretendiendo ser la expresi\u00f3n gremial de la vitivinicultura, pero adem\u00e1s y parad\u00f3jicamente, se empe\u00f1\u00f3 en competir en acciones y gestiones que le son propias a las entidades de base que conformaron su conducci\u00f3n.<\/em><\/li>\n\n\n\n<li><em>\u00abLa contribuci\u00f3n obligatoria se ha transformado en una carga impositiva injustificada.<\/em><\/li>\n<\/ol>\n\n\n\n<p><em>\u00abSiempre hemos destacado el esp\u00edritu de consenso y la planificaci\u00f3n a largo plazo que anim\u00f3 la creaci\u00f3n del PEVI, pero tambi\u00e9n y en tiempo y forma, criticamos y advertimos que el obstinado y sesgado comportamiento de algunos dirigentes de Coviar lo transformar\u00edan en una oportunidad perdida; nade tiene que ver un supuesto \u201ccentralismo porte\u00f1o\u201d o una \u201cpuja de modelos\u201d, el problema es interno a la industria.\u00bb<\/em><\/p>\n\n\n\n<p>\u00ab<em>Firmado por: Fernando Javier Palau, presidente del Centro de Vi\u00f1ateros y Bodegueros del Este\u00bb <\/em>-(foto principal). <\/p>\n\n\n\n<div style=\"height:35px\" aria-hidden=\"true\" class=\"wp-block-spacer\"><\/div>\n\n\n\n<p><\/p>\n","protected":false},"excerpt":{"rendered":"<p>Entre las entidades que se manifiestan a favor de la derogaci\u00f3n de la Ley 25.849,&hellip;<\/p>\n","protected":false},"author":2,"featured_media":145151,"comment_status":"open","ping_status":"open","sticky":false,"template":"","format":"standard","meta":{"footnotes":""},"categories":[56,14],"tags":[],"class_list":["post-145133","post","type-post","status-publish","format-standard","has-post-thumbnail","hentry","category-destacado","category-news"],"_links":{"self":[{"href":"https:\/\/enolife.com.ar\/es\/wp-json\/wp\/v2\/posts\/145133","targetHints":{"allow":["GET"]}}],"collection":[{"href":"https:\/\/enolife.com.ar\/es\/wp-json\/wp\/v2\/posts"}],"about":[{"href":"https:\/\/enolife.com.ar\/es\/wp-json\/wp\/v2\/types\/post"}],"author":[{"embeddable":true,"href":"https:\/\/enolife.com.ar\/es\/wp-json\/wp\/v2\/users\/2"}],"replies":[{"embeddable":true,"href":"https:\/\/enolife.com.ar\/es\/wp-json\/wp\/v2\/comments?post=145133"}],"version-history":[{"count":0,"href":"https:\/\/enolife.com.ar\/es\/wp-json\/wp\/v2\/posts\/145133\/revisions"}],"wp:featuredmedia":[{"embeddable":true,"href":"https:\/\/enolife.com.ar\/es\/wp-json\/wp\/v2\/media\/145151"}],"wp:attachment":[{"href":"https:\/\/enolife.com.ar\/es\/wp-json\/wp\/v2\/media?parent=145133"}],"wp:term":[{"taxonomy":"category","embeddable":true,"href":"https:\/\/enolife.com.ar\/es\/wp-json\/wp\/v2\/categories?post=145133"},{"taxonomy":"post_tag","embeddable":true,"href":"https:\/\/enolife.com.ar\/es\/wp-json\/wp\/v2\/tags?post=145133"}],"curies":[{"name":"wp","href":"https:\/\/api.w.org\/{rel}","templated":true}]}}