{"id":145085,"date":"2025-04-30T16:27:30","date_gmt":"2025-04-30T16:27:30","guid":{"rendered":"https:\/\/enolife.com.ar\/es\/?p=145085"},"modified":"2025-05-02T21:00:03","modified_gmt":"2025-05-02T21:00:03","slug":"se-presento-en-mendoza-un-film-nacional-que-pone-en-valor-su-cultura-vitivinicola-paisaje-e-identidad","status":"publish","type":"post","link":"https:\/\/enolife.com.ar\/es\/se-presento-en-mendoza-un-film-nacional-que-pone-en-valor-su-cultura-vitivinicola-paisaje-e-identidad\/","title":{"rendered":"Se present\u00f3 en Mendoza un film nacional que  pone en valor su cultura vitivin\u00edcola, paisaje e identidad"},"content":{"rendered":"\n<h4 class=\"wp-block-heading\"><em><strong>El 29\/4, Mendoza fue escenario de la avant-premi\u00e8re de \u201cMensaje en una botella\u201d, una producci\u00f3n cinematogr\u00e1fica nacional que pone en valor su cultura vitivin\u00edcola, su paisaje y su identidad. Filmada en locaciones mendocinas, posee un elenco estelar encabezado por Luisana Lopilato y Benjam\u00edn Vicu\u00f1a. La historia tiene el vino como motor narrativo y un fuerte \u00e9nfasis en la identidad local.<\/strong><\/em><\/h4>\n\n\n\n<div style=\"height:35px\" aria-hidden=\"true\" class=\"wp-block-spacer\"><\/div>\n\n\n\n\n\n<div style=\"height:45px\" aria-hidden=\"true\" class=\"wp-block-spacer\"><\/div>\n\n\n<div class=\"wp-block-image\">\n<figure class=\"alignleft size-full is-resized\"><a href=\"https:\/\/enolife.com.ar\/es\/wp-content\/uploads\/2025\/04\/afiche-MEUB-1-700x996-1.jpg\" data-rel=\"penci-gallery-image-content\" ><img loading=\"lazy\" decoding=\"async\" width=\"400\" height=\"569\" src=\"https:\/\/enolife.com.ar\/es\/wp-content\/uploads\/2025\/04\/afiche-MEUB-1-700x996-1.jpg\" alt=\"\" class=\"wp-image-145093\" style=\"width:228px;height:auto\" srcset=\"https:\/\/enolife.com.ar\/es\/wp-content\/uploads\/2025\/04\/afiche-MEUB-1-700x996-1.jpg 400w, https:\/\/enolife.com.ar\/es\/wp-content\/uploads\/2025\/04\/afiche-MEUB-1-700x996-1-211x300.jpg 211w\" sizes=\"auto, (max-width: 400px) 100vw, 400px\" \/><\/a><\/figure><\/div>\n\n\n<p>Con una sala colmada por m\u00e1s de 130 invitados, la <strong>avant-premi\u00e8re<\/strong> de <strong>\u201cMensaje en una botella\u201d <\/strong>se desarroll\u00f3 en un clima de celebraci\u00f3n, incluyendo una degustaci\u00f3n ofrecida por una reconocida bodega mendocina.<\/p>\n\n\n\n<p><strong>El filme, beneficiario del programa Cash Rebate<\/strong>, fue filmado en locaciones mendocinas y posee un elenco estelar encabezado por<strong> Luisana Lopilato, Benjam\u00edn Vicu\u00f1a y Benjam\u00edn Amadeo<\/strong>. <\/p>\n\n\n\n<p>A diferencia de otras pel\u00edculas filmadas en la provincia pero ambientadas en otras regiones, esta propuesta sit\u00faa la historia y el rodaje en Mendoza, con el vino como eje central del relato. La protagonista es una sommelier, y la trama rinde homenaje a la cultura del vino, mostrando vi\u00f1edos, bodegas y paisajes locales con una mirada sensible, emotiva y profundamente mendocina.<\/p>\n\n\n\n<p>El <strong>estreno nacional ser\u00e1 este 1<\/strong> <strong>de mayo<\/strong> en salas comerciales de todo el pa\u00eds, y desde la organizaci\u00f3n se invit\u00f3 al p\u00fablico a acompa\u00f1ar el film en cines para seguir impulsando la producci\u00f3n audiovisual con identidad local. La pel\u00edcula no solo visibiliza a Mendoza como escenario de rodaje, sino que la transforma en protagonista, proyectando al mundo su riqueza cultural, natural y productiva.<\/p>\n\n\n\n<p>Participaron representantes del \u00e1mbito cultural y tur\u00edstico, como Diego Gareca, en representaci\u00f3n de la Secretar\u00eda de Cultura, y Cristina Mengarelli, por el Emetur, quienes destacaron el valor de este tipo de producciones para el posicionamiento cultural de la provincia.<\/p>\n\n\n\n<div style=\"height:30px\" aria-hidden=\"true\" class=\"wp-block-spacer\"><\/div>\n\n\n\n<p class=\"has-small-font-size\"><strong><em>Fuente: Gobierno de Mendoza<\/em><\/strong><\/p>\n\n\n\n<div style=\"height:35px\" aria-hidden=\"true\" class=\"wp-block-spacer\"><\/div>\n","protected":false},"excerpt":{"rendered":"<p>El 29\/4, Mendoza fue escenario de la avant-premi\u00e8re de \u201cMensaje en una botella\u201d, una producci\u00f3n&hellip;<\/p>\n","protected":false},"author":2,"featured_media":145095,"comment_status":"open","ping_status":"open","sticky":false,"template":"","format":"standard","meta":{"footnotes":""},"categories":[14],"tags":[],"class_list":["post-145085","post","type-post","status-publish","format-standard","has-post-thumbnail","hentry","category-news"],"_links":{"self":[{"href":"https:\/\/enolife.com.ar\/es\/wp-json\/wp\/v2\/posts\/145085","targetHints":{"allow":["GET"]}}],"collection":[{"href":"https:\/\/enolife.com.ar\/es\/wp-json\/wp\/v2\/posts"}],"about":[{"href":"https:\/\/enolife.com.ar\/es\/wp-json\/wp\/v2\/types\/post"}],"author":[{"embeddable":true,"href":"https:\/\/enolife.com.ar\/es\/wp-json\/wp\/v2\/users\/2"}],"replies":[{"embeddable":true,"href":"https:\/\/enolife.com.ar\/es\/wp-json\/wp\/v2\/comments?post=145085"}],"version-history":[{"count":0,"href":"https:\/\/enolife.com.ar\/es\/wp-json\/wp\/v2\/posts\/145085\/revisions"}],"wp:featuredmedia":[{"embeddable":true,"href":"https:\/\/enolife.com.ar\/es\/wp-json\/wp\/v2\/media\/145095"}],"wp:attachment":[{"href":"https:\/\/enolife.com.ar\/es\/wp-json\/wp\/v2\/media?parent=145085"}],"wp:term":[{"taxonomy":"category","embeddable":true,"href":"https:\/\/enolife.com.ar\/es\/wp-json\/wp\/v2\/categories?post=145085"},{"taxonomy":"post_tag","embeddable":true,"href":"https:\/\/enolife.com.ar\/es\/wp-json\/wp\/v2\/tags?post=145085"}],"curies":[{"name":"wp","href":"https:\/\/api.w.org\/{rel}","templated":true}]}}