{"id":144947,"date":"2025-05-02T00:36:31","date_gmt":"2025-05-02T00:36:31","guid":{"rendered":"https:\/\/enolife.com.ar\/es\/?p=144947"},"modified":"2025-05-03T20:09:58","modified_gmt":"2025-05-03T20:09:58","slug":"la-oiv-se-integro-a-un-plan-global-para-impulsar-la-agroecologia-frente-al-cambio-climatico","status":"publish","type":"post","link":"https:\/\/enolife.com.ar\/es\/la-oiv-se-integro-a-un-plan-global-para-impulsar-la-agroecologia-frente-al-cambio-climatico\/","title":{"rendered":"La OIV se integr\u00f3 a un plan global para impulsar la agroecolog\u00eda frente al cambio clim\u00e1tico"},"content":{"rendered":"\n<h4 class=\"wp-block-heading\"><em><strong>Del 24 al 26 de abril tuvo lugar en Par\u00eds, una nueva edici\u00f3n de la Cumbre anual ChangeNOW, en la que se reunieron l\u00edderes globales para construir un mundo sostenible. El director general de la Organizaci\u00f3n de la Vid y el Vino (OIV), John Barker, firm\u00f3 el denominado Memorando de Entendimiento (MoU) con la iniciativa internacional \u201c4 por 1000\u201d, un movimiento que naci\u00f3 en 2015 con el Acuerdo de Par\u00eds y que tiene como objetivo demostrar que los suelos agr\u00edcolas pueden desempe\u00f1ar un papel crucial en la seguridad alimentaria y frente a los riesgos del cambio clim\u00e1tico. <\/strong><\/em><\/h4>\n\n\n\n<div style=\"height:35px\" aria-hidden=\"true\" class=\"wp-block-spacer\"><\/div>\n\n\n\n\n\n<div style=\"height:45px\" aria-hidden=\"true\" class=\"wp-block-spacer\"><\/div>\n\n\n\n<p>El 24 de abril de 2025, en el marco de la <strong>Cumbre anual ChangeNOW <\/strong>y con motivo del d\u00e9cimo aniversario de la iniciativa internacional <strong>\u201c4 por 1000\u201d<\/strong>, el director general de la<strong> Organizaci\u00f3n Internacional de la Vid y el Vino (OIV<\/strong>),<strong> John Barker, <\/strong>particip\u00f3 en una mesa redonda y firm\u00f3 el <strong>Memorando de Entendimiento<\/strong> <strong>(MoU)<\/strong> para renovar el compromiso de la entidad con la salud del suelo, la resiliencia y la acci\u00f3n frente al cambio clim\u00e1tico.<\/p>\n\n\n\n<div style=\"height:30px\" aria-hidden=\"true\" class=\"wp-block-spacer\"><\/div>\n\n\n\n<p class=\"has-background\" style=\"background-color:#36992270\"><strong>ChangeNOW 2025<\/strong> convoc\u00f3 1.000 soluciones innovadoras y l\u00edderes visionarios en una exhibici\u00f3n para acelerar la transici\u00f3n hacia un mundo sostenible. Durante 3 d\u00edas, los visitantes exploraron soluciones inspiradoras para el planeta y escucharon cientos de presentaciones de start-ups de futuros l\u00edderes del cambio.<\/p>\n\n\n\n<div style=\"height:30px\" aria-hidden=\"true\" class=\"wp-block-spacer\"><\/div>\n\n\n\n<p>Este nuevo convenio se alinea con los planes estrat\u00e9gicos actualizados de ambas organizaciones y establece objetivos clave y \u00e1reas de cooperaci\u00f3n, entre las que se incluyen:<\/p>\n\n\n\n<ul class=\"wp-block-list\">\n<li>Promover la captura de carbono como una herramienta para combatir el cambio clim\u00e1tico, en l\u00ednea con el cumplimiento de los Objetivos de Desarrollo Sostenible (ODS).<\/li>\n\n\n\n<li>Desarrollar una mejor comprensi\u00f3n de la relaci\u00f3n entre los suelos y la vid.<\/li>\n\n\n\n<li>Identificar y promover buenas pr\u00e1cticas, directrices t\u00e9cnicas y criterios para el desarrollo de suelos vitivin\u00edcolas sanos y vivos.<\/li>\n\n\n\n<li>Impulsar la captura de carbono en los suelos y su salud como recurso eficaz para combatir el cambio clim\u00e1tico, con un enfoque especial en medidas de mitigaci\u00f3n y adaptaci\u00f3n que mejoren la resiliencia de los sistemas vitivin\u00edcolas.<\/li>\n\n\n\n<li>Identificar y desarrollar directrices y recomendaciones agroecol\u00f3gicas sobre pr\u00e1cticas vitivin\u00edcolas orientadas a lograr una gesti\u00f3n sostenible del suelo.<\/li>\n\n\n\n<li>Recopilar y analizar datos, estad\u00edsticas y tendencias relacionadas con la gesti\u00f3n y el uso del suelo en el sector vitivin\u00edcola.<\/li>\n<\/ul>\n\n\n\n<div style=\"height:19px\" aria-hidden=\"true\" class=\"wp-block-spacer\"><\/div>\n\n\n\n<p>Barker destac\u00f3 c\u00f3mo la colaboraci\u00f3n entre la OIV y 4 por 1000 ha cambiado significativamente la percepci\u00f3n global sobre la importancia de la salud del suelo, durante su participaci\u00f3n en la mesa titulada <strong>\u201cLa Iniciativa Internacional \u20184 por 1000\u2019 en los \u00faltimos 10 a\u00f1os: Perspectivas cruzadas sobre el legado de la primera d\u00e9cada\u201d<\/strong>.<\/p>\n\n\n\n<div style=\"height:30px\" aria-hidden=\"true\" class=\"wp-block-spacer\"><\/div>\n\n\n\n<h3 class=\"wp-block-heading has-text-color has-link-color wp-elements-9d060373e477d1a837fc6ec4a0f95091\" style=\"color:#359822\">Si el nivel de carbono almacenado por los suelos en los 30 a 40 cent\u00edmetros superiores del suelo aumentara un 0,4% (o un 4\u2030) al a\u00f1o, el aumento anual de di\u00f3xido de carbono (CO2) en la atm\u00f3sfera se reducir\u00eda considerablemente.<\/h3>\n\n\n\n<div style=\"height:29px\" aria-hidden=\"true\" class=\"wp-block-spacer\"><\/div>\n\n\n<div class=\"wp-block-image\">\n<figure class=\"aligncenter size-full is-resized\"><a href=\"https:\/\/enolife.com.ar\/es\/wp-content\/uploads\/2025\/04\/Tableronde_0.jpg\" data-rel=\"penci-gallery-image-content\" ><img loading=\"lazy\" decoding=\"async\" width=\"970\" height=\"500\" src=\"https:\/\/enolife.com.ar\/es\/wp-content\/uploads\/2025\/04\/Tableronde_0.jpg\" alt=\"\" class=\"wp-image-144952\" style=\"width:710px;height:auto\" srcset=\"https:\/\/enolife.com.ar\/es\/wp-content\/uploads\/2025\/04\/Tableronde_0.jpg 970w, https:\/\/enolife.com.ar\/es\/wp-content\/uploads\/2025\/04\/Tableronde_0-300x155.jpg 300w, https:\/\/enolife.com.ar\/es\/wp-content\/uploads\/2025\/04\/Tableronde_0-768x396.jpg 768w, https:\/\/enolife.com.ar\/es\/wp-content\/uploads\/2025\/04\/Tableronde_0-585x302.jpg 585w\" sizes=\"auto, (max-width: 970px) 100vw, 970px\" \/><\/a><figcaption class=\"wp-element-caption\"><em><strong>Durante la mesa redonda \u201cLa Iniciativa Internacional \u20184 por 1000\u2019 en los \u00faltimos 10 a\u00f1os: Perspectivas cruzadas sobre el legado de la primera d\u00e9cada\u201d &#8211; Foto: Cheick Saidou, Ministerio franc\u00e9s de Agricultura y Soberan\u00eda Alimentaria<\/strong><\/em><\/figcaption><\/figure><\/div>\n\n\n<div style=\"height:35px\" aria-hidden=\"true\" class=\"wp-block-spacer\"><\/div>\n\n\n\n<p class=\"has-medium-font-size\"><strong>Cooperaci\u00f3n de la OIV desde 2022<\/strong><\/p>\n\n\n\n<p>En los \u00faltimos a\u00f1os, la OIV ha convertido la salud del suelo en un eje central de su agenda. Este esfuerzo comenz\u00f3 con una publicaci\u00f3n conjunta sobre viticultura en 2022, que contribuy\u00f3 a aumentar la concienciaci\u00f3n internacional sobre la tem\u00e1tica. <\/p>\n\n\n\n<p>La OIV reafirm\u00f3 su compromiso mediante la elaboraci\u00f3n de una resoluci\u00f3n sobre agroecolog\u00eda, espec\u00edficamente adaptada al sector vitivin\u00edcola. Como resultado, <strong>la salud del suelo ha sido integrada en el nuevo Plan Estrat\u00e9gico de la OIV<\/strong>, y un reciente documento de conocimiento colectivo destaca el papel fundamental de la biodiversidad microbiana para fomentar una viticultura sostenible.<\/p>\n\n\n\n<p>Adem\u00e1s de su participaci\u00f3n en la mesa redonda, la OIV reforz\u00f3 su compromiso con la iniciativa firmando un nuevo Memorando de Entendimiento (MoU) por otros cinco a\u00f1os, tras la expiraci\u00f3n del acuerdo original firmado en abril de 2022. <\/p>\n\n\n\n<div style=\"height:30px\" aria-hidden=\"true\" class=\"wp-block-spacer\"><\/div>\n\n\n<div class=\"wp-block-image\">\n<figure class=\"aligncenter size-full is-resized\"><a href=\"https:\/\/enolife.com.ar\/es\/wp-content\/uploads\/2025\/04\/OIV-MoU-with-4per1000.jpg\" data-rel=\"penci-gallery-image-content\" ><img loading=\"lazy\" decoding=\"async\" width=\"872\" height=\"500\" src=\"https:\/\/enolife.com.ar\/es\/wp-content\/uploads\/2025\/04\/OIV-MoU-with-4per1000.jpg\" alt=\"\" class=\"wp-image-144955\" style=\"width:658px;height:auto\" srcset=\"https:\/\/enolife.com.ar\/es\/wp-content\/uploads\/2025\/04\/OIV-MoU-with-4per1000.jpg 872w, https:\/\/enolife.com.ar\/es\/wp-content\/uploads\/2025\/04\/OIV-MoU-with-4per1000-300x172.jpg 300w, https:\/\/enolife.com.ar\/es\/wp-content\/uploads\/2025\/04\/OIV-MoU-with-4per1000-768x440.jpg 768w, https:\/\/enolife.com.ar\/es\/wp-content\/uploads\/2025\/04\/OIV-MoU-with-4per1000-585x335.jpg 585w\" sizes=\"auto, (max-width: 872px) 100vw, 872px\" \/><\/a><figcaption class=\"wp-element-caption\"><em><strong>El Director General de la OIV, John Barker, junto al Presidente de 4 por1000, St\u00e9phane Le Foll, tras la firma del Memorando de Entendimiento (MoU) &#8211; Foto: Cheick Saidou, Ministerio franc\u00e9s de Agricultura y Soberan\u00eda Alimentaria<\/strong><\/em><\/figcaption><\/figure><\/div>\n\n\n<div style=\"height:30px\" aria-hidden=\"true\" class=\"wp-block-spacer\"><\/div>\n\n\n\n<p class=\"has-medium-font-size\"><strong>Qu\u00e9 es la iniciativa 4 por 1000<\/strong><\/p>\n\n\n<div class=\"wp-block-image\">\n<figure class=\"alignleft size-large is-resized\"><a href=\"https:\/\/enolife.com.ar\/es\/wp-content\/uploads\/2025\/04\/image-74.png\" data-rel=\"penci-gallery-image-content\" ><img loading=\"lazy\" decoding=\"async\" width=\"761\" height=\"1024\" src=\"https:\/\/enolife.com.ar\/es\/wp-content\/uploads\/2025\/04\/image-74-761x1024.png\" alt=\"\" class=\"wp-image-144970\" style=\"width:129px;height:auto\" srcset=\"https:\/\/enolife.com.ar\/es\/wp-content\/uploads\/2025\/04\/image-74-761x1024.png 761w, https:\/\/enolife.com.ar\/es\/wp-content\/uploads\/2025\/04\/image-74-223x300.png 223w, https:\/\/enolife.com.ar\/es\/wp-content\/uploads\/2025\/04\/image-74-768x1034.png 768w, https:\/\/enolife.com.ar\/es\/wp-content\/uploads\/2025\/04\/image-74-585x787.png 585w, https:\/\/enolife.com.ar\/es\/wp-content\/uploads\/2025\/04\/image-74.png 1122w\" sizes=\"auto, (max-width: 761px) 100vw, 761px\" \/><\/a><\/figure><\/div>\n\n\n<p>Lanzada en diciembre de 2015 durante la 21\u00aa Conferencia de las Partes (COP21) -de la que result\u00f3 el Acuerdo de Par\u00eds sobre el cambio clim\u00e1tico-, la iniciativa internacional \u201c4 por 1000\u201d tiene como objetivo demostrar c\u00f3mo los suelos agr\u00edcolas pueden ofrecer soluciones concretas al desaf\u00edo del cambio clim\u00e1tico. Por ejemplo, una tasa de crecimiento anual del 4\u2030 en las reservas de carbono del suelo, en los primeros 30 a 40 cm del mismo, reducir\u00eda significativamente la concentraci\u00f3n de CO\u2082 en la atm\u00f3sfera.<\/p>\n\n\n\n<p>Consiste en federar a todos los actores voluntarios de los sectores p\u00fablico y privado (Estados, autoridades locales, empresas, organizaciones profesionales, ONG, centros de investigaci\u00f3n, etc.) en el marco del Plan de Acci\u00f3n Lima-Par\u00eds. Basado en una s\u00f3lida documentaci\u00f3n cient\u00edfica, invita a todos los socios a promover\/implementar acciones concretas para el almacenamiento de carbono en el suelo.<\/p>\n\n\n\n<div style=\"height:35px\" aria-hidden=\"true\" class=\"wp-block-spacer\"><\/div>\n\n\n\n<p class=\"has-medium-font-size\"><strong>Suelos para la seguridad alimentaria y el clima<\/strong><\/p>\n\n\n\n<p>Es bien sabido que las actividades humanas emiten enormes cantidades de di\u00f3xido de carbono (CO2) a la atm\u00f3sfera,\u00a0lo que potencia el efecto invernadero y acelera el cambio clim\u00e1tico. Pero lo que es menos conocido es que <strong>cada a\u00f1o, alrededor del 30% de este di\u00f3xido de carbono es recuperado por las plantas\u00a0mediante la fotos\u00edntesis.<\/strong>\u00a0Luego, cuando las plantas mueren y se descomponen, los organismos vivos del suelo, como las bacterias, los hongos o las lombrices, los transforman en materia org\u00e1nica. Esta materia org\u00e1nica -rica en carbono- es\u00a0esencial para la alimentaci\u00f3n humana\u00a0porque retiene el agua, el nitr\u00f3geno y el f\u00f3sforo, esenciales para el crecimiento de las plantas. Pero tambi\u00e9n los suelos representan un enorme potencial de almacenamiento de carbono: <strong>los suelos<\/strong> <strong>del mundo contienen<\/strong>\u00a0<strong>de 2 a 3 veces m\u00e1s carbono que la atm\u00f3sfera.<\/strong>\u00a0<\/p>\n\n\n\n<p>Esta tasa de crecimiento del 4\u2030 anual de las reservas de carbono del suelo no es un objetivo normativo para cada pa\u00eds, sino&nbsp;<strong>una direcci\u00f3n a seguir.<\/strong> Esto es lo que propone&nbsp;<strong>la Iniciativa \u00ab4 por 1000\u00bb \u2013 Suelos para la seguridad alimentaria y el clima<\/strong>.<\/p>\n\n\n\n<div style=\"height:30px\" aria-hidden=\"true\" class=\"wp-block-spacer\"><\/div>\n\n\n\n<p class=\"has-small-font-size\"><strong><em>Fuentes: OIV y 4p1000.org<\/em><\/strong><\/p>\n","protected":false},"excerpt":{"rendered":"<p>Del 24 al 26 de abril tuvo lugar en Par\u00eds, una nueva edici\u00f3n de la&hellip;<\/p>\n","protected":false},"author":2,"featured_media":144984,"comment_status":"open","ping_status":"open","sticky":false,"template":"","format":"standard","meta":{"footnotes":""},"categories":[56,14],"tags":[],"class_list":["post-144947","post","type-post","status-publish","format-standard","has-post-thumbnail","hentry","category-destacado","category-news"],"_links":{"self":[{"href":"https:\/\/enolife.com.ar\/es\/wp-json\/wp\/v2\/posts\/144947","targetHints":{"allow":["GET"]}}],"collection":[{"href":"https:\/\/enolife.com.ar\/es\/wp-json\/wp\/v2\/posts"}],"about":[{"href":"https:\/\/enolife.com.ar\/es\/wp-json\/wp\/v2\/types\/post"}],"author":[{"embeddable":true,"href":"https:\/\/enolife.com.ar\/es\/wp-json\/wp\/v2\/users\/2"}],"replies":[{"embeddable":true,"href":"https:\/\/enolife.com.ar\/es\/wp-json\/wp\/v2\/comments?post=144947"}],"version-history":[{"count":0,"href":"https:\/\/enolife.com.ar\/es\/wp-json\/wp\/v2\/posts\/144947\/revisions"}],"wp:featuredmedia":[{"embeddable":true,"href":"https:\/\/enolife.com.ar\/es\/wp-json\/wp\/v2\/media\/144984"}],"wp:attachment":[{"href":"https:\/\/enolife.com.ar\/es\/wp-json\/wp\/v2\/media?parent=144947"}],"wp:term":[{"taxonomy":"category","embeddable":true,"href":"https:\/\/enolife.com.ar\/es\/wp-json\/wp\/v2\/categories?post=144947"},{"taxonomy":"post_tag","embeddable":true,"href":"https:\/\/enolife.com.ar\/es\/wp-json\/wp\/v2\/tags?post=144947"}],"curies":[{"name":"wp","href":"https:\/\/api.w.org\/{rel}","templated":true}]}}