{"id":144852,"date":"2025-04-28T20:23:37","date_gmt":"2025-04-28T20:23:37","guid":{"rendered":"https:\/\/enolife.com.ar\/es\/?p=144852"},"modified":"2025-04-29T16:17:04","modified_gmt":"2025-04-29T16:17:04","slug":"cuales-son-los-motivos-por-los-cuales-bodegas-de-argentina-apoya-la-derogacion-de-la-ley-25-849","status":"publish","type":"post","link":"https:\/\/enolife.com.ar\/es\/cuales-son-los-motivos-por-los-cuales-bodegas-de-argentina-apoya-la-derogacion-de-la-ley-25-849\/","title":{"rendered":"Cu\u00e1les son los motivos por los cuales Bodegas de Argentina apoya la derogaci\u00f3n de la Ley 25.849"},"content":{"rendered":"\n<h4 class=\"wp-block-heading\"><em><strong>El 21 de abril de 2025, el diputado nacional del PRO, por CABA,\u00a0Dami\u00e1n\u00a0Arabia,\u00a0present\u00f3 un proyecto de ley para derogar la Ley\u00a025.849 a partir de la cual se cre\u00f3 la\u00a0Corporaci\u00f3n Vitivin\u00edcola Argentina\u00a0(Coviar). La iniciativa busca eliminar los aportes obligatorios que hacen las bodegas a la entidad.\u00a0En este sentido, diferentes organizaciones vitivin\u00edcolas argentinas salieron a exponer su posici\u00f3n, algunas a favor y otras en contra. Por su parte, la Coviar present\u00f3 un documento en el que 30 asociaciones prestan su apoyo; por el otro la C\u00e1mara de Comercio de Mendoza, la Federaci\u00f3n de Vi\u00f1ateros de San Juan, el Centro de Vi\u00f1ateros y Bodegueros del Este y Bodegas de Argentina, dieron a conocer su apoyo al proyecto de ley.<\/strong><\/em><strong><em> <\/em><\/strong><\/h4>\n\n\n\n<div style=\"height:35px\" aria-hidden=\"true\" class=\"wp-block-spacer\"><\/div>\n\n\n<a href=\"https:\/\/www.linkedin.com\/company\/agrinet-sa\/?originalSubdomain=ar\" aria-label=\"1700X500\"><img loading=\"lazy\" decoding=\"async\" src=\"https:\/\/enolife.com.ar\/es\/wp-content\/uploads\/2021\/11\/1700X500.gif\" alt=\"\"  width=\"1700\" height=\"500\"   \/><\/a>\n\n\n<div style=\"height:45px\" aria-hidden=\"true\" class=\"wp-block-spacer\"><\/div>\n\n\n\n<p>Hoy 28 de abril de 2024, <strong>Bodegas de Argentina<\/strong>, la c\u00e1mara empresaria que re\u00fane a unas 200 bodegas del pa\u00eds, emiti\u00f3 un comunicado en el que expone los motivos por los cuales apoya el proyecto de ley del diputado <strong>Dami\u00e1n Arabia<\/strong> para derogar la Ley 25.894. A continuaci\u00f3n replicamos su contenido:<\/p>\n\n\n\n<div style=\"height:30px\" aria-hidden=\"true\" class=\"wp-block-spacer\"><\/div>\n\n\n\n<p class=\"has-medium-font-size\">\u00ab<strong>Comunicado de Bodegas de Argentina a la sociedad de nuestro pa\u00eds&nbsp;<\/strong><\/p>\n\n\n\n<p>\u00abBodegas de Argentina, c\u00e1mara del vino que nuclea a m\u00e1s de 200 empresas del sector vitivin\u00edcola, pone en conocimiento de todos, su apoyo a la derogaci\u00f3n de la Ley 25.849 (COVIAR), en virtud de:<\/p>\n\n\n\n<p>\u00ab<strong>1) Creaci\u00f3n de la Corporaci\u00f3n Vitivin\u00edcola Argentina (COVIAR):<\/strong><\/p>\n\n\n\n<ul class=\"wp-block-list\">\n<li>\u00ab<span style=\"color: initial;\">La Corporaci\u00f3n Vitivin\u00edcola Argentina por la Ley 25.849. La ley es muy clara y dice en el ART\u00cdCULO 1\u00ba: \u00abCr\u00e9ase la Corporaci\u00f3n Vitivin\u00edcola Argentina \u2014COVIAR como persona jur\u00eddica de derecho p\u00fablico no estatal, destinada a gestionar y coordinar la implementaci\u00f3n del denominado PLAN ESTRAT\u00c9GICO ARGENTINA VITIVIN\u00cdCOLA 2020\u00bb.<\/span><\/li>\n\n\n\n<li>\u00ab<span style=\"color: initial;\">La ley establece una visi\u00f3n y objetivos en el PEVI 2020. La financiaci\u00f3n se realiza con contribuciones del sector privado y p\u00fablico, tanto nacional como provincial. <\/span><\/li>\n\n\n\n<li>\u00ab<span style=\"color: initial;\"><strong>Fondos<\/strong>: <\/span>\n<ul class=\"wp-block-list\">\n<li><span style=\"color: initial;\">Los privados: contribuciones obligatorias solo para las bodegas.<\/span><\/li>\n\n\n\n<li><span style=\"color: initial;\">Los p\u00fablicos: provenientes de los fondos de las administraciones de gobierno nacional y provinciales.<\/span><\/li>\n\n\n\n<li><span style=\"color: initial;\">Los productores: no est\u00e1n obligados a contribuir.<\/span><\/li>\n\n\n\n<li><span style=\"color: initial;\">Las c\u00e1maras empresarias: tampoco est\u00e1n obligadas a realizar pagos.<\/span><\/li>\n\n\n\n<li><span style=\"color: initial;\">Existen aportes de instituciones internacionales.<\/span><\/li>\n<\/ul>\n<\/li>\n\n\n\n<li>\u00ab<strong>Unidades ejecutoras:<\/strong>\n<ul class=\"wp-block-list\">\n<li>Las acciones se llevar\u00edan adelante mediante unidades ejecutoras designadas para tal fin (por ejemplo, WOFA para promoci\u00f3n internacional, Fondo Vitivin\u00edcola de Mendoza para promoci\u00f3n en el mercado interno). Las empresas, de manera voluntaria, aportan fondos para la promoci\u00f3n internacional a la instituci\u00f3n designada para tal fin.<\/li>\n<\/ul>\n<\/li>\n<\/ul>\n\n\n\n<div style=\"height:10px\" aria-hidden=\"true\" class=\"wp-block-spacer\"><\/div>\n\n\n\n<p>\u00ab<strong>2) Incumplimiento de la Visi\u00f3n y Objetivos del PEVI 2020:<\/strong><\/p>\n\n\n\n<ul class=\"wp-block-list\">\n<li>\u00ab<span style=\"color: initial;\"><strong>Visi\u00f3n de la Ley:<\/strong><\/span>\n<ul class=\"wp-block-list\">\n<li><span style=\"color: initial;\">Que en el a\u00f1o 2020 la industria vitivin\u00edcola argentina se posicione de forma sostenible entre las m\u00e1s destacadas del mundo; alcance ventas por USD 2.000 millones, participe con un 10% del volumen de las exportaciones mundiales y logre la valoraci\u00f3n y el reconocimiento de los consumidores.<\/span><\/li>\n<\/ul>\n<\/li>\n\n\n\n<li>\u00ab<strong>Resultados al a\u00f1o 2020: Objetivos no logrados<\/strong>\n<ul class=\"wp-block-list\">\n<li><span style=\"color: initial;\">Participaci\u00f3n en volumen mundial al a\u00f1o 2020: 3,7% vs. objetivo del plan: 10%.<\/span><\/li>\n\n\n\n<li>Exportaciones a\u00f1o 2020: USD 791 millones vs. objetivo del plan: USD 2.000 millones.<\/li>\n\n\n\n<li>Ca\u00edda del 30% del consumo per c\u00e1pita en Argentina.<\/li>\n<\/ul>\n<\/li>\n\n\n\n<li>\u00ab<strong>Resultados a marzo de 2025:<\/strong><ul><li>Facturaci\u00f3n total cae 42% desde su m\u00e1ximo en 2012.<\/li><\/ul>\n<ul class=\"wp-block-list\">\n<li>Volumen total cae 34,5% desde su m\u00e1ximo en 2008. En el mismo per\u00edodo, el consumo mundial de vinos cay\u00f3 un 7,5%.<\/li>\n\n\n\n<li>Participaci\u00f3n internacional: 1,8% en volumen vs. su m\u00e1ximo del 3,7% en 2020 durante la pandemia.<\/li>\n\n\n\n<li><span style=\"color: initial;\">Consumo de vinos en el mercado interno cae 46%:<\/span>\n<ul class=\"wp-block-list\">\n<li><span style=\"color: initial;\">A\u00f1o 2004: 29,9 lts\/cap.<\/span><\/li>\n\n\n\n<li><span style=\"color: initial;\">A\u00f1o 2020: 20,8 lts\/cap.<\/span><\/li>\n\n\n\n<li><span style=\"color: initial;\">A\u00f1o 2024: 16,2 lts\/cap.<\/span><\/li>\n<\/ul>\n<\/li>\n\n\n\n<li><span style=\"color: initial;\">Ca\u00edda del 10% de la superficie implantada con vi\u00f1edos desde su m\u00e1ximo en 2014, especialmente de aquellos menores a 10 has.<\/span><\/li>\n\n\n\n<li>El empleo&nbsp; cae 12,4% en&nbsp; los vi\u00f1edos y 8,1% en&nbsp; las bodegas.<\/li>\n<\/ul>\n<\/li>\n<\/ul>\n\n\n\n<div style=\"height:10px\" aria-hidden=\"true\" class=\"wp-block-spacer\"><\/div>\n\n\n\n<p>\u00ab<strong>3) Montos aportados:<\/strong><\/p>\n\n\n\n<ul class=\"wp-block-list\">\n<li>En el per\u00edodo 2004-2020 se aportaron:<ul><li>Aportes del sector privado: USD 100 millones. (*)<\/li><\/ul><ul><li>Aportes del sector estatal: USD 130 millones. (*)<\/li><\/ul>\n<ul class=\"wp-block-list\">\n<li>Total aportado y erogado: USD 230 millones. (*)<\/li>\n<\/ul>\n<\/li>\n<\/ul>\n\n\n\n<p>(*) Montos determinados a partir informaci\u00f3n de presupuestos de Coviar y tipo de cambio promedio de cada a\u00f1o.<\/p>\n\n\n\n<p>\u00abEn un lapso de 16 a\u00f1os, se han gastado USD 230 millones sin alcanzar los objetivos de posicionamiento internacional, comerciales ni productivos para los cuales se realizaron los aportes. La falta de rendici\u00f3n de cuentas e informaci\u00f3n abierta a la comunidad, la ausencia de auditor\u00edas reclamadas por Bodegas de Argentina y lo informado recientemente por la SIGEN, han dejado un vac\u00edo de transparencia. Estos fondos, provenientes no solo de entidades privadas sino tambi\u00e9n de ciudadanos comunes que, a trav\u00e9s de sus impuestos, sostienen el funcionamiento de una instituci\u00f3n que ya no tiene sentido. \u00bfC\u00f3mo justificar semejantes desembolsos en una entidad que ha dejado de cumplir su misi\u00f3n?<\/p>\n\n\n\n<div style=\"height:10px\" aria-hidden=\"true\" class=\"wp-block-spacer\"><\/div>\n\n\n\n<p>\u00ab<strong>4) Objeciones de Bodegas de Argentina a Coviar:<\/strong><\/p>\n\n\n\n<ul class=\"wp-block-list\">\n<li><strong>Institucionales<\/strong>:\n<ul class=\"wp-block-list\">\n<li>Coviar no es una c\u00e1mara empresaria con asociatividad voluntaria. Las al\u00edcuotas son obligatorias para todos los establecimientos registrados en el Instituto Nacional de Vitivinicultura, bajo pena de inmovilizaci\u00f3n de operaciones en caso de incumplimiento en los pagos.<\/li>\n\n\n\n<li><span style=\"color: initial;\">Coviar no representa a la vitivinicultura argentina. Fue creada para administrar un plan que ya finaliz\u00f3 en 2020.<\/span><\/li>\n\n\n\n<li><span style=\"color: initial;\">Su estructura directiva es mixta, privados y gobierno, con el consiguiente conflicto de intereses.<\/span><\/li>\n\n\n\n<li><span style=\"color: initial;\">Su existencia confunde a las autoridades nacionales, internacionales, clientes y consumidores.<\/span><\/li>\n\n\n\n<li>En diciembre de 2020, junto a otras c\u00e1maras mencionadas por la ley y que tambi\u00e9n se retiraron de Coviar, se notific\u00f3 la finalizaci\u00f3n del PEVI 2020 y se inst\u00f3 a no redactar uno nuevo.<\/li>\n<\/ul>\n<\/li>\n\n\n\n<li><strong>Direccionamiento de los gastos:<\/strong>\n<ul class=\"wp-block-list\">\n<li>Promoci\u00f3n de la misma Coviar.<\/li>\n\n\n\n<li>Organizaci\u00f3n de eventos pol\u00edticos en \u00e9poca de vendimia (Desayuno de Coviar).<\/li>\n\n\n\n<li><span style=\"color: initial;\">Contrataci\u00f3n de lobbistas, periodistas y medios de comunicaci\u00f3n.<\/span><\/li>\n\n\n\n<li><span style=\"color: initial;\">Ejecuci\u00f3n y superposici\u00f3n con el trabajo que ya desarrollan las c\u00e1maras, como la sustentabilidad, el turismo y la promoci\u00f3n internacional a trav\u00e9s de ejecuci\u00f3n propia.<\/span><\/li>\n\n\n\n<li>Rendici\u00f3n de cuentas y auditor\u00edas como marca el reglamento.<\/li>\n<\/ul>\n<\/li>\n\n\n\n<li><strong>Econ\u00f3micas<\/strong>:\n<ul class=\"wp-block-list\">\n<li>La industria vitivin\u00edcola argentina en su conjunto:<ul><li>Est\u00e1 transitando una crisis tal que no puede darse el lujo de hacer gastos que no tengan el impacto esperado en el negocio.<\/li><\/ul><ul><li>Est\u00e1 buscando productividad y competitividad en cada una de sus etapas productivas.<\/li><\/ul><ul><li>Soporta una presi\u00f3n fiscal total excesiva, entre las que se encuentran los aportes obligatorios a COVIAR, que deben ser analizados en su totalidad (aportes por elaboraci\u00f3n m\u00e1s aportes por fraccionamiento) dentro de sus estructuras de gastos y en t\u00e9rminos de producci\u00f3n representan el 0.5 %.<\/li><\/ul>\n<ul class=\"wp-block-list\">\n<li>Est\u00e1 buscando todas las eficiencias para que este tipo de costos no lleguen a los precios que deban pagar los consumidores.<\/li>\n<\/ul>\n<\/li>\n<\/ul>\n<\/li>\n<\/ul>\n\n\n\n<p>\u00abPor todo lo expuesto, apoyamos la derogaci\u00f3n de la Ley 25.849 que crea la Coviar. Sus aportes obligatorios y su existencia, suman un actor que no agrega valor a empresas y consumidores.<\/p>\n\n\n\n<p>\u00ab<strong>El proyecto fue presentado por el Diputado Nacional por CABA, Damian Arabia y firmado por<\/strong>:<\/p>\n\n\n\n<ul class=\"wp-block-list\">\n<li>Diputado Nacional por la provincia de La Pampa: Mart\u00edn Ardohain<\/li>\n\n\n\n<li>Diputado Nacional por la provincia de Santa Fe: Alejandro Bongiovanni <\/li>\n\n\n\n<li>Diputado Nacional por la provincia de Buenos Aires: Emmanuel Bianchetti <\/li>\n\n\n\n<li>Diputado Nacional por la provincia de Buenos Aires: Bertie Benegas Lynch <\/li>\n\n\n\n<li>Diputado Nacional por la provincia de R\u00edo Negro: Sergio Capozzi<\/li>\n\n\n\n<li>Diputado Nacional por la provincia de Buenos Aires: Gerardo Milman <\/li>\n\n\n\n<li>Diputado Nacional por la provincia de Santa Fe: Jos\u00e9 Nu\u00f1ez <\/li>\n\n\n\n<li>Diputado Nacional por la provincia de Salta: Emilia Orozco<\/li>\n\n\n\n<li>Diputado Nacional por la provincia de Buenos Aires: Patricia V\u00e1squez <\/li>\n\n\n\n<li>Diputado Nacional por la provincia de C\u00f3rdoba: Laura Rodr\u00edguez Machado\u00bb<\/li>\n<\/ul>\n\n\n\n<div style=\"height:30px\" aria-hidden=\"true\" class=\"wp-block-spacer\"><\/div>\n\n\n\n<p class=\"has-small-font-size\"><em><strong>Fuente: Bodegas de Argentina<\/strong><\/em><\/p>\n\n\n\n<div style=\"height:40px\" aria-hidden=\"true\" class=\"wp-block-spacer\"><\/div>\n","protected":false},"excerpt":{"rendered":"<p>El 21 de abril de 2025, el diputado nacional del PRO, por CABA,\u00a0Dami\u00e1n\u00a0Arabia,\u00a0present\u00f3 un proyecto&hellip;<\/p>\n","protected":false},"author":2,"featured_media":144881,"comment_status":"open","ping_status":"open","sticky":false,"template":"","format":"standard","meta":{"footnotes":""},"categories":[14,12],"tags":[],"class_list":["post-144852","post","type-post","status-publish","format-standard","has-post-thumbnail","hentry","category-news","category-opinion"],"_links":{"self":[{"href":"https:\/\/enolife.com.ar\/es\/wp-json\/wp\/v2\/posts\/144852","targetHints":{"allow":["GET"]}}],"collection":[{"href":"https:\/\/enolife.com.ar\/es\/wp-json\/wp\/v2\/posts"}],"about":[{"href":"https:\/\/enolife.com.ar\/es\/wp-json\/wp\/v2\/types\/post"}],"author":[{"embeddable":true,"href":"https:\/\/enolife.com.ar\/es\/wp-json\/wp\/v2\/users\/2"}],"replies":[{"embeddable":true,"href":"https:\/\/enolife.com.ar\/es\/wp-json\/wp\/v2\/comments?post=144852"}],"version-history":[{"count":0,"href":"https:\/\/enolife.com.ar\/es\/wp-json\/wp\/v2\/posts\/144852\/revisions"}],"wp:featuredmedia":[{"embeddable":true,"href":"https:\/\/enolife.com.ar\/es\/wp-json\/wp\/v2\/media\/144881"}],"wp:attachment":[{"href":"https:\/\/enolife.com.ar\/es\/wp-json\/wp\/v2\/media?parent=144852"}],"wp:term":[{"taxonomy":"category","embeddable":true,"href":"https:\/\/enolife.com.ar\/es\/wp-json\/wp\/v2\/categories?post=144852"},{"taxonomy":"post_tag","embeddable":true,"href":"https:\/\/enolife.com.ar\/es\/wp-json\/wp\/v2\/tags?post=144852"}],"curies":[{"name":"wp","href":"https:\/\/api.w.org\/{rel}","templated":true}]}}