{"id":144541,"date":"2025-04-24T23:17:08","date_gmt":"2025-04-24T23:17:08","guid":{"rendered":"https:\/\/enolife.com.ar\/es\/?p=144541"},"modified":"2025-04-25T15:20:39","modified_gmt":"2025-04-25T15:20:39","slug":"renovo-sus-directivos-la-agencia-de-promocion-de-los-productos-de-mendoza-en-el-mundo","status":"publish","type":"post","link":"https:\/\/enolife.com.ar\/es\/renovo-sus-directivos-la-agencia-de-promocion-de-los-productos-de-mendoza-en-el-mundo\/","title":{"rendered":"Renov\u00f3 sus directivos la agencia de promoci\u00f3n de los productos de Mendoza en el mundo"},"content":{"rendered":"\n<h4 class=\"wp-block-heading\"><em><strong>Como cada a\u00f1o, cumpliendo con la normativa, la Fundaci\u00f3n ProMendoza renov\u00f3 sus autoridades y nombr\u00f3 como nuevo presidente a Luis Romano, presidente de la Bolsa de Comercio de Mendoza. La gerencia general contin\u00faa en manos de Patricia Gim\u00e9nez<\/strong><\/em><strong><em>.<\/em><\/strong><\/h4>\n\n\n\n<div style=\"height:34px\" aria-hidden=\"true\" class=\"wp-block-spacer\"><\/div>\n\n\n<a href=\"https:\/\/altieri.com.ar\/\" aria-label=\"ALTIERI-1700X500\"><img loading=\"lazy\" decoding=\"async\" src=\"https:\/\/enolife.com.ar\/es\/wp-content\/uploads\/2025\/02\/ALTIERI-1700X500.jpg\" alt=\"\"  srcset=\"https:\/\/enolife.com.ar\/es\/wp-content\/uploads\/2025\/02\/ALTIERI-1700X500.jpg 1700w, https:\/\/enolife.com.ar\/es\/wp-content\/uploads\/2025\/02\/ALTIERI-1700X500-300x88.jpg 300w, https:\/\/enolife.com.ar\/es\/wp-content\/uploads\/2025\/02\/ALTIERI-1700X500-1024x301.jpg 1024w, https:\/\/enolife.com.ar\/es\/wp-content\/uploads\/2025\/02\/ALTIERI-1700X500-768x226.jpg 768w, https:\/\/enolife.com.ar\/es\/wp-content\/uploads\/2025\/02\/ALTIERI-1700X500-1536x452.jpg 1536w, https:\/\/enolife.com.ar\/es\/wp-content\/uploads\/2025\/02\/ALTIERI-1700X500-1170x344.jpg 1170w, https:\/\/enolife.com.ar\/es\/wp-content\/uploads\/2025\/02\/ALTIERI-1700X500-585x172.jpg 585w\" sizes=\"auto, (max-width: 1700px) 100vw, 1700px\" width=\"1700\" height=\"500\"   \/><\/a>\n\n\n<div style=\"height:41px\" aria-hidden=\"true\" class=\"wp-block-spacer\"><\/div>\n\n\n\n<p>La <strong>Fundaci\u00f3n ProMendoza<\/strong> es una entidad p\u00fablico-privada formada por el <strong>Gobierno de Mendoza<\/strong>, la <strong>Uni\u00f3n Comercial e Industrial<\/strong>, la <strong>Bolsa de Comercio<\/strong> y la <strong>Federaci\u00f3n Econ\u00f3mica de Mendoza.<\/strong><\/p>\n\n\n\n<p>Este mi\u00e9rcoles 23 de abril de 2025, los representantes de esas instituciones eligieron los nuevos funcionario que estar\u00e1n al frente del organismo durante los pr\u00f3ximos 12 meses. La n\u00f3mina de directivos que a partir de ahora conducir\u00e1n la entidad qued\u00f3 establecida de la siguiente manera:<\/p>\n\n\n\n<ul class=\"wp-block-list\">\n<li>Presidente: Luis Romano. Bolsa de Comercio de Mendoza<\/li>\n\n\n\n<li>Vicepresidente 1\u00ba: Rodolfo Vargas Arizu. Gobierno de Mendoza<\/li>\n\n\n\n<li>Vicepresidente 2\u00ba: Santiago Laugero. Federaci\u00f3n Econ\u00f3mica de Mendoza<\/li>\n\n\n\n<li>Vicepresidente 3\u00ba: Daniel Ariosto. Uni\u00f3n Comercial e Industrial de Mendoza<\/li>\n\n\n\n<li>Secretario General: Santiago P\u00e9rez Araujo. Bolsa de Comercio de Mendoza<\/li>\n\n\n\n<li>Tesorero: Marcelo Daniel Japaz. Gobierno de Mendoza<\/li>\n\n\n\n<li>Pro-Tesorero: Graciela Rovera. Federaci\u00f3n Econ\u00f3mica de Mendoza<\/li>\n\n\n\n<li>Vocal: Juan Enrique Jos\u00e9 Viciana. Uni\u00f3n Comercial e Industrial de Mendoza<\/li>\n\n\n\n<li>Gerente General: Patricia Gim\u00e9nez. Gobierno de Mendoza<\/li>\n<\/ul>\n\n\n\n<div style=\"height:19px\" aria-hidden=\"true\" class=\"wp-block-spacer\"><\/div>\n\n\n\n<p class=\"has-medium-font-size\"><strong>Sobre ProMendoza<\/strong><\/p>\n\n\n\n<p>Creada por la Ley de Ministerios 9501 de Mendoza, sancionada el 6 de diciembre de 2023, la Unidad ProMendoza es el organismo de gobierno responsable de formular pol\u00edticas de internacionalizaci\u00f3n de la producci\u00f3n, promoci\u00f3n de inversiones y promoci\u00f3n comercial de la provincia en foros y organismos internacionales. La Fundaci\u00f3n ProMendoza se integra a esta unidad sin modificar su objeto, estatuto y reglamentaci\u00f3n. La presidenta de la Unidad ProMendoza por el gobierno provincial es Patricia Gim\u00e9nez.<\/p>\n\n\n\n<div style=\"height:30px\" aria-hidden=\"true\" class=\"wp-block-spacer\"><\/div>\n","protected":false},"excerpt":{"rendered":"<p>Como cada a\u00f1o, cumpliendo con la normativa, la Fundaci\u00f3n ProMendoza renov\u00f3 sus autoridades y nombr\u00f3&hellip;<\/p>\n","protected":false},"author":2,"featured_media":144553,"comment_status":"open","ping_status":"open","sticky":false,"template":"","format":"standard","meta":{"footnotes":""},"categories":[14],"tags":[],"class_list":["post-144541","post","type-post","status-publish","format-standard","has-post-thumbnail","hentry","category-news"],"_links":{"self":[{"href":"https:\/\/enolife.com.ar\/es\/wp-json\/wp\/v2\/posts\/144541","targetHints":{"allow":["GET"]}}],"collection":[{"href":"https:\/\/enolife.com.ar\/es\/wp-json\/wp\/v2\/posts"}],"about":[{"href":"https:\/\/enolife.com.ar\/es\/wp-json\/wp\/v2\/types\/post"}],"author":[{"embeddable":true,"href":"https:\/\/enolife.com.ar\/es\/wp-json\/wp\/v2\/users\/2"}],"replies":[{"embeddable":true,"href":"https:\/\/enolife.com.ar\/es\/wp-json\/wp\/v2\/comments?post=144541"}],"version-history":[{"count":0,"href":"https:\/\/enolife.com.ar\/es\/wp-json\/wp\/v2\/posts\/144541\/revisions"}],"wp:featuredmedia":[{"embeddable":true,"href":"https:\/\/enolife.com.ar\/es\/wp-json\/wp\/v2\/media\/144553"}],"wp:attachment":[{"href":"https:\/\/enolife.com.ar\/es\/wp-json\/wp\/v2\/media?parent=144541"}],"wp:term":[{"taxonomy":"category","embeddable":true,"href":"https:\/\/enolife.com.ar\/es\/wp-json\/wp\/v2\/categories?post=144541"},{"taxonomy":"post_tag","embeddable":true,"href":"https:\/\/enolife.com.ar\/es\/wp-json\/wp\/v2\/tags?post=144541"}],"curies":[{"name":"wp","href":"https:\/\/api.w.org\/{rel}","templated":true}]}}