{"id":144222,"date":"2025-04-22T16:24:44","date_gmt":"2025-04-22T16:24:44","guid":{"rendered":"https:\/\/enolife.com.ar\/es\/?p=144222"},"modified":"2025-04-23T13:58:28","modified_gmt":"2025-04-23T13:58:28","slug":"invitan-a-bodegas-a-una-charla-sobre-la-cita-de-negocios-vinexpo-que-se-hara-en-mendoza-en-octubre","status":"publish","type":"post","link":"https:\/\/enolife.com.ar\/es\/invitan-a-bodegas-a-una-charla-sobre-la-cita-de-negocios-vinexpo-que-se-hara-en-mendoza-en-octubre\/","title":{"rendered":"Invitan a bodegas a una charla sobre la cita de negocios Vinexpo que se har\u00e1 en Mendoza en octubre"},"content":{"rendered":"\n<h4 class=\"wp-block-heading\"><em><strong>En preparaci\u00f3n del encuentro internacional Vinexpo Explorer Mendoza -del 6 al 9\/10\/2025-, que por primera vez se realizar\u00e1 en esta provincia y en Sudam\u00e9rica, organizado por el gobierno local y la empresa global Vinexposium, este jueves 24 de abril la agencia estatal ProMendoza ha convocado a todos los representantes de bodegas interesados a esta muestra global, pensada para concretar negocios y mostrar los vinos mendocinos al mundo. La reuni\u00f3n informativa ser\u00e1 on line, a trav\u00e9s de la plataforma Microsoft Teams, en el horario de 12 a 13 horas, con participaci\u00f3n gratuita previa inscripci\u00f3n.<\/strong><\/em><\/h4>\n\n\n\n<div style=\"height:35px\" aria-hidden=\"true\" class=\"wp-block-spacer\"><\/div>\n\n\n\n\n\n<div style=\"height:45px\" aria-hidden=\"true\" class=\"wp-block-spacer\"><\/div>\n\n\n\n<p><strong>Mendoza<\/strong> ser\u00e1 sede de un encuentro internacional clave para el sector vitivin\u00edcola. Del 6 al 9 de octubre de 2025 se realizar\u00e1 la primera edici\u00f3n de <strong>Vinexpo Explorer Mendoza<\/strong>, organizada por el gobierno de <strong>Mendoza<\/strong>, <strong>ProMendoza<\/strong> y la firma francesa <strong>Vinexposium<\/strong>, en lo que ser\u00e1 la primera actividad en <strong>Sudam\u00e9rica<\/strong> de esta reconocida organizaci\u00f3n.<\/p>\n\n\n\n<p>Ser\u00e1 la primera vez que Mendoza reciba de manera simult\u00e1nea a cientos de empresarios internacionales del rubro, lo que podr\u00eda marcar un hito en la historia del comercio exterior de la provincia.<\/p>\n\n\n\n<p>Para brindar todos los detalles sobre c\u00f3mo participar, ProMendoza invit\u00f3 a una charla virtual dirigida a bodegas mendocinas interesadas en formar parte de esta importante iniciativa.<\/p>\n\n\n\n<p><strong>Patricia Gim\u00e9nez<\/strong>, gerenta de ProMendoza, destac\u00f3 la relevancia del evento: <em>\u201cEsta es una oportunidad \u00fanica para las bodegas mendocinas. Poder recibir compradores de mercados estrat\u00e9gicos en nuestra provincia, en un entorno pensado para generar negocios reales, es un paso clave para seguir posicionando nuestros vinos en el mundo. Desde ProMendoza queremos que todas las bodegas, grandes y peque\u00f1as, puedan conocer las condiciones de participaci\u00f3n y sumarse a esta iniciativa\u201d.<\/em><\/p>\n\n\n\n<p><strong>Charla informativa:<\/strong> Jueves 24 de abril &#8211; Horario: 12 a 13 &#8211; Plataforma Microsoft Teams.<\/p>\n\n\n\n<p class=\"has-background\" style=\"background-color:#abb7c25c\"><strong>Inscripci\u00f3n a la charla: <a href=\"https:\/\/forms.office.com\/Pages\/ResponsePage.aspx?id=B3HJ8FXCvE6ZPLVy3W9-RyffyTb1HOpNhSrU3f21mnpUMFRSUFlLVldPTzg0VVNSRFJRRUU4SzJKRSQlQCN0PWcu\">AQU\u00cd <\/a> &#8211; El mismo jueves por la ma\u00f1ana se enviar\u00e1 por correo electr\u00f3nico el enlace de acceso a la reuni\u00f3n virtual.<\/strong><\/p>\n\n\n\n<div style=\"height:35px\" aria-hidden=\"true\" class=\"wp-block-spacer\"><\/div>\n\n\n\n<p class=\"has-medium-font-size\"><strong>\u00bfQu\u00e9 es Vinexpo Explorer Mendoza?<\/strong><\/p>\n\n\n<div class=\"wp-block-image\">\n<figure class=\"alignleft size-full is-resized\"><a href=\"https:\/\/enolife.com.ar\/es\/wp-content\/uploads\/2025\/04\/image-62.png\" data-rel=\"penci-gallery-image-content\" ><img loading=\"lazy\" decoding=\"async\" width=\"201\" height=\"251\" src=\"https:\/\/enolife.com.ar\/es\/wp-content\/uploads\/2025\/04\/image-62.png\" alt=\"\" class=\"wp-image-144224\" style=\"width:250px;height:auto\"\/><\/a><\/figure><\/div>\n\n\n<p>Vinexpo Explorer Mendoza es un encuentro global que reunir\u00e1 en Mendoza a unos 80 compradores internacionales provenientes de Am\u00e9rica del Norte, Europa y Asia, con el objetivo de generar oportunidades comerciales de alto impacto con bodegas mendocinas.<\/p>\n\n\n\n<p>El programa Vinexpo Explorer Mendoza ofrecer\u00e1 una experiencia inmersiva en nuestra regi\u00f3n vitivin\u00edcola. Contar\u00e1 con presentaciones de especialistas, visitas  a vi\u00f1edos, degustaciones y reuniones de negocios.<\/p>\n\n\n\n<p><strong>Las bodegas podr\u00e1n inscribirse en dos modalidades de participaci\u00f3n:<\/strong> como anfitriones (Hosts) o para las rondas de negocios B2B y tasting.<\/p>\n\n\n\n<p>Adem\u00e1s, todas las bodegas que se preinscriban correctamente formar\u00e1n parte del primer <strong>Directorio Exportador y Oferta Exportable de Mendoza,<\/strong> que ser\u00e1 publicado en el sitio de internet de ProMendoza durante el primer semestre de 2025 y utilizado en todas las acciones de promoci\u00f3n comercial de la instituci\u00f3n.<\/p>\n\n\n\n<p><strong>Fechas clave de inscripci\u00f3n:<\/strong><\/p>\n\n\n\n<ul class=\"wp-block-list\">\n<li>Anfitriones (Hosts): hasta el 30 de mayo de 2025<\/li>\n\n\n\n<li>Tasting y rondas B2B: hasta el 9 de julio de 2025<\/li>\n<\/ul>\n\n\n\n<p>La preinscripci\u00f3n no garantiza la participaci\u00f3n en la ronda de negocios, pero s\u00ed asegura la inclusi\u00f3n en el cat\u00e1logo promocional.<a href=\"https:\/\/www.mendoza.gov.ar\/wp-content\/uploads\/sites\/5\/2025\/04\/vino.jpg\"><\/a><\/p>\n\n\n\n<div style=\"height:33px\" aria-hidden=\"true\" class=\"wp-block-spacer\"><\/div>\n\n\n\n<p><a href=\"https:\/\/www.mendoza.gov.ar\/wp-content\/uploads\/sites\/5\/2025\/04\/vino.jpg\"><\/a><\/p>\n","protected":false},"excerpt":{"rendered":"<p>En preparaci\u00f3n del encuentro internacional Vinexpo Explorer Mendoza -del 6 al 9\/10\/2025-, que por primera&hellip;<\/p>\n","protected":false},"author":2,"featured_media":144225,"comment_status":"open","ping_status":"open","sticky":false,"template":"","format":"standard","meta":{"footnotes":""},"categories":[47],"tags":[],"class_list":["post-144222","post","type-post","status-publish","format-standard","has-post-thumbnail","hentry","category-agenda"],"_links":{"self":[{"href":"https:\/\/enolife.com.ar\/es\/wp-json\/wp\/v2\/posts\/144222","targetHints":{"allow":["GET"]}}],"collection":[{"href":"https:\/\/enolife.com.ar\/es\/wp-json\/wp\/v2\/posts"}],"about":[{"href":"https:\/\/enolife.com.ar\/es\/wp-json\/wp\/v2\/types\/post"}],"author":[{"embeddable":true,"href":"https:\/\/enolife.com.ar\/es\/wp-json\/wp\/v2\/users\/2"}],"replies":[{"embeddable":true,"href":"https:\/\/enolife.com.ar\/es\/wp-json\/wp\/v2\/comments?post=144222"}],"version-history":[{"count":0,"href":"https:\/\/enolife.com.ar\/es\/wp-json\/wp\/v2\/posts\/144222\/revisions"}],"wp:featuredmedia":[{"embeddable":true,"href":"https:\/\/enolife.com.ar\/es\/wp-json\/wp\/v2\/media\/144225"}],"wp:attachment":[{"href":"https:\/\/enolife.com.ar\/es\/wp-json\/wp\/v2\/media?parent=144222"}],"wp:term":[{"taxonomy":"category","embeddable":true,"href":"https:\/\/enolife.com.ar\/es\/wp-json\/wp\/v2\/categories?post=144222"},{"taxonomy":"post_tag","embeddable":true,"href":"https:\/\/enolife.com.ar\/es\/wp-json\/wp\/v2\/tags?post=144222"}],"curies":[{"name":"wp","href":"https:\/\/api.w.org\/{rel}","templated":true}]}}