{"id":144208,"date":"2025-04-21T19:31:08","date_gmt":"2025-04-21T19:31:08","guid":{"rendered":"https:\/\/enolife.com.ar\/es\/?p=144208"},"modified":"2025-04-22T16:24:33","modified_gmt":"2025-04-22T16:24:33","slug":"la-utn-ahora-dictara-en-rivadavia-sus-tecnicaturas-en-enologia-y-programacion","status":"publish","type":"post","link":"https:\/\/enolife.com.ar\/es\/la-utn-ahora-dictara-en-rivadavia-sus-tecnicaturas-en-enologia-y-programacion\/","title":{"rendered":"La UTN ahora dictar\u00e1 en Rivadavia sus tecnicaturas en Enolog\u00eda y Programaci\u00f3n"},"content":{"rendered":"\n<h4 class=\"wp-block-heading\"><em><strong>Enmarcada en las pol\u00edticas de federalizaci\u00f3n de la educaci\u00f3n universitaria y la extensi\u00f3n del conocimiento a toda la comunidad, la Universidad Tecnol\u00f3gica Nacional &#8211; Facultad Regional Mendoza, acaba de firmar un acuerdo con la Municipalidad de Rivadavia para implementar en ese departamento dos tecnicaturas que hasta ahora se dictaban s\u00f3lo en la casa central de la casa de altos estudios en Mendoza. Buena noticias para los estudiantes y futuros en\u00f3logos de esa pujante comuna mendocina.<\/strong><\/em><\/h4>\n\n\n\n<div style=\"height:36px\" aria-hidden=\"true\" class=\"wp-block-spacer\"><\/div>\n\n\n<a href=\"https:\/\/www.dellatoffola.com.ar\/es\/home\" aria-label=\"della toffolla 1700&#215;500\"><img loading=\"lazy\" decoding=\"async\" src=\"https:\/\/enolife.com.ar\/es\/wp-content\/uploads\/2023\/10\/della-toffolla-1700x500-2.png\" alt=\"\"  srcset=\"https:\/\/enolife.com.ar\/es\/wp-content\/uploads\/2023\/10\/della-toffolla-1700x500-2.png 1699w, https:\/\/enolife.com.ar\/es\/wp-content\/uploads\/2023\/10\/della-toffolla-1700x500-2-300x88.png 300w, https:\/\/enolife.com.ar\/es\/wp-content\/uploads\/2023\/10\/della-toffolla-1700x500-2-1024x301.png 1024w, https:\/\/enolife.com.ar\/es\/wp-content\/uploads\/2023\/10\/della-toffolla-1700x500-2-768x226.png 768w, https:\/\/enolife.com.ar\/es\/wp-content\/uploads\/2023\/10\/della-toffolla-1700x500-2-1536x451.png 1536w, https:\/\/enolife.com.ar\/es\/wp-content\/uploads\/2023\/10\/della-toffolla-1700x500-2-1170x344.png 1170w, https:\/\/enolife.com.ar\/es\/wp-content\/uploads\/2023\/10\/della-toffolla-1700x500-2-585x172.png 585w\" sizes=\"auto, (max-width: 1699px) 100vw, 1699px\" width=\"1699\" height=\"499\"   \/><\/a>\n\n\n<div style=\"height:47px\" aria-hidden=\"true\" class=\"wp-block-spacer\"><\/div>\n\n\n\n<p>A trav\u00e9s de un acuerdo entre la <strong>Municipalidad de Rivadavia<\/strong> y la <strong>Universidad Tecnol\u00f3gica Nacional Facultad Regional Mendoza<\/strong> <strong>(FRM)<\/strong>, se implementar\u00e1, en este departamento del Este mendocino, el dictado de dos de las carreras de la FRM, la <strong>Tecnicatura Universitaria en Programaci\u00f3n<\/strong> y la <strong>Tecnicatura Universitaria en Enolog\u00eda.<\/strong><\/p>\n\n\n\n<p>Por tal motivo, este lunes 21\/4\/25, a las 18 horas, en el Anexo Rivadavia de la UTN (Jos\u00e9 Hern\u00e1ndez 227, Rivadavia, Mendoza), el decano <strong>Jos\u00e9 Balacc<\/strong> y el presidente del Concejo Deliberante de Rivadavia, <strong>Luis Garc\u00eda Llauro<\/strong> (en representaci\u00f3n del intendente <strong>Ricardo Mansur<\/strong>), realizar\u00e1n la r\u00fabrica del convenio. Los acompa\u00f1ar\u00e1n otros directivos de ambas instituciones.<\/p>\n\n\n\n<p>Como se manifiesta en el Acta que se firmar\u00e1 este d\u00eda, la implementaci\u00f3n de las Tecnicaturas en Programaci\u00f3n y en Enolog\u00eda en el Este, <em>\u201csurge de la necesidad de formar profesionales con conocimientos espec\u00edficos, en el Departamento y zonas aleda\u00f1as; en concordancia con una necesidad creciente a nivel local y el objetivo es desarrollar acciones educativas para fortalecer a la comunidad de Rivadavia y Zona Este\u201d.<\/em><\/p>\n\n\n\n<p>La Municipalidad garantizar\u00e1 la calidad edilicia y el mobiliario, mientras que la Facultad dispondr\u00e1 el personal para las actividades administrativas y acad\u00e9mcias cotidianas de las carreras y seguimiento de los estudiantes.<\/p>\n\n\n\n<p>En cuanto al comienzo del dictado de esas dos carreras cortas en Rivadavia, la Tecnicatura en Programaci\u00f3n comenzar\u00e1 a dictarse en el segundo semestre del corriente a\u00f1o, mientras que la Tecnicatura en Enolog\u00eda, se iniciar\u00e1 el a\u00f1o pr\u00f3ximo.<\/p>\n\n\n\n<p>Ambas tecnicaturas tienen una duraci\u00f3n de alrededor de dos a\u00f1os, y amplia salida laboral.<\/p>\n\n\n\n<div style=\"height:34px\" aria-hidden=\"true\" class=\"wp-block-spacer\"><\/div>\n","protected":false},"excerpt":{"rendered":"<p>Enmarcada en las pol\u00edticas de federalizaci\u00f3n de la educaci\u00f3n universitaria y la extensi\u00f3n del conocimiento&hellip;<\/p>\n","protected":false},"author":2,"featured_media":144217,"comment_status":"open","ping_status":"open","sticky":false,"template":"","format":"standard","meta":{"footnotes":""},"categories":[14],"tags":[],"class_list":["post-144208","post","type-post","status-publish","format-standard","has-post-thumbnail","hentry","category-news"],"_links":{"self":[{"href":"https:\/\/enolife.com.ar\/es\/wp-json\/wp\/v2\/posts\/144208","targetHints":{"allow":["GET"]}}],"collection":[{"href":"https:\/\/enolife.com.ar\/es\/wp-json\/wp\/v2\/posts"}],"about":[{"href":"https:\/\/enolife.com.ar\/es\/wp-json\/wp\/v2\/types\/post"}],"author":[{"embeddable":true,"href":"https:\/\/enolife.com.ar\/es\/wp-json\/wp\/v2\/users\/2"}],"replies":[{"embeddable":true,"href":"https:\/\/enolife.com.ar\/es\/wp-json\/wp\/v2\/comments?post=144208"}],"version-history":[{"count":0,"href":"https:\/\/enolife.com.ar\/es\/wp-json\/wp\/v2\/posts\/144208\/revisions"}],"wp:featuredmedia":[{"embeddable":true,"href":"https:\/\/enolife.com.ar\/es\/wp-json\/wp\/v2\/media\/144217"}],"wp:attachment":[{"href":"https:\/\/enolife.com.ar\/es\/wp-json\/wp\/v2\/media?parent=144208"}],"wp:term":[{"taxonomy":"category","embeddable":true,"href":"https:\/\/enolife.com.ar\/es\/wp-json\/wp\/v2\/categories?post=144208"},{"taxonomy":"post_tag","embeddable":true,"href":"https:\/\/enolife.com.ar\/es\/wp-json\/wp\/v2\/tags?post=144208"}],"curies":[{"name":"wp","href":"https:\/\/api.w.org\/{rel}","templated":true}]}}