{"id":144008,"date":"2025-04-19T21:36:22","date_gmt":"2025-04-19T21:36:22","guid":{"rendered":"https:\/\/enolife.com.ar\/es\/?p=144008"},"modified":"2025-04-21T19:30:18","modified_gmt":"2025-04-21T19:30:18","slug":"se-aprobo-la-reforma-del-inta-y-hay-temor-a-una-ola-privatizadora-con-despidos","status":"publish","type":"post","link":"https:\/\/enolife.com.ar\/es\/se-aprobo-la-reforma-del-inta-y-hay-temor-a-una-ola-privatizadora-con-despidos\/","title":{"rendered":"Se aprob\u00f3 la reforma del INTA y hay temor a una ola privatizadora con despidos"},"content":{"rendered":"\n<h4 class=\"wp-block-heading\"><em><strong>El Consejo Directivo del Instituto Nacional de Tecnolog\u00eda Agropecuaria (INTA) aprob\u00f3 el 15\/4725  una reestructuraci\u00f3n institucional en el ente. Entre las medidas dispuestas se encuentran quitar funciones y competencia a la Direcci\u00f3n Nacional para concentrarlas en el Consejo Directivo. Julieta Boedo, delegada de la Asociaci\u00f3n Trabajadores del Estado (ATE) e integrante de la Coordinaci\u00f3n Nacional de ATE-INTA, se\u00f1al\u00f3 que esta movida forma parte de un plan de ajuste del Gobierno, que busca reducir la planta de 6.100 a 4.500 trabajadores, utilizando mecanismos como los \u201cpases de disponibilidad\u201d.<\/strong><\/em><\/h4>\n\n\n\n<div style=\"height:35px\" aria-hidden=\"true\" class=\"wp-block-spacer\"><\/div>\n\n\n<a href=\"https:\/\/www.facebook.com\/SindicatoContratitas\/\" aria-label=\"banner contratistas 1700&#215;500\"><img loading=\"lazy\" decoding=\"async\" src=\"https:\/\/enolife.com.ar\/es\/wp-content\/uploads\/2020\/08\/banner-contratistas-1700x500-1.jpg\" alt=\"\"  srcset=\"https:\/\/enolife.com.ar\/es\/wp-content\/uploads\/2020\/08\/banner-contratistas-1700x500-1.jpg 1700w, https:\/\/enolife.com.ar\/es\/wp-content\/uploads\/2020\/08\/banner-contratistas-1700x500-1-300x88.jpg 300w, https:\/\/enolife.com.ar\/es\/wp-content\/uploads\/2020\/08\/banner-contratistas-1700x500-1-1024x301.jpg 1024w, https:\/\/enolife.com.ar\/es\/wp-content\/uploads\/2020\/08\/banner-contratistas-1700x500-1-768x226.jpg 768w, https:\/\/enolife.com.ar\/es\/wp-content\/uploads\/2020\/08\/banner-contratistas-1700x500-1-1536x452.jpg 1536w, https:\/\/enolife.com.ar\/es\/wp-content\/uploads\/2020\/08\/banner-contratistas-1700x500-1-1170x344.jpg 1170w, https:\/\/enolife.com.ar\/es\/wp-content\/uploads\/2020\/08\/banner-contratistas-1700x500-1-585x172.jpg 585w\" sizes=\"auto, (max-width: 1700px) 100vw, 1700px\" width=\"1700\" height=\"500\"   \/><\/a>\n\n\n<div style=\"height:45px\" aria-hidden=\"true\" class=\"wp-block-spacer\"><\/div>\n\n\n\n<p>Finalmente se concret\u00f3 el plan oficial del gobierno argentino para con el <strong>Instituto Nacional de Tecnolog\u00eda Agropecuaria (INTA)<\/strong>. Luego de varios meses de anuncios y consideraci\u00f3n de modalidades y opciones, se materializ\u00f3 un <strong>fuerte ajuste del organismo de ciencia y t\u00e9cnica de orgullo mundial, <\/strong>que hasta ahora hab\u00eda encontrado resistencia.<\/p>\n\n\n\n<p>Se trata de un plan \u201cde reestructuraci\u00f3n\u201d del organismo, promovido por el propio Poder Ejecutivo al mando de Javier Milei, y bajado a tierra por las autoridades dentro del INTA: su presidente <strong>Nicol\u00e1s Bronzovich<\/strong> y <strong>Beatriz Giraudo<\/strong>, ambos ex directivos de la <strong>Asociaci\u00f3n Argentina de Productores en Siembra Directa (Aapresid).<\/strong><\/p>\n\n\n\n<p>En concreto, el Consejo Directivo del INTA resolvi\u00f3 aprobar una modificaci\u00f3n de la estructura, que agrega una <strong>Secretar\u00eda de Coordinaci\u00f3n<\/strong>, que suplanta las facultades del <strong>Director Nacional<\/strong>, y con ella llegar\u00edan las reformas pedidas desde arriba.<\/p>\n\n\n\n<div style=\"height:20px\" aria-hidden=\"true\" class=\"wp-block-spacer\"><\/div>\n\n\n<div class=\"wp-block-image\">\n<figure class=\"aligncenter size-full is-resized\"><a href=\"https:\/\/enolife.com.ar\/es\/wp-content\/uploads\/2025\/04\/inta-protesta.jpg\" data-rel=\"penci-gallery-image-content\" ><img loading=\"lazy\" decoding=\"async\" width=\"700\" height=\"467\" src=\"https:\/\/enolife.com.ar\/es\/wp-content\/uploads\/2025\/04\/inta-protesta.jpg\" alt=\"\" class=\"wp-image-144013\" style=\"width:643px;height:auto\" srcset=\"https:\/\/enolife.com.ar\/es\/wp-content\/uploads\/2025\/04\/inta-protesta.jpg 700w, https:\/\/enolife.com.ar\/es\/wp-content\/uploads\/2025\/04\/inta-protesta-300x200.jpg 300w, https:\/\/enolife.com.ar\/es\/wp-content\/uploads\/2025\/04\/inta-protesta-585x390.jpg 585w\" sizes=\"auto, (max-width: 700px) 100vw, 700px\" \/><\/a><figcaption class=\"wp-element-caption\"><em><strong>Una de las \u00faltimas movilizaciones del personal del INTA en defensa de sus puestos de trabajo, en la ciudad de Buenos Aires, encabezada por la dirigente Julieta Boedo (izq.).<\/strong><\/em><\/figcaption><\/figure><\/div>\n\n\n<div style=\"height:30px\" aria-hidden=\"true\" class=\"wp-block-spacer\"><\/div>\n\n\n\n<p>La l\u00ednea pol\u00edtica prevaleci\u00f3 sobre la cient\u00edfica, y con una votaci\u00f3n que s\u00f3lo tuvo dos votos en contra y una ausencia, el resto vot\u00f3 a favor del desmantelamiento de organismo.<\/p>\n\n\n\n<p>De acuerdo a lo trascendido, la resoluci\u00f3n respectiva seguramente saldr\u00e1 en el Boletin Oficial la pr\u00f3xima semana, y ah\u00ed se concretar\u00e1 el cambio del INTA.<\/p>\n\n\n\n<p>El plan aprobado busca despedir al 30% del personal ocupado actualmente y poner en venta las tierras y edificios de ese organismo que se consideren \u201cimproductivas\u201d, entre otras cuestiones.<\/p>\n\n\n\n<p><em>\u201cEsto es la puerta hacia otra avanzada, as\u00ed que estemos atentos, atentas, estemos disponibles. Esto, tal vez reci\u00e9n empiece\u201d<\/em>, advirti\u00f3&nbsp; <strong>Julieta Boedo<\/strong> de la <strong>Asociaci\u00f3n de Trabajadores del Estado (ATE).<\/strong><\/p>\n\n\n\n<div style=\"height:32px\" aria-hidden=\"true\" class=\"wp-block-spacer\"><\/div>\n\n\n\n<figure class=\"wp-block-image is-resized\"><a href=\"https:\/\/bichosdecampo.com\/wp-content\/uploads\/2024\/08\/inta-cerrillos-salta.jpg\" data-rel=\"penci-gallery-image-content\" ><img decoding=\"async\" src=\"https:\/\/bichosdecampo.com\/wp-content\/uploads\/2024\/08\/inta-cerrillos-salta-665x315.jpg\" alt=\"\" style=\"width:747px;height:auto\"\/><\/a><\/figure>\n\n\n\n<div style=\"height:34px\" aria-hidden=\"true\" class=\"wp-block-spacer\"><\/div>\n\n\n\n<p>Lo que temen tanto empleados como directivos regionales del Instituto, es que a partir de ahora, comience un per\u00edodo en el que se prioricen los negocios privados, y el extensionismo se transforme en un modelo similar al que estableci\u00f3 Aapresid en su sistema de chacras. Es probable que la reducci\u00f3n del organismo lleve a un intercambio con los privados. Desde la <strong>Asociaci\u00f3n de Profesionales del INTA (Apinta)<\/strong>, sospechan que esto puede representar un paso previo a una privatizaci\u00f3n del INTA, en el que se entreguen negocios a \u201camigos\u201d.<\/p>\n\n\n\n<p><em>\u201cTomemos fuerza, venimos tomando mucha fuerza este \u00faltimo tiempo, sobre todo los \u00faltimos meses que se recrudeci\u00f3 y nosotros estuvimos en la calle, estuvimos cada vez haci\u00e9ndonos m\u00e1s fuertes como organizaci\u00f3n y tambi\u00e9n con los compa\u00f1eros que no est\u00e1n organizados. Tambi\u00e9n hay que poner en valor lo que estuvo pasando estos meses. As\u00ed que esto no termina ac\u00e1, reci\u00e9n empieza, y tenemos que estar a la altura\u201d<\/em>, comunic\u00f3 Boedo a sus representados trabajadores del INTA.<\/p>\n\n\n\n<p>Por su parte, <strong>Mario Romero<\/strong>, secretario nacional de Apinta, el gremio que nuclea a los trabajadores expres\u00f3: <em>\u201cCon respecto a c\u00f3mo vamos a seguir, se va a analizar la v\u00eda cuando tengamos la resoluci\u00f3n y reafirmamos la convocatoria para el 24 a la movilizaci\u00f3n. Hoy m\u00e1s que nunca porque vienen por todo en el INTA&#8230; Nos vemos el 24 y vamos a defender nuestro INTA y a nuestros compa\u00f1eros y compa\u00f1eras\u201d<\/em>.<\/p>\n\n\n\n<div style=\"height:32px\" aria-hidden=\"true\" class=\"wp-block-spacer\"><\/div>\n\n\n\n<p class=\"has-small-font-size\"><em><strong>Fuentes: Dirario La Naci\u00f3n y Bichos de Campo, por Diego Ma\u00f1as<\/strong><\/em><\/p>\n\n\n\n<div style=\"height:24px\" aria-hidden=\"true\" class=\"wp-block-spacer\"><\/div>\n","protected":false},"excerpt":{"rendered":"<p>El Consejo Directivo del Instituto Nacional de Tecnolog\u00eda Agropecuaria (INTA) aprob\u00f3 el 15\/4725 una reestructuraci\u00f3n&hellip;<\/p>\n","protected":false},"author":2,"featured_media":49267,"comment_status":"open","ping_status":"open","sticky":false,"template":"","format":"standard","meta":{"footnotes":""},"categories":[14],"tags":[],"class_list":["post-144008","post","type-post","status-publish","format-standard","has-post-thumbnail","hentry","category-news"],"_links":{"self":[{"href":"https:\/\/enolife.com.ar\/es\/wp-json\/wp\/v2\/posts\/144008","targetHints":{"allow":["GET"]}}],"collection":[{"href":"https:\/\/enolife.com.ar\/es\/wp-json\/wp\/v2\/posts"}],"about":[{"href":"https:\/\/enolife.com.ar\/es\/wp-json\/wp\/v2\/types\/post"}],"author":[{"embeddable":true,"href":"https:\/\/enolife.com.ar\/es\/wp-json\/wp\/v2\/users\/2"}],"replies":[{"embeddable":true,"href":"https:\/\/enolife.com.ar\/es\/wp-json\/wp\/v2\/comments?post=144008"}],"version-history":[{"count":0,"href":"https:\/\/enolife.com.ar\/es\/wp-json\/wp\/v2\/posts\/144008\/revisions"}],"wp:featuredmedia":[{"embeddable":true,"href":"https:\/\/enolife.com.ar\/es\/wp-json\/wp\/v2\/media\/49267"}],"wp:attachment":[{"href":"https:\/\/enolife.com.ar\/es\/wp-json\/wp\/v2\/media?parent=144008"}],"wp:term":[{"taxonomy":"category","embeddable":true,"href":"https:\/\/enolife.com.ar\/es\/wp-json\/wp\/v2\/categories?post=144008"},{"taxonomy":"post_tag","embeddable":true,"href":"https:\/\/enolife.com.ar\/es\/wp-json\/wp\/v2\/tags?post=144008"}],"curies":[{"name":"wp","href":"https:\/\/api.w.org\/{rel}","templated":true}]}}