{"id":143617,"date":"2025-04-16T18:54:07","date_gmt":"2025-04-16T18:54:07","guid":{"rendered":"https:\/\/enolife.com.ar\/es\/?p=143617"},"modified":"2025-04-17T18:07:00","modified_gmt":"2025-04-17T18:07:00","slug":"con-los-ojos-vendados-musica-y-relatos-a-festejar-el-malbec-en-la-enoteca-de-mendoza","status":"publish","type":"post","link":"https:\/\/enolife.com.ar\/es\/con-los-ojos-vendados-musica-y-relatos-a-festejar-el-malbec-en-la-enoteca-de-mendoza\/","title":{"rendered":"\u00a1Con los ojos vendados, m\u00fasica y relatos, a festejar el Malbec en la Enoteca de Mendoza!"},"content":{"rendered":"\n<h4 class=\"wp-block-heading\"><em><strong>La Enoteca, junto a la organizaci\u00f3n Wine Cloud, invitan para ma\u00f1ana 17 de abril de 2025 al denominado \u00abWine Concert-Episodio I: El Malbec\u00bb. La cita es desde las 19 hs, para vivir una aventura de sensaciones contadas a trav\u00e9s del vino, a ojos tapados, en un relato pintado de historia, m\u00fasica y emoci\u00f3n con el Malbec como protagonista. La entrada incluye 3 vinos y una experiencia inmersiva a ciegas, acompa\u00f1ada de deliciosos bocados que ser\u00e1n parte de las sensaciones a descubrir. Y, a partir de las 20.30 hs, con entrada libre, se abre el Mercadito Malbec, son stands de diferentes bodegas.<\/strong><\/em><\/h4>\n\n\n\n<div style=\"height:35px\" aria-hidden=\"true\" class=\"wp-block-spacer\"><\/div>\n\n\n\n\n\n<div style=\"height:45px\" aria-hidden=\"true\" class=\"wp-block-spacer\"><\/div>\n\n\n\n<p>El 17 de abril se celebra en todo el mundo el d\u00eda del Malbec, la cepa tinta que representa a la Argentina por su car\u00e1cter \u00fanico, por ser la m\u00e1s extendida en el pa\u00eds, la m\u00e1s exportada y la que tiene mayor presencia en las g\u00f3ndolas locales. Por estos d\u00edas, amantes del vino de todos los rincones tienen la oportunidad de descubrir esta variedad en toda su gama de productos y protagonizar experiencias sensoriales que permitir\u00e1n reafirmar que el Malbec tiene mucho para ofrecer.<\/p>\n\n\n\n<div style=\"height:30px\" aria-hidden=\"true\" class=\"wp-block-spacer\"><\/div>\n\n\n\n<figure class=\"wp-block-embed is-type-video is-provider-youtube wp-block-embed-youtube wp-embed-aspect-16-9 wp-has-aspect-ratio\"><div class=\"wp-block-embed__wrapper\">\n<iframe loading=\"lazy\" title=\"\u00a1Feliz D\u00eda del Malbec 2025!\" width=\"1170\" height=\"658\" src=\"https:\/\/www.youtube.com\/embed\/cBmA3Lys2Pk?feature=oembed\" frameborder=\"0\" allow=\"accelerometer; autoplay; clipboard-write; encrypted-media; gyroscope; picture-in-picture; web-share\" referrerpolicy=\"strict-origin-when-cross-origin\" allowfullscreen><\/iframe>\n<\/div><\/figure>\n\n\n\n<div style=\"height:35px\" aria-hidden=\"true\" class=\"wp-block-spacer\"><\/div>\n\n\n\n<p class=\"has-medium-font-size\"><strong>Celebraci\u00f3n en La Enoteca<\/strong><\/p>\n\n\n\n<p>Para descubrir todo lo que el Malbec tiene para ofrecer a los sentidos, el <strong>Centro Tem\u00e1tico del Vino<\/strong> (Avenida Peltier 611 Mendoza) ofrece una agenda interesant\u00edsima. <\/p>\n\n\n<div class=\"wp-block-image\">\n<figure class=\"alignleft size-large is-resized\"><a href=\"https:\/\/enolife.com.ar\/es\/wp-content\/uploads\/2025\/04\/WINE-CONCERT.jpeg\" data-rel=\"penci-gallery-image-content\" ><img loading=\"lazy\" decoding=\"async\" width=\"819\" height=\"1024\" src=\"https:\/\/enolife.com.ar\/es\/wp-content\/uploads\/2025\/04\/WINE-CONCERT-819x1024.jpeg\" alt=\"\" class=\"wp-image-143623\" style=\"width:242px;height:auto\" srcset=\"https:\/\/enolife.com.ar\/es\/wp-content\/uploads\/2025\/04\/WINE-CONCERT-819x1024.jpeg 819w, https:\/\/enolife.com.ar\/es\/wp-content\/uploads\/2025\/04\/WINE-CONCERT-240x300.jpeg 240w, https:\/\/enolife.com.ar\/es\/wp-content\/uploads\/2025\/04\/WINE-CONCERT-768x960.jpeg 768w, https:\/\/enolife.com.ar\/es\/wp-content\/uploads\/2025\/04\/WINE-CONCERT-585x731.jpeg 585w, https:\/\/enolife.com.ar\/es\/wp-content\/uploads\/2025\/04\/WINE-CONCERT.jpeg 1080w\" sizes=\"auto, (max-width: 819px) 100vw, 819px\" \/><\/a><\/figure><\/div>\n\n\n<p>El <strong>jueves&nbsp; 17 de abril a partir de las 19, <\/strong>junto a Wine Cloud, ofrecer\u00e1 una propuesta netamente sensorial y placentera. <strong>\u201cWine Concert Episodio Malbec\u201d,<\/strong> una invitaci\u00f3n a descubrir el universo sensorial de esta variedad de la mano de una experiencia inmersiva. <\/p>\n\n\n\n<p>Los sommeliers <strong>Carolina San Mill\u00e1n y Matt Berrondo<\/strong> comandar\u00e1n un viaje hacia los aromas, los sabores y las sensaciones de el Malbec puede despertar. La experiencia se potenciar\u00e1 con la diversidad de vinos que se degustar\u00e1n, es que el Malbec tiene entre sus atributos la capacidad de brindar vinos maravillosos con estilos muy diferentes. La entrada incluye 3 vinos y una experiencia inmersiva a ciegas, acompa\u00f1ada de deliciosos bocados que ser\u00e1n parte de las sensaciones a descubrir.<\/p>\n\n\n\n<p class=\"has-background\" style=\"background-color:#abb7c266\"><strong>Entradas en venta en: <a href=\"https:\/\/www.eventbrite.com.ar\/e\/wine-concert-episodio-i-el-malbec-tickets-1311946099099?aff=oddtdtcreator\">Eventbrite<\/a> <\/strong>con un costo de<strong> $18.000 <\/strong>(y precio especial de $16.000 para socios de La Enoteca Club).<\/p>\n\n\n\n<div style=\"height:20px\" aria-hidden=\"true\" class=\"wp-block-spacer\"><\/div>\n\n\n<div class=\"wp-block-image\">\n<figure class=\"alignleft size-full is-resized\"><a href=\"https:\/\/enolife.com.ar\/es\/wp-content\/uploads\/2025\/04\/EXPERIENCIA-INMERSIVA-MALBEC.jpeg\" data-rel=\"penci-gallery-image-content\" ><img loading=\"lazy\" decoding=\"async\" width=\"400\" height=\"572\" src=\"https:\/\/enolife.com.ar\/es\/wp-content\/uploads\/2025\/04\/EXPERIENCIA-INMERSIVA-MALBEC.jpeg\" alt=\"\" class=\"wp-image-143625\" style=\"width:235px;height:auto\" srcset=\"https:\/\/enolife.com.ar\/es\/wp-content\/uploads\/2025\/04\/EXPERIENCIA-INMERSIVA-MALBEC.jpeg 400w, https:\/\/enolife.com.ar\/es\/wp-content\/uploads\/2025\/04\/EXPERIENCIA-INMERSIVA-MALBEC-210x300.jpeg 210w\" sizes=\"auto, (max-width: 400px) 100vw, 400px\" \/><\/a><\/figure><\/div>\n\n\n<p>Desde las <strong>20.30, <\/strong>La Enoteca se transformar\u00e1 en <strong>Mercadito Malbec<\/strong>, una invitaci\u00f3n a continuar descubriendo los Malbec de bodegas mendocinas en sus diferentes stands, disfrutar vino por copa, conocer a los hacedores y conversar directamente con cada bodega, excelente m\u00fasica y arte es el centro de esta propuesta, de <strong>acceso gratuito<\/strong>. La experiencia inmersiva se completa la m\u00fasica del DJ y productor <strong>Mat\u00edas Del\u00f3ngaro<\/strong> y el arte fl\u00fao en vivo del ilustrador <strong>Gabriel Juli\u00e1n. <\/strong><\/p>\n\n\n\n<p class=\"has-background\" style=\"background-color:#abb7c266\"><strong>Mas info en <a href=\"https:\/\/www.instagram.com\/p\/DIUuZk7SrDV\/?img_index=1\">@LaEnoteca1902<\/a><\/strong><\/p>\n\n\n\n<div style=\"height:35px\" aria-hidden=\"true\" class=\"wp-block-spacer\"><\/div>\n\n\n\n<p class=\"has-medium-font-size\"><strong>\u00bfPor qu\u00e9 el 17 de abril se celebra el D\u00eda Mundial del Malbec?<\/strong><\/p>\n\n\n\n<p>El 17 de abril de 1853, por sugerencia de Domingo Faustino Sarmiento \u2013quien estaba exiliado en Chile-,&nbsp; se aprob\u00f3 en Mendoza el proyecto que propon\u00eda crear la Quinta Modelo y Escuela de Agricultura. Se trataba de un proyecto educativo visionario para la \u00e9poca y que sent\u00f3 las bases de la vitivinicultura en Argentina. El primer director de aquella escuela fue el franc\u00e9s Michel Pouget quien trajo de Europa diversas plantas, colmenas y barbechos de vid, entre ellos el Malbec.&nbsp; Esa fecha tan significativa fue la elegida para reconocer el valor de s\u00edmbolo nacional que tiene el gran tinto argentino.<\/p>\n\n\n\n<p><strong>La Enoteca Centro Tem\u00e1tico del Vino<\/strong>, situada en calle Peltier, en el conjunto del Centro de Congresos y Exposiciones&nbsp; y la Plaza del Vino, es el \u00fanico testimonio en pie de aquella gesta educativa. El edificio \u2013que termin\u00f3 de construirse en 1902- fue la bodega modelo donde se formaron los primeros profesionales vitivin\u00edcolas de Am\u00e9rica Latina. Hoy, La Enoteca es un espacio tur\u00edstico, educativo y patrimonial por el que pasan m\u00e1s de 1.000 turistas por mes, nacionales e internacionales. La visita guiada destaca el car\u00e1cter hist\u00f3rico del edificio y los proyectos educativos que all\u00ed tuvieron sede; se realiza en castellano, ingl\u00e9s y portugu\u00e9s y propone un final feliz: degustaci\u00f3n de las dos cepas emblem\u00e1ticas, Malbec y Torront\u00e9s.<\/p>\n\n\n\n<div style=\"height:30px\" aria-hidden=\"true\" class=\"wp-block-spacer\"><\/div>\n","protected":false},"excerpt":{"rendered":"<p>La Enoteca, junto a la organizaci\u00f3n Wine Cloud, invitan para ma\u00f1ana 17 de abril de&hellip;<\/p>\n","protected":false},"author":2,"featured_media":143630,"comment_status":"open","ping_status":"open","sticky":false,"template":"","format":"standard","meta":{"footnotes":""},"categories":[47],"tags":[],"class_list":["post-143617","post","type-post","status-publish","format-standard","has-post-thumbnail","hentry","category-agenda"],"_links":{"self":[{"href":"https:\/\/enolife.com.ar\/es\/wp-json\/wp\/v2\/posts\/143617","targetHints":{"allow":["GET"]}}],"collection":[{"href":"https:\/\/enolife.com.ar\/es\/wp-json\/wp\/v2\/posts"}],"about":[{"href":"https:\/\/enolife.com.ar\/es\/wp-json\/wp\/v2\/types\/post"}],"author":[{"embeddable":true,"href":"https:\/\/enolife.com.ar\/es\/wp-json\/wp\/v2\/users\/2"}],"replies":[{"embeddable":true,"href":"https:\/\/enolife.com.ar\/es\/wp-json\/wp\/v2\/comments?post=143617"}],"version-history":[{"count":0,"href":"https:\/\/enolife.com.ar\/es\/wp-json\/wp\/v2\/posts\/143617\/revisions"}],"wp:featuredmedia":[{"embeddable":true,"href":"https:\/\/enolife.com.ar\/es\/wp-json\/wp\/v2\/media\/143630"}],"wp:attachment":[{"href":"https:\/\/enolife.com.ar\/es\/wp-json\/wp\/v2\/media?parent=143617"}],"wp:term":[{"taxonomy":"category","embeddable":true,"href":"https:\/\/enolife.com.ar\/es\/wp-json\/wp\/v2\/categories?post=143617"},{"taxonomy":"post_tag","embeddable":true,"href":"https:\/\/enolife.com.ar\/es\/wp-json\/wp\/v2\/tags?post=143617"}],"curies":[{"name":"wp","href":"https:\/\/api.w.org\/{rel}","templated":true}]}}