{"id":14342,"date":"2020-06-12T18:42:11","date_gmt":"2020-06-12T18:42:11","guid":{"rendered":"http:\/\/enolife.com.ar\/es\/?p=14342"},"modified":"2020-06-16T03:33:45","modified_gmt":"2020-06-16T03:33:45","slug":"lujan-alista-una-guardia-turistica-y-ambiental-para-cuando-vuelvan-los-visitantes-a-las-bodegas","status":"publish","type":"post","link":"https:\/\/enolife.com.ar\/es\/lujan-alista-una-guardia-turistica-y-ambiental-para-cuando-vuelvan-los-visitantes-a-las-bodegas\/","title":{"rendered":"Luj\u00e1n alista una guardia tur\u00edstica y ambiental para cuando vuelvan los visitantes a las bodegas"},"content":{"rendered":"\n<h4 class=\"wp-block-heading\"><em><strong>Bendecido por la naturaleza con tierras f\u00e9rtiles y elegido por miles de mendocinos como lugar de descanso y esparcimiento, Luj\u00e1n ha sido uno de los primeros departamentos del Gran Mendoza en relanzar su oferta tur\u00edstica para cuando afloje la pandemia. De hecho, ya est\u00e1n funcionando, con protocolo, los restaurantes y hospedajes de bodegas. <\/strong><\/em><\/h4>\n\n\n\n<hr class=\"wp-block-separator\"\/>\n\n\n\n<h4 class=\"wp-block-heading\"><em><strong>El intendente Sebasti\u00e1n Bragagnolo ha conducido distintas acciones en esa direcci\u00f3n, como la difusi\u00f3n de un video sobre las bondades lujaninas y la conformaci\u00f3n de un cuerpo municipal para acompa\u00f1ar al turismo y promover buenas pr\u00e1cticas ambientales. En esta entrevista exclusiva con Enolife, el l\u00edder comunal se pone la camiseta de su terru\u00f1o y cuenta con entusiasmo sus planes.<\/strong><\/em><\/h4>\n\n\n\n<div style=\"height:20px\" aria-hidden=\"true\" class=\"wp-block-spacer\"><\/div>\n\n\n\n<p><strong>Entrevista: Pedro Straniero<\/strong><br><em>(pstraniero@enolife.com.ar)<\/em><\/p>\n\n\n\n<div style=\"height:20px\" aria-hidden=\"true\" class=\"wp-block-spacer\"><\/div>\n\n\n\n<div class=\"wp-block-image\"><figure class=\"alignleft size-large\"><img loading=\"lazy\" decoding=\"async\" width=\"449\" height=\"533\" src=\"https:\/\/enolife.com.ar\/es\/wp-content\/uploads\/2020\/06\/sebastian_bragagnolo_001_02.jpg\" alt=\"\" class=\"wp-image-14400\" srcset=\"https:\/\/enolife.com.ar\/es\/wp-content\/uploads\/2020\/06\/sebastian_bragagnolo_001_02.jpg 449w, https:\/\/enolife.com.ar\/es\/wp-content\/uploads\/2020\/06\/sebastian_bragagnolo_001_02-253x300.jpg 253w\" sizes=\"auto, (max-width: 449px) 100vw, 449px\" \/><figcaption><strong>Sebasti\u00e1n Bragagnolo<\/strong><\/figcaption><\/figure><\/div>\n\n\n\n<p class=\"has-text-color has-vivid-red-color\"><strong>-\u00bfC\u00f3mo preparan el terreno en tu comuna para el regreso del enoturismo?<\/strong><\/p>\n\n\n\n<p>-El parag\u00fcas macro en el que estamos trabajando es convertirnos en uno de los primeros destinos a nivel nacional en estar listos para recibir turistas. A nivel internacional, todas las c\u00e1maras y los expertos en el tema coinciden en que los destinos que van a tener prioridad a medida que se salga de la pandemia van a ser los destinos en espacios abiertos, con mucha naturaleza y baja densidad poblacional. La gente va a evitar las capitales que antes concentraban muchos turistas, las ciudades de alta densidad demogr\u00e1fica. Y en este sentido creemos que Luj\u00e1n tiene un potencial enorme, por lo que ya eramos y por cu\u00e1l es la fisonom\u00eda del departamento&#8230; Todo eso que buscar\u00e1n los turistas, Luj\u00e1n lo tiene para ofrecer.<\/p>\n\n\n\n<p class=\"has-text-color has-vivid-red-color\"><strong>-\u00bfYa est\u00e1n listos para recibir a la gente?<\/strong><\/p>\n\n\n\n<p>-La idea es ser los primeros en estar listos. Por eso, desde hace un mes y medio estamos trabajando con todos los prestadores tur\u00edsticos, incluyendo a las bodegas. Hemos coordinado actividades con Bodegas de Argentina, entidad nos apoya con el video que lanzamos. Cuando todos hablen de turismo, estar\u00edamos compitiendo con cien, doscientos&#8230; Pero hoy a\u00fan nadie esta hablando de turismo, por eso tenemos el escenario preciso y la audiencia despierta para escucharnos a nosotros solos. Hoy, la gente sue\u00f1a con volver a viajar, con volver a disfrutar momentos que antes parec\u00edan comunes y ahora no lo son, y con ese spot buscamos que nos adopten a Luj\u00e1n como marca&#8230; As\u00ed que nosotros estamos aprovechando una oportunidad enorme en un contexto complejo, queremos que la gente sepa que Luj\u00e1n es un destino cuidado y responsable. Junto con esa campa\u00f1a hemos trabajado protocolos con cada uno de los sectores tur\u00edsticos del departamento, para reforzar ese concepto de Luj\u00e1n como destino tur\u00edstico responsable.<\/p>\n\n\n\n<div style=\"height:20px\" aria-hidden=\"true\" class=\"wp-block-spacer\"><\/div>\n\n\n\n<p><strong>Reuni\u00f3n con los prestadores:<\/strong><\/p>\n\n\n\n<figure class=\"wp-block-gallery columns-2 is-cropped wp-block-gallery-1 is-layout-flex wp-block-gallery-is-layout-flex\"><ul class=\"blocks-gallery-grid\"><li class=\"blocks-gallery-item\"><figure><img loading=\"lazy\" decoding=\"async\" width=\"400\" height=\"250\" src=\"https:\/\/enolife.com.ar\/es\/wp-content\/uploads\/2020\/06\/reunion-prestadores.jpg\" alt=\"\" data-id=\"14407\" data-link=\"https:\/\/enolife.com.ar\/es\/?attachment_id=14407\" class=\"wp-image-14407\" srcset=\"https:\/\/enolife.com.ar\/es\/wp-content\/uploads\/2020\/06\/reunion-prestadores.jpg 400w, https:\/\/enolife.com.ar\/es\/wp-content\/uploads\/2020\/06\/reunion-prestadores-300x188.jpg 300w\" sizes=\"auto, (max-width: 400px) 100vw, 400px\" \/><\/figure><\/li><li class=\"blocks-gallery-item\"><figure><img loading=\"lazy\" decoding=\"async\" width=\"543\" height=\"324\" src=\"https:\/\/enolife.com.ar\/es\/wp-content\/uploads\/2020\/06\/Bragagnolo-se-reuni\u00f3-con-representantes-tur\u00edsticos-del-departamento-1.jpg\" alt=\"\" data-id=\"14409\" data-full-url=\"https:\/\/enolife.com.ar\/es\/wp-content\/uploads\/2020\/06\/Bragagnolo-se-reuni\u00f3-con-representantes-tur\u00edsticos-del-departamento-1.jpg\" data-link=\"https:\/\/enolife.com.ar\/es\/?attachment_id=14409\" class=\"wp-image-14409\" srcset=\"https:\/\/enolife.com.ar\/es\/wp-content\/uploads\/2020\/06\/Bragagnolo-se-reuni\u00f3-con-representantes-tur\u00edsticos-del-departamento-1.jpg 543w, https:\/\/enolife.com.ar\/es\/wp-content\/uploads\/2020\/06\/Bragagnolo-se-reuni\u00f3-con-representantes-tur\u00edsticos-del-departamento-1-300x179.jpg 300w\" sizes=\"auto, (max-width: 543px) 100vw, 543px\" \/><\/figure><\/li><\/ul><\/figure>\n\n\n\n<div style=\"height:20px\" aria-hidden=\"true\" class=\"wp-block-spacer\"><\/div>\n\n\n\n<p class=\"has-medium-font-size\"><strong>Precios accesibles para el turista mendocino<\/strong><\/p>\n\n\n\n<div style=\"height:20px\" aria-hidden=\"true\" class=\"wp-block-spacer\"><\/div>\n\n\n\n<p class=\"has-text-color has-vivid-red-color\"><strong>-\u00bfHay una estrategia espec\u00edfica para atender al turismo local, de nuestra provincia, que tiene menos poder adquisitivo que el turismo internacional? <\/strong><\/p>\n\n\n\n<p>-S\u00ed, ya hemos hablado al respecto con la gente de bodegas que tienen restaurantes y alojamientos, para ver si reorientan su oferta, al menos por tres meses, al p\u00fablico mendocino. Al final, al precio lo va a regular el mismo mercado, pero ellos son concientes de que, por ejemplo a un <em>lodge<\/em>, que estaba al cien por ciento con ocupaci\u00f3n de extranjeros, ahora van a tener que readecuarlo a un precio para el mercado local, para que los mendocinos tambi\u00e9n puedan disfrutar de lugares que antes eran privativos por los precios. Hay que encontrar un equilibrio, para que se puedan mantener los emprendimientos y cubrir los costos, a la vez dando un precio accesible a los mendocinos que quieran disfrutarlo. <\/p>\n\n\n\n<div style=\"height:20px\" aria-hidden=\"true\" class=\"wp-block-spacer\"><\/div>\n\n\n\n<p class=\"has-background has-light-green-cyan-background-color\"><em><strong>El turismo interno debe esperar<\/strong><br><br>Hasta hoy 12 de junio a las 15 horas, el gobierno provincial no hab\u00eda publicado a\u00fan en el Bolet\u00edn Oficial el esperado decreto-acuerdo que habilitar\u00e1 en forma completa el turismo interno en Mendoza. La objeci\u00f3n que demora esta autorizaci\u00f3n fue planteada por el intendente de San Rafael, Emir F\u00e9lix, quien no quiere abrir todav\u00eda su departamento a los turistas internos. \u00abEstamos pidiendo abrir a partir del 26 a toda la provincia, y ahora s\u00f3lo abrir nuestra zona a los turistas locales. Es que a\u00fan no estamos listos para los controles, ni tampoco para ejecutar los protocolos. Son muchos nuestros prestadores, y creo que tenemos que hacer una preparaci\u00f3n previa&#8230;\u00bb le dijo una fuente del municipio al diario online MendozaPost. La misma fuente asegur\u00f3 que los empresarios y comerciantes locales comparten esta posici\u00f3n. <br>En las pr\u00f3ximas horas, el gobernador&nbsp;<strong>Rodolfo Su\u00e1rez&nbsp;<\/strong>deber\u00e1 decidir si el turismo se habilita igual para toda la provincia y se except\u00faa San Rafael, o si el decreto sale directamente excluyendo a este departamento.<br>El texto del decreto que a\u00fan no sale establece que el alojamiento en caba\u00f1as y hoteles ser\u00e1 la primera actividad permitida, con los correspondientes protocolos de higiene y distanciamiento social. <\/em><\/p>\n\n\n\n<div style=\"height:20px\" aria-hidden=\"true\" class=\"wp-block-spacer\"><\/div>\n\n\n\n<p class=\"has-text-color has-vivid-red-color\"><strong>-\u00bfHay fecha para la reapertura total de actividades?<\/strong> <\/p>\n\n\n\n<p>-Todo lo que es restaurantes de bodegas ya est\u00e1 habilitado, y ahora estamos trabajando fuertemente en la promoci\u00f3n. El apalancamiento fue el spot que lanzamos, pero la idea, como te dec\u00eda, es armar una propuesta espec\u00edfica para los mendocinos. Y el alojamiento de las bodegas que tienen restaurante tambi\u00e9n ya est\u00e1 habilitado&#8230; Siempre siguiendo los protocolos del gobierno provincial y otros espec\u00edficos nuestros. Por ejemplo, a los restaurantes nosotros le entregamos un kit de carteler\u00eda, para que el turista que vaya a ese lugar encuentre la informaci\u00f3n necesaria y \u00fatil, para que vos tengas, por ejemplo, la informaci\u00f3n sobre lo que tendr\u00eda que proveer ese operador tur\u00edstico, para que vos mismo fiscalic\u00e9s que te ofrezcan ese servicio, para que el prestador cumpla las normas&#8230; O sea que no lo dejamos s\u00f3lo en manos del prestador, y eso en el fondo es lo que termina dando solidez al concepto de Luj\u00e1n como turismo responsable. Esto ir\u00e1 acompa\u00f1ado de la creaci\u00f3n de la guardia tur\u00edstica y ambiental, con personal municipal que estamos capacitando. Para eso estamos terminando la legislaci\u00f3n respectiva, porque esto requiere un ordenamiento del Concejo Deliberante, pero esperamos que una semana o dos se ponga en funcionamiento. Esta guardia va a tener dos objetivos. Primero, garantizar los pisos de prestaci\u00f3n tur\u00edstica, para que el visitante pueda ir a hacer una denuncia si un prestador no cumpli\u00f3 las condiciones, y para que haya alguien con potestad para sancionar. Y segundo, vigilar el contenido ambiental, que se respeten un mont\u00f3n de normas con respecto a la basura, y que se pueda controlar, sobre todo, a la gente que visita las zonas de alta monta\u00f1a.<\/p>\n\n\n\n<div style=\"height:20px\" aria-hidden=\"true\" class=\"wp-block-spacer\"><\/div>\n\n\n\n<p><strong>Muestras de los kit entregados a los comercios y vecinos:<\/strong><\/p>\n\n\n\n<figure class=\"wp-block-gallery aligncenter columns-3 is-cropped wp-block-gallery-2 is-layout-flex wp-block-gallery-is-layout-flex\"><ul class=\"blocks-gallery-grid\"><li class=\"blocks-gallery-item\"><figure><img loading=\"lazy\" decoding=\"async\" width=\"720\" height=\"847\" src=\"https:\/\/enolife.com.ar\/es\/wp-content\/uploads\/2020\/06\/kit-1.jpg\" alt=\"\" data-id=\"14403\" data-link=\"https:\/\/enolife.com.ar\/es\/?attachment_id=14403\" class=\"wp-image-14403\" srcset=\"https:\/\/enolife.com.ar\/es\/wp-content\/uploads\/2020\/06\/kit-1.jpg 720w, https:\/\/enolife.com.ar\/es\/wp-content\/uploads\/2020\/06\/kit-1-255x300.jpg 255w, https:\/\/enolife.com.ar\/es\/wp-content\/uploads\/2020\/06\/kit-1-585x688.jpg 585w\" sizes=\"auto, (max-width: 720px) 100vw, 720px\" \/><\/figure><\/li><li class=\"blocks-gallery-item\"><figure><img loading=\"lazy\" decoding=\"async\" width=\"819\" height=\"1024\" src=\"https:\/\/enolife.com.ar\/es\/wp-content\/uploads\/2020\/06\/kit-2-819x1024.jpg\" alt=\"\" data-id=\"14404\" data-link=\"https:\/\/enolife.com.ar\/es\/?attachment_id=14404\" class=\"wp-image-14404\" srcset=\"https:\/\/enolife.com.ar\/es\/wp-content\/uploads\/2020\/06\/kit-2-819x1024.jpg 819w, https:\/\/enolife.com.ar\/es\/wp-content\/uploads\/2020\/06\/kit-2-240x300.jpg 240w, https:\/\/enolife.com.ar\/es\/wp-content\/uploads\/2020\/06\/kit-2-768x960.jpg 768w, https:\/\/enolife.com.ar\/es\/wp-content\/uploads\/2020\/06\/kit-2-585x731.jpg 585w, https:\/\/enolife.com.ar\/es\/wp-content\/uploads\/2020\/06\/kit-2.jpg 1024w\" sizes=\"auto, (max-width: 819px) 100vw, 819px\" \/><\/figure><\/li><li class=\"blocks-gallery-item\"><figure><img loading=\"lazy\" decoding=\"async\" width=\"878\" height=\"1024\" src=\"https:\/\/enolife.com.ar\/es\/wp-content\/uploads\/2020\/06\/kit-3-878x1024.jpg\" alt=\"\" data-id=\"14405\" data-full-url=\"https:\/\/enolife.com.ar\/es\/wp-content\/uploads\/2020\/06\/kit-3.jpg\" data-link=\"https:\/\/enolife.com.ar\/es\/?attachment_id=14405\" class=\"wp-image-14405\" srcset=\"https:\/\/enolife.com.ar\/es\/wp-content\/uploads\/2020\/06\/kit-3-878x1024.jpg 878w, https:\/\/enolife.com.ar\/es\/wp-content\/uploads\/2020\/06\/kit-3-257x300.jpg 257w, https:\/\/enolife.com.ar\/es\/wp-content\/uploads\/2020\/06\/kit-3-768x896.jpg 768w, https:\/\/enolife.com.ar\/es\/wp-content\/uploads\/2020\/06\/kit-3-585x683.jpg 585w, https:\/\/enolife.com.ar\/es\/wp-content\/uploads\/2020\/06\/kit-3.jpg 1097w\" sizes=\"auto, (max-width: 878px) 100vw, 878px\" \/><\/figure><\/li><\/ul><\/figure>\n\n\n\n<div style=\"height:20px\" aria-hidden=\"true\" class=\"wp-block-spacer\"><\/div>\n\n\n\n<p class=\"has-medium-font-size\"><strong>En defensa del empleo con generaci\u00f3n de mercado<\/strong> <\/p>\n\n\n\n<div style=\"height:20px\" aria-hidden=\"true\" class=\"wp-block-spacer\"><\/div>\n\n\n\n<p class=\"has-text-color has-vivid-red-color\">&#8211;<strong>Con la inactividad obligatoria por casi tres meses, muchos empleos en el sector tur\u00edstico y en particular enotur\u00edstico corren riesgo de perderse&#8230; \u00bfDesde la comuna tienen alguna pol\u00edtica de protecci\u00f3n a los trabajadores, o de promoci\u00f3n de nuevos puestos?<\/strong><\/p>\n\n\n\n<p>-Nosotros no manejamos la macroeconom\u00eda, y desde el \u00e1mbito municipal es m\u00ednimo lo que se puede hacer. Creemos que nuestro principal aporte en este sentido es generar mercado. La pelea que estamos dando para la reactivaci\u00f3n del turismo desde hace un mes y medio es la mejor herramienta que podemos utilizar para defender los puestos de trabajo. Con el spot promocional, que fue costeado por el municipio, lo que buscamos es orientar consumidores y turistas internos hacia esos lugares, para que a su vez puedan mantenerse esas fuentes laborales. Si nosotros logramos reactivar internamente esto, ayudaremos a lograr un equilibrio para que las empresas puedan cubrir sus costos fijos, para que puedan pagar los sueldos hasta que haya una mayor apertura, primero interna, luego entre provincias y en \u00faltima etapa para los destinos internacionales.<\/p>\n\n\n\n<div style=\"height:20px\" aria-hidden=\"true\" class=\"wp-block-spacer\"><\/div>\n\n\n\n<p><strong>Spot promocional apertura del turismo Lujan de Cuyo<\/strong>:<\/p>\n\n\n\n<div style=\"height:20px\" aria-hidden=\"true\" class=\"wp-block-spacer\"><\/div>\n\n\n\n<figure class=\"wp-block-embed-youtube wp-block-embed is-type-video is-provider-youtube wp-embed-aspect-16-9 wp-has-aspect-ratio\"><div class=\"wp-block-embed__wrapper\">\n<iframe loading=\"lazy\" title=\"Luj\u00e1n de Cuyo #TurismoResponsable\" width=\"1170\" height=\"658\" src=\"https:\/\/www.youtube.com\/embed\/gtOlPWvyFH0?feature=oembed\" frameborder=\"0\" allow=\"accelerometer; autoplay; encrypted-media; gyroscope; picture-in-picture\" allowfullscreen><\/iframe>\n<\/div><\/figure>\n\n\n\n<div style=\"height:58px\" aria-hidden=\"true\" class=\"wp-block-spacer\"><\/div>\n\n\n\n<p class=\"has-medium-font-size\"><strong>Proteger el paisaje rural y limitar el cemento<\/strong><\/p>\n\n\n\n<div style=\"height:20px\" aria-hidden=\"true\" class=\"wp-block-spacer\"><\/div>\n\n\n\n<p class=\"has-text-color has-vivid-red-color\"><strong>-Hay un tema en cierta forma vinculado con el turismo, porque forma parte de las atracciones del departamento: el paisaje rural. De un tiempo a esta parte, por falta de r\u00e9dito en la explotaci\u00f3n, muchos productores han erradicado vi\u00f1edos y olivares y venden sus tierras para emprendimientos inmobiliarios&#8230; \u00bfLuj\u00e1n tiene un reglamento de ordenamiento territorial que limite ese cambio de fisonom\u00eda, sobre todo en los distritos agr\u00edcolas?<\/strong><\/p>\n\n\n\n<p>-Luj\u00e1n ha venido creciendo en detrimento de sectores cultivados, que aparte tienen derecho de riego, lo cual es grave porque despu\u00e9s no tenemos posibilidad de ampliar la producci\u00f3n para lugares donde no hay riego&#8230; Entonces, para resolver este problema, elaboramos nuestro plan de ordenamiento territorial, que fue el primero que se present\u00f3 a nivel provincial para defender los cultivos de las zonas donde ya estaban implantados los cultivos. En el caso de Luj\u00e1n, estamos hablando de vi\u00f1edos con valiosas cepas varietales, terru\u00f1os antiguos y complejos y cepas de muchos a\u00f1os que son muy dif\u00edciles de reemplazar si se erradican, a\u00fan disponiendo de agua en otros cultivos nuevos. <\/p>\n\n\n\n<p class=\"has-text-color has-vivid-red-color\"><strong>-Te pido un ejemplo concreto de cu\u00e1l es la acci\u00f3n de la comuna&#8230; Si yo tengo una finquita con vi\u00f1edos viejos o porque no tengo recursos para explotarla, y de repente se me ocurre venderla a un desarrollador inmobiliario para hacer un barrio&#8230; \u00bfQu\u00e9 trabas o qu\u00e9 l\u00edmites encontrar\u00eda de parte del municipio?<\/strong><\/p>\n\n\n\n<p>-Directamente, lo que hemos dispuesto es as\u00ed: todo lo que est\u00e1 al lado de donde ya hay un desarrollo urbano se puede erradicar y vender sin problema&#8230; O sea, si vos tenes una finca metida donde ya pr\u00e1cticamnte el crecimiento de la ciudad te rode\u00f3, se pueden erradicar los cultivos y negociar el terreno. Pero hemos limitado la posibilidad de desarrollo de barrios para zonas eminentemente rurales, adem\u00e1s de la cuesti\u00f3n paisaj\u00edstica o agroecol\u00f3gica, porque es muy dif\u00edcil llevar all\u00ed los servicios como para un barrio. En este tema, tambi\u00e9n estamos discutiendo con el gobierno provincial como coordinar el crecimiento de Luj\u00e1n hacia el oeste, porque nosotros creemos que debemos crecer en direcci\u00f3n oeste, hacia el valle pedemontano. As\u00ed, evitar\u00edamos la presi\u00f3n del crecimineto inmobiliario y habitacional hacia el sur, que es donde nosotros tenemos todas estas plantaciones para cuidar&#8230; Entonces, resumiendo, el plan de ordenamiento contempla, primero, detectar zonas y prohibir la erradicaci\u00f3n para loteos; segundo, propiciar el crecimiento en altura en algunas zonas urbanas, d\u00e1ndoles facilidades impositivas a quienes edifiquen hacia arriba; y tercero, acompa\u00f1ando ese crecimiento hacia el oeste con el desarrollo de infraestructura, con lo que no estamos yendo en contra de ninguna plantaci\u00f3n de vid o de olivos preexistente.<\/p>\n\n\n\n<div style=\"height:20px\" aria-hidden=\"true\" class=\"wp-block-spacer\"><\/div>\n\n\n\n<p class=\"has-medium-font-size\"><strong>Inversi\u00f3n privada, pero con Estado presente<\/strong><\/p>\n\n\n\n<div style=\"height:20px\" aria-hidden=\"true\" class=\"wp-block-spacer\"><\/div>\n\n\n\n<p class=\"has-text-color has-vivid-red-color\"><strong>-Volviendo al enoturismo, \u00bfc\u00f3mo acompa\u00f1an la inversi\u00f3n privada que, como dec\u00edas, genera empleo y atrae visitantes? <\/strong><\/p>\n\n\n\n<p>-En estas situaciones como la del aislamiento, adem\u00e1s de perjuicios tambi\u00e9n se presentan oportunidades, y hay que aprovecharlas. Nosotros estamos haciendo todas las tareas que est\u00e1n a nuestro alcance, en conjunto con los prestadores, para que Luj\u00e1n quede posicionado como un destino apreciado, m\u00e1s all\u00e1 de toda esta pandemia. Si bien hay que reconocer que gran parte del enoturismo se dio de la mano de inversiones privadas, creo que es importante que el Estado est\u00e9 presente, acompa\u00f1ando todo ese desarrollo. Es lo que intentamos desde Luj\u00e1n, no s\u00f3lo ahora sino desde hace algunos a\u00f1os, cuando lo iniciamos con Omar De Marchi.<\/p>\n\n\n\n<p class=\"has-text-color has-vivid-red-color\"><strong>-Contame alguna acci\u00f3n concreta de c\u00f3mo acompa\u00f1an la iniciativa privada&#8230;<\/strong><\/p>\n\n\n\n<p>-Bueno, te doy una primicia. La idea ya viene de la \u00e9poca de Omar De Marchi, pero ahora estamos por concretarla: Creo que en dos semanas inauguramos el Informador Tur\u00edstico del Vino, va a estar ubicado en la rotonda de la Ruta 15 y Brandsen, que es pr\u00e1cticamente la entrada a todo el sector tur\u00edstico y productivo de Perdriel y Agrelo. Ah\u00ed, en medio de la rotonda, va a haber un nformador tur\u00edstico nuevo, es la obra que estamos terminando. Vamos a hacer una presentaci\u00f3n oficial, con las restricciones del caso por la pandemia. La idea es que sea el 20 de junio, el D\u00eda de la Bandera. Ojal\u00e1 se pueda. <\/p>\n\n\n\n<div style=\"height:20px\" aria-hidden=\"true\" class=\"wp-block-spacer\"><\/div>\n\n\n\n<div class=\"wp-block-image\"><figure class=\"aligncenter size-large\"><img loading=\"lazy\" decoding=\"async\" width=\"1024\" height=\"682\" src=\"https:\/\/enolife.com.ar\/es\/wp-content\/uploads\/2020\/06\/image-5-1024x682.png\" alt=\"\" class=\"wp-image-14412\" srcset=\"https:\/\/enolife.com.ar\/es\/wp-content\/uploads\/2020\/06\/image-5-1024x682.png 1024w, https:\/\/enolife.com.ar\/es\/wp-content\/uploads\/2020\/06\/image-5-300x200.png 300w, https:\/\/enolife.com.ar\/es\/wp-content\/uploads\/2020\/06\/image-5-768x512.png 768w, https:\/\/enolife.com.ar\/es\/wp-content\/uploads\/2020\/06\/image-5-1170x780.png 1170w, https:\/\/enolife.com.ar\/es\/wp-content\/uploads\/2020\/06\/image-5-585x390.png 585w, https:\/\/enolife.com.ar\/es\/wp-content\/uploads\/2020\/06\/image-5.png 1280w\" sizes=\"auto, (max-width: 1024px) 100vw, 1024px\" \/><\/figure><\/div>\n\n\n\n<div style=\"height:39px\" aria-hidden=\"true\" class=\"wp-block-spacer\"><\/div>\n","protected":false},"excerpt":{"rendered":"<p>Bendecido por la naturaleza con tierras f\u00e9rtiles y elegido por miles de mendocinos como lugar&hellip;<\/p>\n","protected":false},"author":3,"featured_media":14415,"comment_status":"open","ping_status":"open","sticky":false,"template":"","format":"standard","meta":{"footnotes":""},"categories":[11],"tags":[],"class_list":["post-14342","post","type-post","status-publish","format-standard","has-post-thumbnail","hentry","category-enoturismo"],"_links":{"self":[{"href":"https:\/\/enolife.com.ar\/es\/wp-json\/wp\/v2\/posts\/14342","targetHints":{"allow":["GET"]}}],"collection":[{"href":"https:\/\/enolife.com.ar\/es\/wp-json\/wp\/v2\/posts"}],"about":[{"href":"https:\/\/enolife.com.ar\/es\/wp-json\/wp\/v2\/types\/post"}],"author":[{"embeddable":true,"href":"https:\/\/enolife.com.ar\/es\/wp-json\/wp\/v2\/users\/3"}],"replies":[{"embeddable":true,"href":"https:\/\/enolife.com.ar\/es\/wp-json\/wp\/v2\/comments?post=14342"}],"version-history":[{"count":0,"href":"https:\/\/enolife.com.ar\/es\/wp-json\/wp\/v2\/posts\/14342\/revisions"}],"wp:featuredmedia":[{"embeddable":true,"href":"https:\/\/enolife.com.ar\/es\/wp-json\/wp\/v2\/media\/14415"}],"wp:attachment":[{"href":"https:\/\/enolife.com.ar\/es\/wp-json\/wp\/v2\/media?parent=14342"}],"wp:term":[{"taxonomy":"category","embeddable":true,"href":"https:\/\/enolife.com.ar\/es\/wp-json\/wp\/v2\/categories?post=14342"},{"taxonomy":"post_tag","embeddable":true,"href":"https:\/\/enolife.com.ar\/es\/wp-json\/wp\/v2\/tags?post=14342"}],"curies":[{"name":"wp","href":"https:\/\/api.w.org\/{rel}","templated":true}]}}