{"id":14332,"date":"2020-06-13T19:29:33","date_gmt":"2020-06-13T19:29:33","guid":{"rendered":"http:\/\/enolife.com.ar\/es\/?p=14332"},"modified":"2020-06-13T20:13:24","modified_gmt":"2020-06-13T20:13:24","slug":"charla-online-sobre-prejuicios-y-preferencias-de-los-consumidores-organizada-por-vinventions","status":"publish","type":"post","link":"https:\/\/enolife.com.ar\/es\/charla-online-sobre-prejuicios-y-preferencias-de-los-consumidores-organizada-por-vinventions\/","title":{"rendered":"Charla online sobre \u00abprejuicios y preferencias de los consumidores\u00bb, organizada por Vinventions"},"content":{"rendered":"\n<h4 class=\"wp-block-heading\"><em><strong>El 18\/6 arranca el ciclo \u00abVinventions en L\u00ednea\u00bb, una serie de encuentros breves v\u00eda internet que reunir\u00e1n a referentes y personalidades de la industria del vino. Se intercambiar\u00e1n ideas sobre tendencias y t\u00f3picos de consumo y lanzamientos y novedades en tecnolog\u00eda.  <\/strong><\/em><\/h4>\n\n\n\n<div style=\"height:20px\" aria-hidden=\"true\" class=\"wp-block-spacer\"><\/div>\n\n\n\n<p>Durante el primer encuentro, el pr\u00f3ximo jueves 18 de junio, la conversaci\u00f3n girar\u00e1 en torno a los \u00abPrejuicios y preferencias de los consumidores de vino\u00bb, seg\u00fan la experiencia y perspectiva de Mariela Vieytes, sommelier de Anchoita y Eyes Wine Shut; Joaqu\u00edn Alberdi, Propietario de Vinoteca JA! y Mariano Fresco, sommelier, docente  y comunicador del vino. El moderador ser\u00e1 Andr\u00e9s Belinsky, gerente general de Vinventions Sudam\u00e9rica.<\/p>\n\n\n\n<div style=\"height:20px\" aria-hidden=\"true\" class=\"wp-block-spacer\"><\/div>\n\n\n\n<p class=\"has-background has-luminous-vivid-amber-background-color\"><strong>La cita es el 18 de junio a las 11 hs y para participar hay que registrarse gratuitamente en <a href=\"https:\/\/register.gotowebinar.com\/register\/7312720302444861197\">\u00abVinventions en l\u00ednea\u00bb<\/a><\/strong>.<\/p>\n\n\n\n<div style=\"height:20px\" aria-hidden=\"true\" class=\"wp-block-spacer\"><\/div>\n\n\n\n<div class=\"wp-block-image\"><figure class=\"aligncenter size-large\"><img loading=\"lazy\" decoding=\"async\" width=\"1024\" height=\"1024\" src=\"https:\/\/enolife.com.ar\/es\/wp-content\/uploads\/2020\/06\/agenda-vinventions-1024x1024.jpg\" alt=\"\" class=\"wp-image-14333\" srcset=\"https:\/\/enolife.com.ar\/es\/wp-content\/uploads\/2020\/06\/agenda-vinventions-1024x1024.jpg 1024w, https:\/\/enolife.com.ar\/es\/wp-content\/uploads\/2020\/06\/agenda-vinventions-300x300.jpg 300w, https:\/\/enolife.com.ar\/es\/wp-content\/uploads\/2020\/06\/agenda-vinventions-150x150.jpg 150w, https:\/\/enolife.com.ar\/es\/wp-content\/uploads\/2020\/06\/agenda-vinventions-768x768.jpg 768w, https:\/\/enolife.com.ar\/es\/wp-content\/uploads\/2020\/06\/agenda-vinventions-1170x1170.jpg 1170w, https:\/\/enolife.com.ar\/es\/wp-content\/uploads\/2020\/06\/agenda-vinventions-585x585.jpg 585w, https:\/\/enolife.com.ar\/es\/wp-content\/uploads\/2020\/06\/agenda-vinventions.jpg 1500w\" sizes=\"auto, (max-width: 1024px) 100vw, 1024px\" \/><\/figure><\/div>\n\n\n\n<div style=\"height:20px\" aria-hidden=\"true\" class=\"wp-block-spacer\"><\/div>\n\n\n\n<p class=\"has-medium-font-size\"><strong>Sobre el panel<\/strong><\/p>\n\n\n\n<div style=\"height:20px\" aria-hidden=\"true\" class=\"wp-block-spacer\"><\/div>\n\n\n\n<p><strong>Joaqu\u00edn Alberdi: <\/strong>Propietario de las vinotecas \u00abLo de Joaqu\u00edn Alberdi\u00bb, dos de ellas en CABA y una en Coronel Su\u00e1rez.<\/p>\n\n\n\n<p><strong>Mariano Fresco: <\/strong>Licenciado en Comunicaci\u00f3n Social. Periodista especializado en vinos y gastronom\u00eda.  Embajador de marca de Huentala Wines. Fue profesor de la carrera de sommelier y cursos cortos de vinos en  la Escuela de Cocineros Gato Dumas y coordinador editorial de la revista Cuisine &amp; Vins.<\/p>\n\n\n\n<p><strong>Mariela Vieytes:<\/strong>  Sommelier del restaurante Ancho\u00edta, en CABA.<\/p>\n\n\n\n<div style=\"height:20px\" aria-hidden=\"true\" class=\"wp-block-spacer\"><\/div>\n\n\n\n<p><\/p>\n","protected":false},"excerpt":{"rendered":"<p>El 18\/6 arranca el ciclo \u00abVinventions en L\u00ednea\u00bb, una serie de encuentros breves v\u00eda internet&hellip;<\/p>\n","protected":false},"author":3,"featured_media":14395,"comment_status":"open","ping_status":"open","sticky":false,"template":"","format":"standard","meta":{"footnotes":""},"categories":[47],"tags":[],"class_list":["post-14332","post","type-post","status-publish","format-standard","has-post-thumbnail","hentry","category-agenda"],"_links":{"self":[{"href":"https:\/\/enolife.com.ar\/es\/wp-json\/wp\/v2\/posts\/14332","targetHints":{"allow":["GET"]}}],"collection":[{"href":"https:\/\/enolife.com.ar\/es\/wp-json\/wp\/v2\/posts"}],"about":[{"href":"https:\/\/enolife.com.ar\/es\/wp-json\/wp\/v2\/types\/post"}],"author":[{"embeddable":true,"href":"https:\/\/enolife.com.ar\/es\/wp-json\/wp\/v2\/users\/3"}],"replies":[{"embeddable":true,"href":"https:\/\/enolife.com.ar\/es\/wp-json\/wp\/v2\/comments?post=14332"}],"version-history":[{"count":0,"href":"https:\/\/enolife.com.ar\/es\/wp-json\/wp\/v2\/posts\/14332\/revisions"}],"wp:featuredmedia":[{"embeddable":true,"href":"https:\/\/enolife.com.ar\/es\/wp-json\/wp\/v2\/media\/14395"}],"wp:attachment":[{"href":"https:\/\/enolife.com.ar\/es\/wp-json\/wp\/v2\/media?parent=14332"}],"wp:term":[{"taxonomy":"category","embeddable":true,"href":"https:\/\/enolife.com.ar\/es\/wp-json\/wp\/v2\/categories?post=14332"},{"taxonomy":"post_tag","embeddable":true,"href":"https:\/\/enolife.com.ar\/es\/wp-json\/wp\/v2\/tags?post=14332"}],"curies":[{"name":"wp","href":"https:\/\/api.w.org\/{rel}","templated":true}]}}