{"id":143271,"date":"2025-04-11T23:31:55","date_gmt":"2025-04-11T23:31:55","guid":{"rendered":"https:\/\/enolife.com.ar\/es\/?p=143271"},"modified":"2025-04-12T23:26:03","modified_gmt":"2025-04-12T23:26:03","slug":"bodega-san-pedro-de-yacochuya-difunde-la-tradicion-calchaqui-en-una-coleccion-literaria","status":"publish","type":"post","link":"https:\/\/enolife.com.ar\/es\/bodega-san-pedro-de-yacochuya-difunde-la-tradicion-calchaqui-en-una-coleccion-literaria\/","title":{"rendered":"Bodega San Pedro de Yacochuya difunde la tradici\u00f3n calchaqu\u00ed en una colecci\u00f3n literaria"},"content":{"rendered":"\n<h4 class=\"wp-block-heading\"><em><strong>Con el objetivo de transmitir la rica historia de la cultura calchaqu\u00ed, sus or\u00edgenes y legado, la Bodega San Pedro de Yacochuya de Salta fund\u00f3 hace ya tiempo una editorial para publicar la bautizada \u00abColecci\u00f3n Memorial del Valle Calchaqu\u00ed de Salta\u00bb, que divulga investigaciones, poemas y antolog\u00edas de destacados autores salte\u00f1os. Dentro de este proyecto, el martes 15\/4 a las 19 hs en la Fundaci\u00f3n Salta de la capital de esta provincia, presentar\u00e1n su 7mo libro, \u00abVinos y Vi\u00f1edos en la historia de Am\u00e9rica, en el Valle de Arriba y en el Valle de Abajo de Calchaqu\u00ed\u00bb, del autor Rodolfo Leandro Plaza Namavuel. Se trata de un estudio meticuloso que devela los enigmas de la vitivinicultura en Am\u00e9rica y en las m\u00edsticas tierras salte\u00f1as.<\/strong><\/em><\/h4>\n\n\n\n<div style=\"height:45px\" aria-hidden=\"true\" class=\"wp-block-spacer\"><\/div>\n\n\n<a href=\"https:\/\/jmzeballos.com\/\" aria-label=\"PUBLICIDAD ENOLIFE 2023_\u00c1NFORAS 1700 x 500\"><img loading=\"lazy\" decoding=\"async\" src=\"https:\/\/enolife.com.ar\/es\/wp-content\/uploads\/2020\/12\/PUBLICIDAD-ENOLIFE-2023_ANFORAS-1700-x-500.jpg\" alt=\"\"  srcset=\"https:\/\/enolife.com.ar\/es\/wp-content\/uploads\/2020\/12\/PUBLICIDAD-ENOLIFE-2023_ANFORAS-1700-x-500.jpg 1700w, https:\/\/enolife.com.ar\/es\/wp-content\/uploads\/2020\/12\/PUBLICIDAD-ENOLIFE-2023_ANFORAS-1700-x-500-300x88.jpg 300w, https:\/\/enolife.com.ar\/es\/wp-content\/uploads\/2020\/12\/PUBLICIDAD-ENOLIFE-2023_ANFORAS-1700-x-500-1024x301.jpg 1024w, https:\/\/enolife.com.ar\/es\/wp-content\/uploads\/2020\/12\/PUBLICIDAD-ENOLIFE-2023_ANFORAS-1700-x-500-768x226.jpg 768w, https:\/\/enolife.com.ar\/es\/wp-content\/uploads\/2020\/12\/PUBLICIDAD-ENOLIFE-2023_ANFORAS-1700-x-500-1536x452.jpg 1536w, https:\/\/enolife.com.ar\/es\/wp-content\/uploads\/2020\/12\/PUBLICIDAD-ENOLIFE-2023_ANFORAS-1700-x-500-1170x344.jpg 1170w, https:\/\/enolife.com.ar\/es\/wp-content\/uploads\/2020\/12\/PUBLICIDAD-ENOLIFE-2023_ANFORAS-1700-x-500-585x172.jpg 585w\" sizes=\"auto, (max-width: 1700px) 100vw, 1700px\" width=\"1700\" height=\"500\"   \/><\/a>\n\n\n<div style=\"height:45px\" aria-hidden=\"true\" class=\"wp-block-spacer\"><\/div>\n\n\n\n<p>El <strong>martes 15 de abril<\/strong>, en el marco del <strong>Abril Cultural Salte\u00f1o<\/strong>, a las <strong>19 h<\/strong>, se llevar\u00e1 a cabo en la Fundaci\u00f3n Salta -G\u00fcemes 434 de Salta Capital- la presentaci\u00f3n de una nueva obra de la <strong>Colecci\u00f3n Memorial del Valle Calchaqu\u00ed de Salta, <\/strong>instituida por la <strong>Bodega San Pedro de Yacochuya<\/strong>, titulada <strong>\u00abVinos y vi\u00f1edos en la historia de Am\u00e9rica, en el Valle de Arriba y en el Valle de Abajo de Calchaqu\u00ed\u00bb<\/strong> escrita por el autor<strong> Rodolfo Leandro Plaza Navamuel. <\/strong><\/p>\n\n\n\n<p>La apertura estar\u00e1 a cargo del en\u00f3logo y CEO de la Bodega, <strong>Marcos Etchart,<\/strong> y la presentaci\u00f3n de la obra ser\u00e1 realizada por <strong>V\u00edctor Fern\u00e1ndez Esteban<\/strong>. En la ocasi\u00f3n, el autor ofrecer\u00e1 unas palabras de cierre y firmar\u00e1 ejemplares.<\/p>\n\n\n\n<p>Seg\u00fan explica <strong>Plaza Namavuel<\/strong>, <em>\u00abesta obra revela facetas nunca antes documentadas y saca a la luz un pasado ignorado por la historia. Est\u00e1 basado en innumerables e in\u00e9ditas fuentes primarias y respaldado por una extensa y selecta bibliograf\u00eda patrimonial -cuya cita final abarca 11 p\u00e1ginas-; es un trabajo de investigaci\u00f3n meticulosa que devela los enigmas de la vitivinicultura en Am\u00e9rica y en las tierras m\u00edsticas de Salta. Desde una perspectiva innovadora y poco explorada, el libro emprende un viaje al \u00ablado oculto\u00bb de esta tradici\u00f3n, desentra\u00f1ando huellas y secretos que han permanecido en silencio.\u00bb <\/em><\/p>\n\n\n\n<div style=\"height:30px\" aria-hidden=\"true\" class=\"wp-block-spacer\"><\/div>\n\n\n<div class=\"wp-block-image\">\n<figure class=\"aligncenter size-full is-resized\"><a href=\"https:\/\/enolife.com.ar\/es\/wp-content\/uploads\/2025\/04\/WhatsApp-Image-2025-04-09-at-09.48.37.jpeg\" data-rel=\"penci-gallery-image-content\" ><img loading=\"lazy\" decoding=\"async\" src=\"https:\/\/enolife.com.ar\/es\/wp-content\/uploads\/2025\/04\/WhatsApp-Image-2025-04-09-at-09.48.37.jpeg\" alt=\"\" class=\"wp-image-143285\" width=\"360\" height=\"464\" srcset=\"https:\/\/enolife.com.ar\/es\/wp-content\/uploads\/2025\/04\/WhatsApp-Image-2025-04-09-at-09.48.37.jpeg 388w, https:\/\/enolife.com.ar\/es\/wp-content\/uploads\/2025\/04\/WhatsApp-Image-2025-04-09-at-09.48.37-233x300.jpeg 233w\" sizes=\"auto, (max-width: 360px) 100vw, 360px\" \/><\/a><\/figure><\/div>\n\n\n<div style=\"height:30px\" aria-hidden=\"true\" class=\"wp-block-spacer\"><\/div>\n\n\n\n<p>A lo largo de sus p\u00e1ginas, el libro reconstruye el recorrido de generaciones de hombres y mujeres que, con esfuerzo, pasi\u00f3n y sue\u00f1os, han dedicado su vida a los terru\u00f1os calchaqu\u00edes. Cada cap\u00edtulo ofrece una ventana \u00fanica a pasajes desconocidos de la historia del vino, abordando no s\u00f3lo paisajes y cultivos, sino tambi\u00e9n el profundo legado cultural que esta noble bebida heredada de Espa\u00f1a representa para estas regiones.<\/p>\n\n\n\n<div style=\"height:35px\" aria-hidden=\"true\" class=\"wp-block-spacer\"><\/div>\n\n\n\n<p class=\"has-medium-font-size\"><strong>Una bodega editorial<\/strong><\/p>\n\n\n\n<p>En 2022, impulsado por una idea del<strong> poeta Leopoldo \u00abTeuco\u00bb Castilla<\/strong>, <strong>Marcos Etchart<\/strong> -uno de los socios  y en\u00f3logo de la <strong>Bodega San Pedro de Yacochuya de Salta<\/strong>&#8211; decidi\u00f3 lanzarse al mundo literario creando una editorial que lleva el mismo nombre de la bodega para poner en valor la cultura del Valle Calchaqu\u00ed.<\/p>\n\n\n\n<p>\u00ab<em>Esto lo encaramos con mis hermanos, en honor a nuestro &#8216;tata&#8217;, que era un mecenas&#8230; Todo el mundo dec\u00eda que \u00e9l era poeta, pero \u00e9l dec\u00eda que era amigo de los poetas; y los apoyaba, les financiaba los libros\u00bb<\/em>, explica Etchart.<\/p>\n\n\n\n<p> Su pasi\u00f3n por la cultura de sus ra\u00edces la tradujo en una colecci\u00f3n que ya lleva publicados 7 libros, el <strong>\u00abMemorial del Valle Calchaqu\u00ed Salte\u00f1o\u00bb<\/strong> \u00ab<em>es una obra grande&#8230; Estamos reci\u00e9n presentando el 7mo libro y tenemos un mont\u00f3n mas en cartera que vamos a ir publicando de a poco. Esto no tiene techo.\u00bb <\/em><\/p>\n\n\n\n<div style=\"height:30px\" aria-hidden=\"true\" class=\"wp-block-spacer\"><\/div>\n\n\n<div class=\"wp-block-image\">\n<figure class=\"aligncenter size-full is-resized\"><a href=\"https:\/\/enolife.com.ar\/es\/wp-content\/uploads\/2025\/04\/Imagen1-20.jpg\" data-rel=\"penci-gallery-image-content\" ><img loading=\"lazy\" decoding=\"async\" src=\"https:\/\/enolife.com.ar\/es\/wp-content\/uploads\/2025\/04\/Imagen1-20.jpg\" alt=\"\" class=\"wp-image-143367\" width=\"594\" height=\"406\" srcset=\"https:\/\/enolife.com.ar\/es\/wp-content\/uploads\/2025\/04\/Imagen1-20.jpg 771w, https:\/\/enolife.com.ar\/es\/wp-content\/uploads\/2025\/04\/Imagen1-20-300x205.jpg 300w, https:\/\/enolife.com.ar\/es\/wp-content\/uploads\/2025\/04\/Imagen1-20-768x525.jpg 768w, https:\/\/enolife.com.ar\/es\/wp-content\/uploads\/2025\/04\/Imagen1-20-585x400.jpg 585w\" sizes=\"auto, (max-width: 594px) 100vw, 594px\" \/><\/a><figcaption class=\"wp-element-caption\"><strong><em>Marcos Etchart<\/em><\/strong><\/figcaption><\/figure><\/div>\n\n\n<div style=\"height:30px\" aria-hidden=\"true\" class=\"wp-block-spacer\"><\/div>\n\n\n\n<p><strong>Los libros publicados hasta ahora son:<\/strong><\/p>\n\n\n\n<ol class=\"wp-block-list\">\n<li><strong>Memoria Po\u00e9tica del Valle Calchaqu\u00ed de Salta <\/strong>de Leopoldo Castilla, una antolog\u00eda de poemas y coplas.<\/li>\n\n\n\n<li><strong>Romancero Calchaqu\u00ed,<\/strong> una reedici\u00f3n del libro de Juan Jos\u00e9 Coll, poeta y m\u00fasico salte\u00f1o recientemente fallecido.<\/li>\n\n\n\n<li><strong>Geolog\u00eda Calchaqu\u00ed<\/strong>, del Ge\u00f3logo Ricardo Alonso<\/li>\n\n\n\n<li><strong>Los Valles Calchaqu\u00edes, 50 a\u00f1os de medicina rural,<\/strong> una reedici\u00f3n del libro del Dr. Jos\u00e9 Lovaglio. <em>\u00abEsta edici\u00f3n la acompa\u00f1amos con rese\u00f1as biogr\u00e1ficas de los m\u00e9dicos Arne Hoygaard y Jos\u00e9 Vasvari, que era mi abuelo\u00bb<\/em>, aclar\u00f3 el bodeguero<\/li>\n\n\n\n<li><strong>La m\u00fasica del Valle Calchaqu\u00ed de Salta<\/strong>, una antolog\u00eda de Arturo Botelli.<\/li>\n\n\n\n<li><strong>Arqueolog\u00eda del Valle Calchaqu\u00ed,<\/strong> del arque\u00f3logo y gu\u00eda de monta\u00f1a Christian Vitry.<\/li>\n\n\n\n<li><strong>\u00abVinos y vi\u00f1edos en la historia de Am\u00e9rica, en el Valle de Arriba y en el Valle de Abajo de Calchaqu\u00ed\u00bb<\/strong> de Rodolfo Leandro Plaza Navamuel, que se presenta el 15\/4<\/li>\n<\/ol>\n\n\n\n<p>Desde la editorial aseguran que tienen pensados reediciones de libros de historia de la conquista,  antolog\u00edas de poetas del Valle con poes\u00edas y coplas que son muy t\u00edpicas de la regi\u00f3n, y ya est\u00e1n haciendo un libro de la gastronom\u00eda del Valle Calchaqu\u00ed.<\/p>\n\n\n\n<div style=\"height:30px\" aria-hidden=\"true\" class=\"wp-block-spacer\"><\/div>\n\n\n\n<p class=\"has-medium-font-size\"><strong>El autor, en b\u00fasqueda de las ra\u00edces<\/strong><\/p>\n\n\n<div class=\"wp-block-image\">\n<figure class=\"alignleft size-full is-resized\"><a href=\"https:\/\/enolife.com.ar\/es\/wp-content\/uploads\/2025\/04\/WhatsApp-Image-2025-04-09-at-09.48.36.jpeg\" data-rel=\"penci-gallery-image-content\" ><img loading=\"lazy\" decoding=\"async\" src=\"https:\/\/enolife.com.ar\/es\/wp-content\/uploads\/2025\/04\/WhatsApp-Image-2025-04-09-at-09.48.36.jpeg\" alt=\"\" class=\"wp-image-143283\" width=\"210\" height=\"213\"\/><\/a><\/figure><\/div>\n\n\n<p><strong>Rodolfo Leandro Plaza Navamuel<\/strong> (53), es salte\u00f1o y durante su ni\u00f1ez y adolescencia pas\u00f3 largas temporadas en la estancia San Pedro de Yacochuya de sus abuelos, en el Valle de Abajo de Calchaqu\u00ed, donde asimil\u00f3 y vivi\u00f3 la cultura criolla. A los diecisiete a\u00f1os comenz\u00f3 a bucear en la historia de su provincia a trav\u00e9s antepasados familiares, vali\u00e9ndose para ello de diferentes fuentes documentales.<\/p>\n\n\n\n<p>Es autor de numerosos libros y trabajos sobre historia y genealog\u00eda argentina. Escritor e investigador independiente, colabora en varios medios period\u00edsticos. Diplomado en Genealog\u00eda y Her\u00e1ldica por la Universidad de San Pablo. Se desempe\u00f1\u00f3 como director de la Biblioteca Provincial Dr. Atilio Cornejo y asesor del Ministerio de Cultura y Turismo de la Provincia de Salta. Docente en la Diplomatura Universitaria Sanmartiniana en Conducci\u00f3n y Liderazgo de la Escuela Superior de Guerra Conjunta de las Fuerzas Armadas, Universidad de la Defensa Nacional. Director Ejecutivo y docente en la Escuela Argentina de Genealog\u00eda Dr. Carlos Luque Colombres de la Federaci\u00f3n Argentina de Genealog\u00eda y Her\u00e1ldica. Fue presidente de la Federaci\u00f3n Argentina de Genealog\u00eda y Her\u00e1ldica y de la Academia G\u00fcemesiana del Instituto G\u00fcemesiano de Salta. Vicepresidente y director de publicaciones (2005-2016) del Instituto G\u00fcemesiano de Salta.<\/p>\n\n\n\n<p>Miembro fundador y actual presidente del Centro de Investigaciones Geneal\u00f3gicas de Salta. Acad\u00e9mico del Instituto de San Felipe y Santiago de Estudios Hist\u00f3ricos de Salta. Ha sido incorporado a las principales academias geneal\u00f3gicas de la Argentina, Uruguay, Chile, Bolivia, Costa Rica y Per\u00fa. Es acad\u00e9mico correspondiente de la Academia Sanmartiniana del Instituto Nacional Sanmartiniano, de la Academia Argentina de la Vid y del Vino, de la Academia Argentina de Artes y Ciencias de la Comunicaci\u00f3n, y asociado correspondiente del Instituto Sanmartiniano del Per\u00fa.<\/p>\n\n\n\n<p>Es tambi\u00e9n miembro correspondiente de la Junta de Estudios Hist\u00f3ricos de Tucum\u00e1n. Public\u00f3 diez libros de investigaci\u00f3n, dos de poes\u00edas; dirigi\u00f3 y coordin\u00f3 m\u00e1s de veinte libros de historia y genealog\u00eda y escribi\u00f3 alrededor de un centenar de monograf\u00edas y ensayos de investigaci\u00f3n difundidos en el pa\u00eds y en el exterior, como art\u00edculos hist\u00f3ricos y culturales en diarios y revistas argentinas.<\/p>\n\n\n\n<div style=\"height:30px\" aria-hidden=\"true\" class=\"wp-block-spacer\"><\/div>\n\n\n\n<p><\/p>\n","protected":false},"excerpt":{"rendered":"<p>Con el objetivo de transmitir la rica historia de la cultura calchaqu\u00ed, sus or\u00edgenes y&hellip;<\/p>\n","protected":false},"author":2,"featured_media":143287,"comment_status":"open","ping_status":"open","sticky":false,"template":"","format":"standard","meta":{"footnotes":""},"categories":[47],"tags":[],"class_list":["post-143271","post","type-post","status-publish","format-standard","has-post-thumbnail","hentry","category-agenda"],"_links":{"self":[{"href":"https:\/\/enolife.com.ar\/es\/wp-json\/wp\/v2\/posts\/143271","targetHints":{"allow":["GET"]}}],"collection":[{"href":"https:\/\/enolife.com.ar\/es\/wp-json\/wp\/v2\/posts"}],"about":[{"href":"https:\/\/enolife.com.ar\/es\/wp-json\/wp\/v2\/types\/post"}],"author":[{"embeddable":true,"href":"https:\/\/enolife.com.ar\/es\/wp-json\/wp\/v2\/users\/2"}],"replies":[{"embeddable":true,"href":"https:\/\/enolife.com.ar\/es\/wp-json\/wp\/v2\/comments?post=143271"}],"version-history":[{"count":0,"href":"https:\/\/enolife.com.ar\/es\/wp-json\/wp\/v2\/posts\/143271\/revisions"}],"wp:featuredmedia":[{"embeddable":true,"href":"https:\/\/enolife.com.ar\/es\/wp-json\/wp\/v2\/media\/143287"}],"wp:attachment":[{"href":"https:\/\/enolife.com.ar\/es\/wp-json\/wp\/v2\/media?parent=143271"}],"wp:term":[{"taxonomy":"category","embeddable":true,"href":"https:\/\/enolife.com.ar\/es\/wp-json\/wp\/v2\/categories?post=143271"},{"taxonomy":"post_tag","embeddable":true,"href":"https:\/\/enolife.com.ar\/es\/wp-json\/wp\/v2\/tags?post=143271"}],"curies":[{"name":"wp","href":"https:\/\/api.w.org\/{rel}","templated":true}]}}