{"id":143168,"date":"2025-04-10T23:00:48","date_gmt":"2025-04-10T23:00:48","guid":{"rendered":"https:\/\/enolife.com.ar\/es\/?p=143168"},"modified":"2025-04-11T21:50:11","modified_gmt":"2025-04-11T21:50:11","slug":"tregua-en-la-guerra-comercial-ahora-europa-suspendio-sus-aranceles-a-eeuu-por-90-dias","status":"publish","type":"post","link":"https:\/\/enolife.com.ar\/es\/tregua-en-la-guerra-comercial-ahora-europa-suspendio-sus-aranceles-a-eeuu-por-90-dias\/","title":{"rendered":"Tregua en la guerra comercial: ahora Europa suspendi\u00f3 sus aranceles a EEUU por 90 d\u00edas"},"content":{"rendered":"\n<h4 class=\"wp-block-heading\"><em><strong>En otro cap\u00edtulo de la batalla econ\u00f3mica entre Estados Unidos por un lado, la Uni\u00f3n Europea, China y el resto del mundo por otro lado, a ra\u00edz de los fuertes aranceles que Trump decret\u00f3 aplicar para el ingreso a su pa\u00eds de productos importados, hoy la Uni\u00f3n Europea, desde su sede de gobierno en Bruselas, B\u00e9lgica, anunci\u00f3 que suspender\u00e1 las medidas de represalia durante 90 d\u00edas, es decir el mismo tiempo que Trump dijo ayer que se tomar\u00eda para negociar antes de aplicar los impuestos, que van del 10% para pa\u00edses \u00abamigos\u00bb como Argentina, al 125% para \u00abenemigos\u00bb como China. El gesto europeo busca generar un clima de distensi\u00f3n en un contexto donde los principales bloques econ\u00f3micos del mundo enfrentan tensiones<\/strong><\/em><strong><em>.<\/em><\/strong><\/h4>\n\n\n\n<div style=\"height:35px\" aria-hidden=\"true\" class=\"wp-block-spacer\"><\/div>\n\n\n\n\n\n<div style=\"height:45px\" aria-hidden=\"true\" class=\"wp-block-spacer\"><\/div>\n\n\n\n<p>La <strong>Uni\u00f3n Europea (UE)<\/strong> anunci\u00f3 hoy jueves 10 de abril que <strong>suspender\u00e1 por 90 d\u00edas<\/strong> las contramedidas que preparaba en respuesta a los aranceles comerciales impuestos por <strong>Estados Unidos<\/strong>, con el objetivo de <strong>dar margen a las negociaciones<\/strong> bilaterales y evitar una nueva escalada en la disputa.<\/p>\n\n\n\n<p>La decisi\u00f3n fue comunicada por la presidenta de la <strong>Comisi\u00f3n Europea<\/strong>, <strong>Ursula von der Leyen<\/strong>, quien expres\u00f3 a trav\u00e9s de la red social X: <em>\u201cSi las negociaciones no son satisfactorias, nuestras contramedidas entrar\u00e1n en vigor\u201d.<\/em><\/p>\n\n\n\n<p>El gesto europeo busca generar un <strong>clima de distensi\u00f3n<\/strong> en un contexto donde los principales bloques econ\u00f3micos del mundo enfrentan <strong>tensiones crecientes por las barreras comerciales<\/strong>, en especial en sectores sensibles como el acero, el aluminio, los bienes tecnol\u00f3gicos y el agro.<\/p>\n\n\n\n<div style=\"height:27px\" aria-hidden=\"true\" class=\"wp-block-spacer\"><\/div>\n\n\n\n<p class=\"has-medium-font-size\"><strong>Aranceles cruzados y negociaciones en marcha<\/strong><\/p>\n\n\n\n<p>Durante los \u00faltimos a\u00f1os, la relaci\u00f3n comercial entre <strong>Washington<\/strong> y <strong>Bruselas <\/strong>ha atravesado distintos episodios de tensi\u00f3n, con la imposici\u00f3n de <strong>aranceles cruzados<\/strong> que afectaron tanto a productos industriales como agr\u00edcolas. Si bien con la gesti\u00f3n del presidente <strong>Joe Biden<\/strong> se logr\u00f3 cierta distensi\u00f3n, algunos tributos heredados de la administraci\u00f3n Trump a\u00fan siguen vigentes.<\/p>\n\n\n\n<p>La UE hab\u00eda comenzado a dise\u00f1ar un paquete de contramedidas ante la <strong>falta de avances concretos<\/strong> en la eliminaci\u00f3n de estos aranceles. Sin embargo, la actual decisi\u00f3n refleja una <strong>voluntad pol\u00edtica de alcanzar acuerdos por la v\u00eda diplom\u00e1tica<\/strong>, en un contexto donde ambos bloques tambi\u00e9n buscan coordinar posiciones frente a China y fortalecer su v\u00ednculo estrat\u00e9gico.<\/p>\n\n\n\n<div style=\"height:21px\" aria-hidden=\"true\" class=\"wp-block-spacer\"><\/div>\n\n\n\n<p class=\"has-medium-font-size\"><strong>\u00bfQu\u00e9 puede pasar despu\u00e9s de los 90 d\u00edas?<\/strong><\/p>\n\n\n\n<p>Seg\u00fan trascendi\u00f3 en medios europeos, los pr\u00f3ximos tres meses ser\u00e1n clave para que <strong>ambas partes cierren un entendimiento<\/strong>, especialmente en sectores como el metal\u00fargico y el energ\u00e9tico. Si no hay avances, Bruselas retomar\u00e1 su paquete de <strong>medidas compensatorias<\/strong>, que podr\u00edan implicar nuevos aranceles a productos estadounidenses.<\/p>\n\n\n\n<p>Esta pausa en las represalias coincide con un momento en que la UE tambi\u00e9n est\u00e1 enfocada en <strong>agilizar el acuerdo comercial con el Mercosur<\/strong>, en parte por el endurecimiento de la pol\u00edtica exterior de Donald Trump.<\/p>\n\n\n\n<div style=\"height:26px\" aria-hidden=\"true\" class=\"wp-block-spacer\"><\/div>\n\n\n\n<p class=\"has-small-font-size\"><em><strong>Fuentes: Agencias Efe y AFP<\/strong><\/em><\/p>\n\n\n\n<div style=\"height:21px\" aria-hidden=\"true\" class=\"wp-block-spacer\"><\/div>\n","protected":false},"excerpt":{"rendered":"<p>En otro cap\u00edtulo de la batalla econ\u00f3mica entre Estados Unidos por un lado, la Uni\u00f3n&hellip;<\/p>\n","protected":false},"author":2,"featured_media":143174,"comment_status":"open","ping_status":"open","sticky":false,"template":"","format":"standard","meta":{"footnotes":""},"categories":[9],"tags":[],"class_list":["post-143168","post","type-post","status-publish","format-standard","has-post-thumbnail","hentry","category-negocios"],"_links":{"self":[{"href":"https:\/\/enolife.com.ar\/es\/wp-json\/wp\/v2\/posts\/143168","targetHints":{"allow":["GET"]}}],"collection":[{"href":"https:\/\/enolife.com.ar\/es\/wp-json\/wp\/v2\/posts"}],"about":[{"href":"https:\/\/enolife.com.ar\/es\/wp-json\/wp\/v2\/types\/post"}],"author":[{"embeddable":true,"href":"https:\/\/enolife.com.ar\/es\/wp-json\/wp\/v2\/users\/2"}],"replies":[{"embeddable":true,"href":"https:\/\/enolife.com.ar\/es\/wp-json\/wp\/v2\/comments?post=143168"}],"version-history":[{"count":0,"href":"https:\/\/enolife.com.ar\/es\/wp-json\/wp\/v2\/posts\/143168\/revisions"}],"wp:featuredmedia":[{"embeddable":true,"href":"https:\/\/enolife.com.ar\/es\/wp-json\/wp\/v2\/media\/143174"}],"wp:attachment":[{"href":"https:\/\/enolife.com.ar\/es\/wp-json\/wp\/v2\/media?parent=143168"}],"wp:term":[{"taxonomy":"category","embeddable":true,"href":"https:\/\/enolife.com.ar\/es\/wp-json\/wp\/v2\/categories?post=143168"},{"taxonomy":"post_tag","embeddable":true,"href":"https:\/\/enolife.com.ar\/es\/wp-json\/wp\/v2\/tags?post=143168"}],"curies":[{"name":"wp","href":"https:\/\/api.w.org\/{rel}","templated":true}]}}