{"id":143156,"date":"2025-04-12T23:26:14","date_gmt":"2025-04-12T23:26:14","guid":{"rendered":"https:\/\/enolife.com.ar\/es\/?p=143156"},"modified":"2025-04-14T00:58:58","modified_gmt":"2025-04-14T00:58:58","slug":"convocan-a-empresas-de-mendoza-que-quieran-participar-en-la-feria-expoalimentaria-peru-2025","status":"publish","type":"post","link":"https:\/\/enolife.com.ar\/es\/convocan-a-empresas-de-mendoza-que-quieran-participar-en-la-feria-expoalimentaria-peru-2025\/","title":{"rendered":"Convocan a empresas de Mendoza que quieran participar en la Feria Expoalimentaria Per\u00fa 2025"},"content":{"rendered":"\n<h4 class=\"wp-block-heading\"><em><strong>La Feria Expoalimentaria Per\u00fa es una de las ferias de alimentos y bebidas m\u00e1s convocante de Am\u00e9rica Latina. En su edici\u00f3n 2025, se realizar\u00e1 del 24 al 26 de setiembre pr\u00f3ximos en Lima, Per\u00fa. Las empresas que deseen exhibir sus productos en el\u00a0stand\u00a0de Argentina pueden inscribirse hasta el viernes 25 de abril.<\/strong><\/em><\/h4>\n\n\n\n<div style=\"height:35px\" aria-hidden=\"true\" class=\"wp-block-spacer\"><\/div>\n\n\n<a href=\"https:\/\/instagram.com\/labelsolutions?igshid=YmMyMTA2M2Y=\" aria-label=\"Banner Palero 1700&#215;500\"><img loading=\"lazy\" decoding=\"async\" src=\"https:\/\/enolife.com.ar\/es\/wp-content\/uploads\/2021\/09\/Banner-Palero-1700x500-1.gif\" alt=\"\"  width=\"1700\" height=\"500\"   \/><\/a>\n\n\n<div style=\"height:45px\" aria-hidden=\"true\" class=\"wp-block-spacer\"><\/div>\n\n\n\n<p>La <strong>Agencia Argentina de Inversiones y Comercio Internacional<\/strong>, junto a <strong>ProMendoza<\/strong> -la agencia gubernamental de promoci\u00f3n de los productos mendocinos en el mundo-, invitan a las empresas argentinas a participar en la feria <strong>Expoalimentaria Per\u00fa 2025<\/strong>, que se celebrar\u00e1 del 24 al 26 de setiembre de 2025 en <strong>Lima, Per\u00fa.<\/strong><\/p>\n\n\n\n<p>Se trata de una de las ferias de alimentos y bebidas de mayor convocatorio y con mejores resultados comerciales en toda <strong>Am\u00e9rica Latina<\/strong>. Sirve como una plataforma de negocios esencial para operadores clave en distribuci\u00f3n,\u00a0<em>retail<\/em>, el canal <em>Horeca<\/em> y otros canales especializados tanto a nivel nacional como internacional.\u00a0Abarca diversos sectores de inter\u00e9s para las principales empresas globales: <strong>Alimentos y Bebidas, Maquinarias, Envases y Embalajes<\/strong>, como tambi\u00e9n <strong>Servicios al Comercio Exterior<\/strong>. En ediciones anteriores ha congregado en promedio a unos 20.000 visitantes y la participaci\u00f3n de unas 650 empresas de todo el mundo.<\/p>\n\n\n\n<div style=\"height:30px\" aria-hidden=\"true\" class=\"wp-block-spacer\"><\/div>\n\n\n<div class=\"wp-block-image\">\n<figure class=\"aligncenter size-full is-resized\"><a href=\"https:\/\/enolife.com.ar\/es\/wp-content\/uploads\/2025\/04\/a-2.jpeg\" data-rel=\"penci-gallery-image-content\" ><img loading=\"lazy\" decoding=\"async\" width=\"839\" height=\"500\" src=\"https:\/\/enolife.com.ar\/es\/wp-content\/uploads\/2025\/04\/a-2.jpeg\" alt=\"\" class=\"wp-image-143164\" style=\"width:718px;height:428px\" srcset=\"https:\/\/enolife.com.ar\/es\/wp-content\/uploads\/2025\/04\/a-2.jpeg 839w, https:\/\/enolife.com.ar\/es\/wp-content\/uploads\/2025\/04\/a-2-300x179.jpeg 300w, https:\/\/enolife.com.ar\/es\/wp-content\/uploads\/2025\/04\/a-2-768x458.jpeg 768w, https:\/\/enolife.com.ar\/es\/wp-content\/uploads\/2025\/04\/a-2-585x349.jpeg 585w\" sizes=\"auto, (max-width: 839px) 100vw, 839px\" \/><\/a><\/figure><\/div>\n\n\n<div style=\"height:30px\" aria-hidden=\"true\" class=\"wp-block-spacer\"><\/div>\n\n\n\n<p>Participar en esta feria permite a las empresas de alimentos y bebidas establecer contacto directo con potenciales interesados en sus productos, facilitando su ingreso y ventas en este mercado.<\/p>\n\n\n\n<p>En esta edici\u00f3n, <strong>Argentina<\/strong> dispondr\u00e1 de un\u00a0stand<em>\u00a0<\/em>de 72 metros cuadrados para las empresas que deseen exhibir sus productos, y debido a que los espacios son limitados, la fecha l\u00edmite de inscripci\u00f3n es el viernes 25 de abril de 2025. <strong>El costo por empresa es de 3.500 d\u00f3lares.<\/strong> El pago deber\u00e1 realizarse en pesos, seg\u00fan la cotizaci\u00f3n del d\u00f3lar billete tipo vendedor publicada por el <strong>Banco Naci\u00f3n<\/strong> al cierre del d\u00eda anterior al pago.<\/p>\n\n\n\n<p>M\u00e1s informaci\u00f3n: Guillermo Mart\u00ednez,<strong>&nbsp;<a rel=\"noreferrer noopener\" href=\"mailto:gmartinez@promendoza.com\" target=\"_blank\">gmartinez@promendoza.com<\/a>.<\/strong><\/p>\n\n\n\n<div style=\"height:30px\" aria-hidden=\"true\" class=\"wp-block-spacer\"><\/div>\n","protected":false},"excerpt":{"rendered":"<p>La Feria Expoalimentaria Per\u00fa es una de las ferias de alimentos y bebidas m\u00e1s convocante&hellip;<\/p>\n","protected":false},"author":2,"featured_media":143160,"comment_status":"open","ping_status":"open","sticky":false,"template":"","format":"standard","meta":{"footnotes":""},"categories":[10],"tags":[],"class_list":["post-143156","post","type-post","status-publish","format-standard","has-post-thumbnail","hentry","category-ferias"],"_links":{"self":[{"href":"https:\/\/enolife.com.ar\/es\/wp-json\/wp\/v2\/posts\/143156","targetHints":{"allow":["GET"]}}],"collection":[{"href":"https:\/\/enolife.com.ar\/es\/wp-json\/wp\/v2\/posts"}],"about":[{"href":"https:\/\/enolife.com.ar\/es\/wp-json\/wp\/v2\/types\/post"}],"author":[{"embeddable":true,"href":"https:\/\/enolife.com.ar\/es\/wp-json\/wp\/v2\/users\/2"}],"replies":[{"embeddable":true,"href":"https:\/\/enolife.com.ar\/es\/wp-json\/wp\/v2\/comments?post=143156"}],"version-history":[{"count":0,"href":"https:\/\/enolife.com.ar\/es\/wp-json\/wp\/v2\/posts\/143156\/revisions"}],"wp:featuredmedia":[{"embeddable":true,"href":"https:\/\/enolife.com.ar\/es\/wp-json\/wp\/v2\/media\/143160"}],"wp:attachment":[{"href":"https:\/\/enolife.com.ar\/es\/wp-json\/wp\/v2\/media?parent=143156"}],"wp:term":[{"taxonomy":"category","embeddable":true,"href":"https:\/\/enolife.com.ar\/es\/wp-json\/wp\/v2\/categories?post=143156"},{"taxonomy":"post_tag","embeddable":true,"href":"https:\/\/enolife.com.ar\/es\/wp-json\/wp\/v2\/tags?post=143156"}],"curies":[{"name":"wp","href":"https:\/\/api.w.org\/{rel}","templated":true}]}}