{"id":142896,"date":"2025-04-07T22:56:22","date_gmt":"2025-04-07T22:56:22","guid":{"rendered":"https:\/\/enolife.com.ar\/es\/?p=142896"},"modified":"2025-04-08T21:31:29","modified_gmt":"2025-04-08T21:31:29","slug":"vino-tannat-y-cordero-la-bomba-de-sabor-uruguaya-que-cautivo-al-publico-brasileno","status":"publish","type":"post","link":"https:\/\/enolife.com.ar\/es\/vino-tannat-y-cordero-la-bomba-de-sabor-uruguaya-que-cautivo-al-publico-brasileno\/","title":{"rendered":"Vino tannat y cordero, la bomba de sabor uruguaya que cautiv\u00f3 al p\u00fablico brasile\u00f1o"},"content":{"rendered":"\n<h4 class=\"wp-block-heading\"><em><strong>Con dos nuevas puestas en escena del Festival del Tannat y el Cordero, en las ciudades brasile\u00f1as de Porto Alegre y San Pablo, el Instituto Nacional de Vitivinicultura (Inavi) de Uruguay, en conjunto con el Instituto Nacional de la Carne (INAC) hicieron las delicias del p\u00fablico brasile\u00f1o y turistas internacionales, que saborearon en total 550 kilos de la mejor carne uruguaya y unas 100 distintas etiquetas de vinos tannat de 28 bodegas del pa\u00eds charr\u00faa.<\/strong><\/em><\/h4>\n\n\n\n<div style=\"height:35px\" aria-hidden=\"true\" class=\"wp-block-spacer\"><\/div>\n\n\n<a href=\"https:\/\/jmzeballos.com\/\" aria-label=\"PUBLICIDAD ENOLIFE 2023_\u00c1NFORAS 1700 x 500\"><img loading=\"lazy\" decoding=\"async\" src=\"https:\/\/enolife.com.ar\/es\/wp-content\/uploads\/2020\/12\/PUBLICIDAD-ENOLIFE-2023_ANFORAS-1700-x-500.jpg\" alt=\"\"  srcset=\"https:\/\/enolife.com.ar\/es\/wp-content\/uploads\/2020\/12\/PUBLICIDAD-ENOLIFE-2023_ANFORAS-1700-x-500.jpg 1700w, https:\/\/enolife.com.ar\/es\/wp-content\/uploads\/2020\/12\/PUBLICIDAD-ENOLIFE-2023_ANFORAS-1700-x-500-300x88.jpg 300w, https:\/\/enolife.com.ar\/es\/wp-content\/uploads\/2020\/12\/PUBLICIDAD-ENOLIFE-2023_ANFORAS-1700-x-500-1024x301.jpg 1024w, https:\/\/enolife.com.ar\/es\/wp-content\/uploads\/2020\/12\/PUBLICIDAD-ENOLIFE-2023_ANFORAS-1700-x-500-768x226.jpg 768w, https:\/\/enolife.com.ar\/es\/wp-content\/uploads\/2020\/12\/PUBLICIDAD-ENOLIFE-2023_ANFORAS-1700-x-500-1536x452.jpg 1536w, https:\/\/enolife.com.ar\/es\/wp-content\/uploads\/2020\/12\/PUBLICIDAD-ENOLIFE-2023_ANFORAS-1700-x-500-1170x344.jpg 1170w, https:\/\/enolife.com.ar\/es\/wp-content\/uploads\/2020\/12\/PUBLICIDAD-ENOLIFE-2023_ANFORAS-1700-x-500-585x172.jpg 585w\" sizes=\"auto, (max-width: 1700px) 100vw, 1700px\" width=\"1700\" height=\"500\"   \/><\/a>\n\n\n<div style=\"height:45px\" aria-hidden=\"true\" class=\"wp-block-spacer\"><\/div>\n\n\n\n<p><strong>Uruguay Wine<\/strong> y <strong>Uruguay Lamb<\/strong> -marcas respectivamente promovidas en el mundo por el Instituto <strong>Nacional de Vitivinicultura (Inavi)<\/strong> de <strong>Uruguay<\/strong>, y el <strong>Instituto Nacional de la Carne (INAC)<\/strong> del pa\u00eds charr\u00faa, volvieron a unir esfuerzos y estrategias para llevar adelante una nueva edici\u00f3n del <strong>Festival del Tannat y el Cordero<\/strong> en <strong>Brasil.<\/strong><\/p>\n\n\n\n<p>El pasado s\u00e1bado 29 de marzo de 2025 tuvo lugar por primera vez en <strong>Porto Alegre, Brasil,<\/strong> este festival en el <strong>Cais Embarcadero<\/strong> de esta ciudad. En ese tur\u00edstico punto de la ciudad se montaron carpas y parrillas para recibir a m\u00e1s de 400 personas que degustaron dos de los productos estrellas de Uruguay.<\/p>\n\n\n\n<p><strong>Marcelo Bolinha<\/strong>, reconocido asador ga\u00facho, estuvo a cargo de las parrillas y de los m\u00e1s de 200 kilos de cordero y cortes de carne vacuna uruguaya aportados por el INAC. <\/p>\n\n\n\n<div style=\"height:13px\" aria-hidden=\"true\" class=\"wp-block-spacer\"><\/div>\n\n\n\n<h3 class=\"wp-block-heading has-vivid-red-color has-text-color\">Los platos ofrecidos fueron paleta, pernil, costillas y carr\u00e9 de cordero, y cortes de carne vacuna, todo acompa\u00f1ado por vegetales asados y farofa brasile\u00f1a. Se incluy\u00f3 tambi\u00e9n el tradicional panqueque uruguayo de dulce de leche con az\u00facar quemada.<\/h3>\n\n\n\n<div style=\"height:30px\" aria-hidden=\"true\" class=\"wp-block-spacer\"><\/div>\n\n\n<div class=\"wp-block-image\">\n<figure class=\"aligncenter size-full is-resized\"><a href=\"https:\/\/enolife.com.ar\/es\/wp-content\/uploads\/2025\/04\/cordero1.jpg\" data-rel=\"penci-gallery-image-content\" ><img loading=\"lazy\" decoding=\"async\" src=\"https:\/\/enolife.com.ar\/es\/wp-content\/uploads\/2025\/04\/cordero1.jpg\" alt=\"\" class=\"wp-image-142908\" width=\"681\" height=\"326\" srcset=\"https:\/\/enolife.com.ar\/es\/wp-content\/uploads\/2025\/04\/cordero1.jpg 747w, https:\/\/enolife.com.ar\/es\/wp-content\/uploads\/2025\/04\/cordero1-300x144.jpg 300w, https:\/\/enolife.com.ar\/es\/wp-content\/uploads\/2025\/04\/cordero1-585x280.jpg 585w\" sizes=\"auto, (max-width: 681px) 100vw, 681px\" \/><\/a><\/figure><\/div>\n\n\n<div style=\"height:30px\" aria-hidden=\"true\" class=\"wp-block-spacer\"><\/div>\n\n\n\n<p>En la carpa principal se exhibieron vinos de 11 bodegas uruguayas que se pudieron degustar libremente hasta la tarde. La convocatoria fue un \u00e9xito para promocionar en conjunto el cordero y el vino uruguayo, con entradas agotadas tres semanas antes del evento.<\/p>\n\n\n\n<p>El s\u00e1bado 5 de abril, el festival volvi\u00f3 a realizarse, esta vez en <strong>San Pablo<\/strong> en su 4\u00b0 edici\u00f3n. All\u00ed se presentaron 17 bodegas con m\u00e1s de 68 etiquetas para un p\u00fablico de m\u00e1s de 600 personas. Una vez m\u00e1s, las parrillas estuvieron a cargo de <strong>Itamar Ramalho<\/strong>, especialista en carnes y apasionado del arte de la parrilla, due\u00f1o de <strong>Ramalho Experience<\/strong>, una reconocida churrasquer\u00eda en <strong>Campinhas<\/strong>, que present\u00f3 innovadores platos elaborados con 350 kg de cordero uruguayo.<\/p>\n\n\n\n<p>La idea del festival es acercar a esta regi\u00f3n parte de la cultura y tradiciones gastron\u00f3micas uruguayas. El Tannat y el cordero son dos productos emblem\u00e1ticos de la gastronom\u00eda uruguaya.<\/p>\n\n\n\n<div style=\"height:30px\" aria-hidden=\"true\" class=\"wp-block-spacer\"><\/div>\n\n\n<div class=\"wp-block-image\">\n<figure class=\"aligncenter size-full is-resized\"><a href=\"https:\/\/enolife.com.ar\/es\/wp-content\/uploads\/2025\/04\/cordero2-1.jpg\" data-rel=\"penci-gallery-image-content\" ><img loading=\"lazy\" decoding=\"async\" src=\"https:\/\/enolife.com.ar\/es\/wp-content\/uploads\/2025\/04\/cordero2-1.jpg\" alt=\"\" class=\"wp-image-142907\" width=\"704\" height=\"349\" srcset=\"https:\/\/enolife.com.ar\/es\/wp-content\/uploads\/2025\/04\/cordero2-1.jpg 966w, https:\/\/enolife.com.ar\/es\/wp-content\/uploads\/2025\/04\/cordero2-1-300x149.jpg 300w, https:\/\/enolife.com.ar\/es\/wp-content\/uploads\/2025\/04\/cordero2-1-768x382.jpg 768w, https:\/\/enolife.com.ar\/es\/wp-content\/uploads\/2025\/04\/cordero2-1-585x291.jpg 585w\" sizes=\"auto, (max-width: 704px) 100vw, 704px\" \/><\/a><\/figure><\/div>\n\n\n<div style=\"height:30px\" aria-hidden=\"true\" class=\"wp-block-spacer\"><\/div>\n\n\n\n<p>Brasil es el principal mercado de exportaci\u00f3n para los vinos uruguayos, con una cuota del 54% de lo exportado. En este contexto, las actividades se realizaron en coparticipaci\u00f3n, sumando el INAC &nbsp;la nueva campa\u00f1a&nbsp;\u00ab<strong>Cordeiro Uruguaio: Da boutique de carnes do mundo\u00bb.<\/strong><\/p>\n\n\n\n<p>Esta promoci\u00f3n se comenz\u00f3 a desarrollar tras una investigaci\u00f3n de mercado que realiz\u00f3 el INAC para analizar el consumo de cordero uruguayo en Brasil, como alternativa m\u00e1s rentable en comparaci\u00f3n con otros or\u00edgenes.<\/p>\n\n\n\n<p>El estudio de mercado presentado en 2024 concluy\u00f3 en que el&nbsp; 85 % del ovino importado por Brasil es de procedencia uruguaya. El consumo registrado de carne ovina importada se produce, en su mayor\u00eda, en el sur y sureste de Brasil, y por ello la campa\u00f1a de m\u00e1rketing planificada por el INAC, a trav\u00e9s de su marca Uruguay Lamb,&nbsp;se concentra en San Pablo y R\u00edo de Janeiro en una primera etapa. &nbsp;Asimismo, estas ciudades son estrat\u00e9gicas ya que es donde el circuito gastron\u00f3mico de alta especialidad est\u00e1 muy desarrollado.<\/p>\n\n\n\n<p>Durante el a\u00f1o se realizar\u00e1n dos ediciones m\u00e1s del Festival en Brasil: el 27 de setiembre tendr\u00e1 lugar por primera vez en R\u00edo de Janeiro y el 4 de octubre ser\u00e1 la segunda edici\u00f3n en la ciudad de Campinhas en San Pablo.<\/p>\n\n\n\n<div style=\"height:19px\" aria-hidden=\"true\" class=\"wp-block-spacer\"><\/div>\n\n\n\n<p class=\"has-small-font-size\"><em><strong>Fuente: INAC<\/strong><\/em><\/p>\n\n\n\n<div style=\"height:28px\" aria-hidden=\"true\" class=\"wp-block-spacer\"><\/div>\n\n\n\n<div style=\"height:30px\" aria-hidden=\"true\" class=\"wp-block-spacer\"><\/div>\n","protected":false},"excerpt":{"rendered":"<p>Con dos nuevas puestas en escena del Festival del Tannat y el Cordero, en las&hellip;<\/p>\n","protected":false},"author":2,"featured_media":142910,"comment_status":"open","ping_status":"open","sticky":false,"template":"","format":"standard","meta":{"footnotes":""},"categories":[56,14],"tags":[],"class_list":["post-142896","post","type-post","status-publish","format-standard","has-post-thumbnail","hentry","category-destacado","category-news"],"_links":{"self":[{"href":"https:\/\/enolife.com.ar\/es\/wp-json\/wp\/v2\/posts\/142896","targetHints":{"allow":["GET"]}}],"collection":[{"href":"https:\/\/enolife.com.ar\/es\/wp-json\/wp\/v2\/posts"}],"about":[{"href":"https:\/\/enolife.com.ar\/es\/wp-json\/wp\/v2\/types\/post"}],"author":[{"embeddable":true,"href":"https:\/\/enolife.com.ar\/es\/wp-json\/wp\/v2\/users\/2"}],"replies":[{"embeddable":true,"href":"https:\/\/enolife.com.ar\/es\/wp-json\/wp\/v2\/comments?post=142896"}],"version-history":[{"count":0,"href":"https:\/\/enolife.com.ar\/es\/wp-json\/wp\/v2\/posts\/142896\/revisions"}],"wp:featuredmedia":[{"embeddable":true,"href":"https:\/\/enolife.com.ar\/es\/wp-json\/wp\/v2\/media\/142910"}],"wp:attachment":[{"href":"https:\/\/enolife.com.ar\/es\/wp-json\/wp\/v2\/media?parent=142896"}],"wp:term":[{"taxonomy":"category","embeddable":true,"href":"https:\/\/enolife.com.ar\/es\/wp-json\/wp\/v2\/categories?post=142896"},{"taxonomy":"post_tag","embeddable":true,"href":"https:\/\/enolife.com.ar\/es\/wp-json\/wp\/v2\/tags?post=142896"}],"curies":[{"name":"wp","href":"https:\/\/api.w.org\/{rel}","templated":true}]}}