{"id":142581,"date":"2025-04-04T19:37:43","date_gmt":"2025-04-04T19:37:43","guid":{"rendered":"https:\/\/enolife.com.ar\/es\/?p=142581"},"modified":"2025-04-05T21:42:21","modified_gmt":"2025-04-05T21:42:21","slug":"la-escuela-de-oficios-de-la-uncuyo-inicia-el-15-4-el-3-curso-de-formacion-de-encargados-de-finca","status":"publish","type":"post","link":"https:\/\/enolife.com.ar\/es\/la-escuela-de-oficios-de-la-uncuyo-inicia-el-15-4-el-3-curso-de-formacion-de-encargados-de-finca\/","title":{"rendered":"La Escuela de Oficios de la UNCuyo inicia el 15\/4 el 3\u00b0 curso de formaci\u00f3n de Encargados de Finca"},"content":{"rendered":"\n<h4 class=\"wp-block-heading\"><em><strong>Tras dos primeras experiencias, donde m\u00e1s de 60 personas ya recibieron su certificaci\u00f3n, la Escuela de Oficios de la Facultad de Ciencias Agrarias (FCA) de la Universidad Nacional de Cuyo (UNCuyo) dictar\u00e1 la tercera edici\u00f3n de esta capacitaci\u00f3n que otorga certificado oficial y facilita la inclusi\u00f3n en el mundo laboral. La actividad comienza el 15 de abril y tiene cupos limitados.<\/strong><\/em><\/h4>\n\n\n\n<div style=\"height:35px\" aria-hidden=\"true\" class=\"wp-block-spacer\"><\/div>\n\n\n\n\n\n<div style=\"height:45px\" aria-hidden=\"true\" class=\"wp-block-spacer\"><\/div>\n\n\n\n<p>El oficio agr\u00edcola demanda una actualizaci\u00f3n de conocimientos y habilidades para la gesti\u00f3n y el mantenimiento de la tierra. Atenta a esta realidad, la <strong>Escuela de Oficios de la Facultad de Ciencias Agrarias (FCA)<\/strong> de la Universidad Nacional de Cuyo (UNCuyo) retoma la formaci\u00f3n para Encargados de Finca.<\/p>\n\n\n\n<p>Esta&nbsp;Escuela, creada por Ordenanza&nbsp;N\u00ba01\/2022-D,&nbsp;tiene por objeto implementar iniciativas de inclusi\u00f3n promoviendo acciones de&nbsp;<strong>capacitaci\u00f3n laboral<\/strong>. Se propone impulsar que los trabajadores construyan&nbsp;<strong>trayectorias educativas&nbsp;<\/strong>que les permitan, independientemente del nivel de escolaridad alcanzado,<strong>&nbsp;mejorar su formaci\u00f3n profesional<\/strong>.<\/p>\n\n\n\n<p>Su enfoque&nbsp; se centra en colaborar con los actores p\u00fablicos y privados que requieran sus servicios, trabajando de manera articulada&nbsp; y dise\u00f1ando una propuestas pedag\u00f3gicas espec\u00edfica en lugar de ofrecer&nbsp; ofertas constante de cursos.<\/p>\n\n\n\n<p>A partir del 15 de abril, la FCA dictar\u00e1 la tercera edici\u00f3n de esta capacitaci\u00f3n -hasta el momento m\u00e1s de 60 personas se han certificado-, que tiene como destinatarios a encargados de fincas vit\u00edcolas, frut\u00edcolas y hort\u00edcolas o responsables de equipos de trabajo en fincas, con o sin estudios completos.<\/p>\n\n\n\n<p>Con el foco puesto en optimizar la producci\u00f3n y mejorar la rentabilidad de los cultivos, quienes asistan podr\u00e1n formarse en las \u00faltimas t\u00e9cnicas y pr\u00e1cticas de manejo de fincas. Tambi\u00e9n ser\u00e1 una oportunidad para valorar el rol clave de encargados en la cadena de mando, y para mejorar el di\u00e1logo que \u00e9stos tienen con ingenieros, t\u00e9cnicos y operarios.<\/p>\n\n\n\n<div style=\"height:13px\" aria-hidden=\"true\" class=\"wp-block-spacer\"><\/div>\n\n\n\n<h3 class=\"wp-block-heading has-vivid-red-color has-text-color\">A lo largo de 10 encuentros, se abordar\u00e1n contenidos como: mecanizaci\u00f3n, riego, heladas, nutrici\u00f3n vegetal, manejo responsable de fitosanitarios, normas de calidad, planificaci\u00f3n y presupuesto, comunicaci\u00f3n y trabajo en equipo.<\/h3>\n\n\n\n<div style=\"height:17px\" aria-hidden=\"true\" class=\"wp-block-spacer\"><\/div>\n\n\n\n<p>La formaci\u00f3n se inicia&nbsp;el 15 de abril y finaliza el 17 de junio. Cada encuentro tiene una duraci\u00f3n de 5 horas y se desarrollar\u00e1&nbsp;en&nbsp;la FCA. Tiene cupos limitados y se pueden consultar los costos.<\/p>\n\n\n\n<p class=\"has-background\" style=\"background-color:#abb7c23b\"><strong>Para inscribirse, es preciso completar este&nbsp;<a rel=\"noreferrer noopener\" href=\"https:\/\/docs.google.com\/forms\/d\/e\/1FAIpQLSeqxeYmAYGAW8hg6ADqjzVmu7G8d0oGcZDyH4MKonhnW6MJDA\/viewform\" target=\"_blank\">formulario<\/a>. Para m\u00e1s informaci\u00f3n, escribir a&nbsp;<a href=\"mailto:vinculacion@fca.uncu.edu.ar\">vinculacion@fca.uncu.edu.ar<\/a>.<\/strong><\/p>\n\n\n\n<div style=\"height:30px\" aria-hidden=\"true\" class=\"wp-block-spacer\"><\/div>\n","protected":false},"excerpt":{"rendered":"<p>Tras dos primeras experiencias, donde m\u00e1s de 60 personas ya recibieron su certificaci\u00f3n, la Escuela&hellip;<\/p>\n","protected":false},"author":2,"featured_media":142587,"comment_status":"open","ping_status":"open","sticky":false,"template":"","format":"standard","meta":{"footnotes":""},"categories":[47,56],"tags":[],"class_list":["post-142581","post","type-post","status-publish","format-standard","has-post-thumbnail","hentry","category-agenda","category-destacado"],"_links":{"self":[{"href":"https:\/\/enolife.com.ar\/es\/wp-json\/wp\/v2\/posts\/142581","targetHints":{"allow":["GET"]}}],"collection":[{"href":"https:\/\/enolife.com.ar\/es\/wp-json\/wp\/v2\/posts"}],"about":[{"href":"https:\/\/enolife.com.ar\/es\/wp-json\/wp\/v2\/types\/post"}],"author":[{"embeddable":true,"href":"https:\/\/enolife.com.ar\/es\/wp-json\/wp\/v2\/users\/2"}],"replies":[{"embeddable":true,"href":"https:\/\/enolife.com.ar\/es\/wp-json\/wp\/v2\/comments?post=142581"}],"version-history":[{"count":0,"href":"https:\/\/enolife.com.ar\/es\/wp-json\/wp\/v2\/posts\/142581\/revisions"}],"wp:featuredmedia":[{"embeddable":true,"href":"https:\/\/enolife.com.ar\/es\/wp-json\/wp\/v2\/media\/142587"}],"wp:attachment":[{"href":"https:\/\/enolife.com.ar\/es\/wp-json\/wp\/v2\/media?parent=142581"}],"wp:term":[{"taxonomy":"category","embeddable":true,"href":"https:\/\/enolife.com.ar\/es\/wp-json\/wp\/v2\/categories?post=142581"},{"taxonomy":"post_tag","embeddable":true,"href":"https:\/\/enolife.com.ar\/es\/wp-json\/wp\/v2\/tags?post=142581"}],"curies":[{"name":"wp","href":"https:\/\/api.w.org\/{rel}","templated":true}]}}