{"id":14248,"date":"2020-06-10T21:59:19","date_gmt":"2020-06-10T21:59:19","guid":{"rendered":"http:\/\/enolife.com.ar\/es\/?p=14248"},"modified":"2020-06-15T19:27:24","modified_gmt":"2020-06-15T19:27:24","slug":"ciencias-agrarias-genera-empleo-para-sus-estudiantes-y-comparte-saber-y-tecnologia-con-la-sociedad","status":"publish","type":"post","link":"https:\/\/enolife.com.ar\/es\/ciencias-agrarias-genera-empleo-para-sus-estudiantes-y-comparte-saber-y-tecnologia-con-la-sociedad\/","title":{"rendered":"Ciencias Agrarias genera empleo para sus estudiantes y comparte saber y tecnolog\u00eda con la sociedad"},"content":{"rendered":"\n<h4 class=\"wp-block-heading\"><em><strong>La Facultad con sede en Luj\u00e1n, al igual que todas las otras casas de estudio de la Universidad Nacional de Cuyo (UNCuyo), tiene vinculaciones acad\u00e9micas, tecnol\u00f3gicas, cient\u00edficas y de acci\u00f3n social con organismos p\u00fablicos y privados de Mendoza. Por ejemplo, pasant\u00edas rentadas y pr\u00e1cticas preprofesionales para estudiantes, convenios para la reforestaci\u00f3n de microcuencas hidrogr\u00e1ficas en alta monta\u00f1a, investigaciones junto a bodegas sobre adaptabilidad de vi\u00f1edos al cambio clim\u00e1tico y programas de concientizaci\u00f3n ambiental para ni\u00f1os.<\/strong><\/em><\/h4>\n\n\n\n<div style=\"height:20px\" aria-hidden=\"true\" class=\"wp-block-spacer\"><\/div>\n\n\n\n<p>La <strong>Universidad Nacional de Cuyo (UNCuyo)<\/strong> celebra en junio el mes de la vinculaci\u00f3n tecnol\u00f3gica. La <strong>Facultad de Ciencias Agrarias (FCA)<\/strong> tiene una amplia actividad en relaci\u00f3n con diferentes organismos p\u00fablicos y privados de Mendoza, tanto en lo acad\u00e9mico como en lo tecnol\u00f3gico, lo cient\u00edfico y la acci\u00f3n social. <\/p>\n\n\n\n<p>La FCA tiene en estos momentos <strong>46 convenios-marco, 5 convenios espec\u00edficos y 24 convenios de pasant\u00edas educativas rentadas<\/strong>. En estos \u00e1mbitos, hay <strong>en total 26 estudiantes<\/strong> que desarrollan tareas desde sus casas durante este aislamiento social, preventivo y obligatorio por la pandemia de covid-19.<\/p>\n\n\n\n<p>Las vinculaciones que mantiene la Facultad con distintas instituciones son:<\/p>\n\n\n\n<ul class=\"wp-block-list\"><li><strong>Acad\u00e9micas<\/strong>, que incluyen las actividades que realizan los estudiantes de todas las carreras en dos modalidades: pr\u00e1cticas preprofesionales y pasant\u00edas rentadas.<\/li><li><strong>Tecnol\u00f3gicas<\/strong>, que engloban aquellas tareas que signifiquen transferencia de tecnolog\u00eda, en las cuales participan fundamentalmente docentes investigadores y algunos estudiantes.<\/li><li><strong>Acci\u00f3n Social<\/strong>, que corresponden a las actividades que se realizan junto con otras instituciones p\u00fablicas, privadas y ONG para mejorar la calidad de vida de las personas.<\/li><li><strong>Cient\u00edficas,&nbsp;<\/strong>de las que se ocupa espec\u00edficamente la Secretar\u00eda de Investigaci\u00f3n, Internacionales y Posgrado e incluye a todos los organismos que hacen ciencia relacionados con la Facultad de Ciencias Agrarias, que incluyen por ejemplo al Instituto Nacional de Tecnolog\u00eda Agropecuaria (<strong>INTA<\/strong>), al Instituto de Biolog\u00eda Agr\u00edcola de Mendoza (<strong>IBAM<\/strong>), al Instituto Nacional de Tecnolog\u00eda Industrial (<strong>INTI<\/strong>), a la Universidad Tecnol\u00f3gica Nacional (<strong>UTN<\/strong>) o la Corporaci\u00f3n Vitivin\u00edcola Argentina (<strong>Coviar<\/strong>).<\/li><\/ul>\n\n\n\n<p>Los convenios de Ciencias Agrarias, salvo las vinculaciones cient\u00edficas, son gestionados por la <strong>Secretar\u00eda de Extensi\u00f3n de la FCA<\/strong>.<\/p>\n\n\n\n<figure class=\"wp-block-image\"><img decoding=\"async\" src=\"http:\/\/www.catenawines.com\/img\/ciw-team.jpg\" alt=\"el mirador\"\/><figcaption><strong>El equipo de Bodega Catena Zapata se suma a las investigaciones de las c\u00e1tedras de qu\u00edmica org\u00e1nica y fisiolog\u00eda vegetal <\/strong><\/figcaption><\/figure>\n\n\n\n<div style=\"height:20px\" aria-hidden=\"true\" class=\"wp-block-spacer\"><\/div>\n\n\n\n<p>En cuanto a las&nbsp;<strong>vinculaciones tecnol\u00f3gicas<\/strong>, una de las acciones principales que desarrolla la Facultad de Ciencias Agrarias es la que realiza en conjunto con el Ministerio de Planificaci\u00f3n e Infraestructura P\u00fablica del Gobierno de Mendoza para avanzar en la restauraci\u00f3n de bosques nativos en las zonas de alta monta\u00f1a y el Sur provincial. Se trata de un proyecto en el cual docentes y estudiantes de la FCA realizan tareas de reforestaci\u00f3n en las microcuencas hidrogr\u00e1ficas de las quebradas de Los Potrerillos, La Manga y El Alumbre, ubicadas en la Parque Provincial Cord\u00f3n del Plata. El objetivo de la restauraci\u00f3n de la flora natural (que incluye las especies chacay y mait\u00e9n) es mitigar aluviones en la parte superior del r\u00edo Mendoza -lo que adem\u00e1s implica la mejora en la calidad del agua para consumo humano- y el aumento y recuperaci\u00f3n de la biodiversidad en esa zona. Para conocer m\u00e1s detalles del convenio y de las actividades se puede ingresar en&nbsp;<a href=\"http:\/\/www.fca.uncu.edu.ar\/ciencias-agrarias-restauracion-especies-nativas-alta-montana-y-sur-provincial\"><strong>este enlace<\/strong><\/a>.<\/p>\n\n\n\n<p>Entre las&nbsp;<strong>vinculaciones tecnol\u00f3gicas<\/strong>&nbsp;tambi\u00e9n se puede mencionar un convenio con la Municipalidad de Luj\u00e1n de Cuyo para dise\u00f1ar el \u00e1rea de cultivos restringidos especiales para el re\u00faso agr\u00edcola de aguas tratadas en la Planta de Agrelo, en el cual participan las c\u00e1tedras de Hidrolog\u00eda, Dasonom\u00eda, Agricultura Espacial y Zootecnia. O el acuerdo que tiene la FCA con el IDR, la Facultad de Medicina y ASOLMEN para denominaci\u00f3n de origen de Aceite Oliva Mendoza.<\/p>\n\n\n\n<p>En el caso de las&nbsp;<strong>vinculaciones acad\u00e9micas<\/strong>, se puede destacar el desarrollo de pr\u00e1cticas pre-profesionales o pasant\u00edas de estudiantes de bromatolog\u00eda e Ingenier\u00eda en Recursos Naturales Renovables en el Gobierno de Mendoza, los Grupos CREA Zona Valles Cordilleranos, Bodega Chandon, Fundaci\u00f3n Villavicencio, Fragapane Hnos., Stoller SA, TINFO SRL y AEB Argentina, entre otros.<\/p>\n\n\n\n<p>Mientras que en las&nbsp;<strong>vinculaciones de Acci\u00f3n Social<\/strong>&nbsp;se pueden destacar el programa \u201cMi \u00e1rbol, mi escuela y yo\u201d, que se realiza en conjunto con Bodegas Chandon. El proyecto educativo-ambiental, en el cual trabaja la C\u00e1tedra de Dasonom\u00eda, tiene como objetivo resaltar la importancia de los \u00e1rboles y sembrar en los ni\u00f1os el compromiso por el medio ambiente.<\/p>\n\n\n\n<p>Para conocer m\u00e1s detalles de la \u00faltima edici\u00f3n del programa se puede ingresar en&nbsp;<a href=\"http:\/\/www.fca.uncu.edu.ar\/programa-educativo-ambiental-mi-arbol-mi-escuela-y-yo\"><strong>este enlace<\/strong><\/a>.<\/p>\n\n\n\n<div style=\"height:20px\" aria-hidden=\"true\" class=\"wp-block-spacer\"><\/div>\n\n\n\n<div class=\"wp-block-image\"><figure class=\"aligncenter\"><img decoding=\"async\" src=\"https:\/\/www.mendovoz.com\/u\/fotografias\/m\/2017\/6\/27\/f800x450-31955_83401_5050.jpg\" alt=\"Escuelas de Luj\u00e1n participan de un proyecto medioambiental\"\/><figcaption><strong>Alumnos de una escuela de Luj\u00e1n de Cuyo en el programa \u00abMi \u00e1rbol, mi escuela, y yo\u00bb<\/strong><\/figcaption><\/figure><\/div>\n\n\n\n<div style=\"height:20px\" aria-hidden=\"true\" class=\"wp-block-spacer\"><\/div>\n\n\n\n<p>Otra de las l\u00edneas de Acci\u00f3n Social son los Proyectos Mauricio L\u00f3pez, que actualmente cuentan con cinco proyectos dirigidos por docentes de la FCA. Y las pr\u00e1cticas sociales educativas, que tuvo entre sus tareas la realizaci\u00f3n de un diagn\u00f3stico participativo del trabajo que se hace en la huerta de la unidad penitenciaria de Boulogne Sur Mer.<\/p>\n\n\n\n<p>Se pueden consultar m\u00e1s detalles de ese programa&nbsp;<a href=\"http:\/\/www.fca.uncu.edu.ar\/fca-primeras-optativas-en-practicas-sociales-educativas\"><strong>aqu\u00ed<\/strong><\/a>.<\/p>\n\n\n\n<p>Respecto a las&nbsp;<strong>vinculaciones cient\u00edficas<\/strong>, la Facultad posee convenios internacionales con 21 universidades extranjeras.<\/p>\n\n\n\n<p>Adem\u00e1s, docentes y estudiantes de la FCA participan en investigaciones en el marco de convenios con empresas privadas, como el que lleva adelante la C\u00e1tedra de Fisiolog\u00eda con COFECYT, COVIAR y Bodega Do\u00f1a Paula, para realizar estudios sobre adaptabilidad de vi\u00f1edos al cambio clim\u00e1tico, coordinados por Leonor Deis.<\/p>\n\n\n\n<p>En esa l\u00ednea se puede mencionar tambi\u00e9n la investigaci\u00f3n que desarrolla las C\u00e1tedras de Qu\u00edmica Org\u00e1nica y Fisiolog\u00eda Vegetal con la Bodega Catena Zapata.<\/p>\n\n\n\n<div style=\"height:20px\" aria-hidden=\"true\" class=\"wp-block-spacer\"><\/div>\n\n\n\n<p class=\"has-small-font-size\"><em><strong>Fuente: Facultad de Ciencias Agrarias de la Universidad Nacional de Cuyo<\/strong><\/em><\/p>\n","protected":false},"excerpt":{"rendered":"<p>La Facultad con sede en Luj\u00e1n, al igual que todas las otras casas de estudio&hellip;<\/p>\n","protected":false},"author":3,"featured_media":14323,"comment_status":"open","ping_status":"open","sticky":false,"template":"","format":"standard","meta":{"footnotes":""},"categories":[14],"tags":[],"class_list":["post-14248","post","type-post","status-publish","format-standard","has-post-thumbnail","hentry","category-news"],"_links":{"self":[{"href":"https:\/\/enolife.com.ar\/es\/wp-json\/wp\/v2\/posts\/14248","targetHints":{"allow":["GET"]}}],"collection":[{"href":"https:\/\/enolife.com.ar\/es\/wp-json\/wp\/v2\/posts"}],"about":[{"href":"https:\/\/enolife.com.ar\/es\/wp-json\/wp\/v2\/types\/post"}],"author":[{"embeddable":true,"href":"https:\/\/enolife.com.ar\/es\/wp-json\/wp\/v2\/users\/3"}],"replies":[{"embeddable":true,"href":"https:\/\/enolife.com.ar\/es\/wp-json\/wp\/v2\/comments?post=14248"}],"version-history":[{"count":0,"href":"https:\/\/enolife.com.ar\/es\/wp-json\/wp\/v2\/posts\/14248\/revisions"}],"wp:featuredmedia":[{"embeddable":true,"href":"https:\/\/enolife.com.ar\/es\/wp-json\/wp\/v2\/media\/14323"}],"wp:attachment":[{"href":"https:\/\/enolife.com.ar\/es\/wp-json\/wp\/v2\/media?parent=14248"}],"wp:term":[{"taxonomy":"category","embeddable":true,"href":"https:\/\/enolife.com.ar\/es\/wp-json\/wp\/v2\/categories?post=14248"},{"taxonomy":"post_tag","embeddable":true,"href":"https:\/\/enolife.com.ar\/es\/wp-json\/wp\/v2\/tags?post=14248"}],"curies":[{"name":"wp","href":"https:\/\/api.w.org\/{rel}","templated":true}]}}