{"id":142455,"date":"2025-04-03T15:07:00","date_gmt":"2025-04-03T15:07:00","guid":{"rendered":"https:\/\/enolife.com.ar\/es\/?p=142455"},"modified":"2025-04-04T22:21:08","modified_gmt":"2025-04-04T22:21:08","slug":"cosechar-en-bodega-santa-julia-una-fuente-de-inspiracion-para-los-artistas-visuales-mendocinos","status":"publish","type":"post","link":"https:\/\/enolife.com.ar\/es\/cosechar-en-bodega-santa-julia-una-fuente-de-inspiracion-para-los-artistas-visuales-mendocinos\/","title":{"rendered":"Cosechar en Bodega Santa Julia, una fuente de inspiraci\u00f3n para los artistas visuales mendocinos"},"content":{"rendered":"\n<h4 class=\"wp-block-heading\"><em><strong>Como cada a\u00f1o para esta \u00e9poca de fines de vendimia, la Familia Zuccardi, propietaria de Bodega Santa Julia en Maip\u00fa y Bodega Piedra Infinita en Tupungato, convoc\u00f3 a los m\u00e1s destacados artistas visuales de la provincia a lo que desde hace 20 a\u00f1os constituye un ritual motivador e integrador: la Cosecha de Artistas.<\/strong><\/em> <\/h4>\n\n\n\n<hr class=\"wp-block-separator has-alpha-channel-opacity\"\/>\n\n\n\n<h4 class=\"wp-block-heading\"><em><strong>En esta edici\u00f3n, el domingo 30 de marzo, 43 talentosos pintores, escultores, grabadores, vitralistas y dise\u00f1adores gr\u00e1ficos locales ejercitaron el tambi\u00e9n dificil arte de manejar la tijera de podar, en un clima de camarader\u00eda aunque signado por la triste noticia de la partida de su querido colega Egar Murillo, el 29 de marzo. Al final, un almuerzo de campo y asado, maridado con los vinos de la casa, cerr\u00f3 otra jornada inolvidable para los presentes. Y en dos meses, junto con el vino nuevo, los artistas expondr\u00e1n en la Cava de Arte de Santa Julia las obras inspiradas en esta fiesta de racimos.<\/strong><\/em><\/h4>\n\n\n\n<div style=\"height:35px\" aria-hidden=\"true\" class=\"wp-block-spacer\"><\/div>\n\n\n\n\n\n<div style=\"height:45px\" aria-hidden=\"true\" class=\"wp-block-spacer\"><\/div>\n\n\n\n<p><em>Por <strong>Pedro Straniero<\/strong>, editor de <strong>Enolife<\/strong><\/em><\/p>\n\n\n\n<div style=\"height:23px\" aria-hidden=\"true\" class=\"wp-block-spacer\"><\/div>\n\n\n\n<p>El <strong>domingo 30 de marzo,<\/strong> entre los vi\u00f1edos de <strong>Bodega Santa Julia,<\/strong> se realiz\u00f3 una nueva edici\u00f3n de la ya cl\u00e1sica <strong>Cosecha de Artistas.<\/strong> Esta vez, toda la actividad de vendimiar y la posterior confraternizaci\u00f3n en un asado bajo el parral contiguo al restaurante de la casa tuvieron un significado especial, porque se sum\u00f3 un emotivo homenaje al artista <strong>Egar Murillo,<\/strong> quien falleci\u00f3 el s\u00e1bado 29 de marzo.<\/p>\n\n\n\n<p>Cada edici\u00f3n de Cosecha de Artistas mantiene viva la premisa que instaur\u00f3 <strong>hace m\u00e1s de 20 a\u00f1os<\/strong> la gestora de esta idea, <strong>Emma Zuccardi<\/strong>: brindar un espacio para que los artistas visuales mendocinos puedan sumergirse en el mundo del vino, crear a partir de esa inspiraci\u00f3n y <strong>compartir posteriormente su obra en una muestra tem\u00e1tica en la Cava de Arte de la Bodega. <\/strong><\/p>\n\n\n\n<div style=\"height:30px\" aria-hidden=\"true\" class=\"wp-block-spacer\"><\/div>\n\n\n<div class=\"wp-block-image\">\n<figure class=\"aligncenter size-full is-resized\"><a href=\"https:\/\/enolife.com.ar\/es\/wp-content\/uploads\/2025\/04\/WhatsApp-Image-2025-04-03-at-11.28.19.jpeg\" data-rel=\"penci-gallery-image-content\" ><img loading=\"lazy\" decoding=\"async\" src=\"https:\/\/enolife.com.ar\/es\/wp-content\/uploads\/2025\/04\/WhatsApp-Image-2025-04-03-at-11.28.19.jpeg\" alt=\"\" class=\"wp-image-142498\" width=\"579\" height=\"311\" srcset=\"https:\/\/enolife.com.ar\/es\/wp-content\/uploads\/2025\/04\/WhatsApp-Image-2025-04-03-at-11.28.19.jpeg 485w, https:\/\/enolife.com.ar\/es\/wp-content\/uploads\/2025\/04\/WhatsApp-Image-2025-04-03-at-11.28.19-300x161.jpeg 300w\" sizes=\"auto, (max-width: 579px) 100vw, 579px\" \/><\/a><figcaption class=\"wp-element-caption\"><em><strong>Pupi Ag\u00fcero, Julia y Jos\u00e9 \u00abPepe\u00bb Zuccardi<\/strong><\/em><\/figcaption><\/figure><\/div>\n\n\n<div style=\"height:30px\" aria-hidden=\"true\" class=\"wp-block-spacer\"><\/div>\n\n\n\n<p>Desde las 11 de la ma\u00f1ana de un d\u00eda soleado y templado, los artistas, convocados por <strong>Pupi Ag\u00fcero<\/strong>, responsable de la curadur\u00eda y organizaci\u00f3n del evento, comenzaron a llegar con una \u00fanica consigna: encontrar en la cosecha su fuente de inspiraci\u00f3n.<\/p>\n\n\n\n<p>A lo largo de la jornada, los participantes cumplieron con la experiencia de cosechar esos peque\u00f1os, apretados y jugosos racimos de <strong>uvas malbec<\/strong>, en una divertida excursi\u00f3n entre los vi\u00f1edos, la que adem\u00e1s de presentar el desaf\u00edo de hacer el corte justo en el tallo del racimo, sirvi\u00f3 para jugar a qui\u00e9nes cosechaban m\u00e1s de los dos equipos que se formaron, como no pod\u00eda ser de otra manera uno Tinto y otro Blanco. <\/p>\n\n\n\n<div style=\"height:30px\" aria-hidden=\"true\" class=\"wp-block-spacer\"><\/div>\n\n\n<div class=\"wp-block-image\">\n<figure class=\"aligncenter size-full is-resized\"><a href=\"https:\/\/enolife.com.ar\/es\/wp-content\/uploads\/2025\/04\/WhatsApp-Image-2025-04-03-at-11.22.35-1.jpeg\" data-rel=\"penci-gallery-image-content\" ><img loading=\"lazy\" decoding=\"async\" src=\"https:\/\/enolife.com.ar\/es\/wp-content\/uploads\/2025\/04\/WhatsApp-Image-2025-04-03-at-11.22.35-1.jpeg\" alt=\"\" class=\"wp-image-142500\" width=\"654\" height=\"371\" srcset=\"https:\/\/enolife.com.ar\/es\/wp-content\/uploads\/2025\/04\/WhatsApp-Image-2025-04-03-at-11.22.35-1.jpeg 882w, https:\/\/enolife.com.ar\/es\/wp-content\/uploads\/2025\/04\/WhatsApp-Image-2025-04-03-at-11.22.35-1-300x170.jpeg 300w, https:\/\/enolife.com.ar\/es\/wp-content\/uploads\/2025\/04\/WhatsApp-Image-2025-04-03-at-11.22.35-1-768x435.jpeg 768w, https:\/\/enolife.com.ar\/es\/wp-content\/uploads\/2025\/04\/WhatsApp-Image-2025-04-03-at-11.22.35-1-585x332.jpeg 585w\" sizes=\"auto, (max-width: 654px) 100vw, 654px\" \/><\/a><\/figure><\/div>\n\n\n<div style=\"height:30px\" aria-hidden=\"true\" class=\"wp-block-spacer\"><\/div>\n\n\n\n<p>Al cabo de media hora de \u00abtrabajo\u00bb, los artistas hicieron su aporte para la elaboraci\u00f3n del vino que toman tantos mendocinos, con unos <strong>300 kilos de uva malbec cosechados<\/strong> -seg\u00fan el c\u00e1lculo de este cronista, quien tambi\u00e9n disfrut\u00f3 de la oportunidad- por los 43 artistas m\u00e1s algunos \u00abcolados\u00bb, es decir los que miraban de afuera con ganas de entintarse las manos y fueron gentilmente invitados por los organizadores. Fue un momento en que el arte, el trabajo y la tierra se unieron en un v\u00ednculo fructuoso. <\/p>\n\n\n\n<div style=\"height:30px\" aria-hidden=\"true\" class=\"wp-block-spacer\"><\/div>\n\n\n\n<figure class=\"wp-block-gallery has-nested-images columns-default is-cropped wp-block-gallery-1 is-layout-flex wp-block-gallery-is-layout-flex\">\n<figure class=\"wp-block-image size-full\"><a href=\"https:\/\/enolife.com.ar\/es\/wp-content\/uploads\/2025\/04\/WhatsApp-Image-2025-04-03-at-11.22.35.jpeg\" data-rel=\"penci-gallery-image-content\" ><img loading=\"lazy\" decoding=\"async\" width=\"333\" height=\"400\" data-id=\"142501\" src=\"https:\/\/enolife.com.ar\/es\/wp-content\/uploads\/2025\/04\/WhatsApp-Image-2025-04-03-at-11.22.35.jpeg\" alt=\"\" class=\"wp-image-142501\" srcset=\"https:\/\/enolife.com.ar\/es\/wp-content\/uploads\/2025\/04\/WhatsApp-Image-2025-04-03-at-11.22.35.jpeg 333w, https:\/\/enolife.com.ar\/es\/wp-content\/uploads\/2025\/04\/WhatsApp-Image-2025-04-03-at-11.22.35-250x300.jpeg 250w\" sizes=\"auto, (max-width: 333px) 100vw, 333px\" \/><\/a><\/figure>\n\n\n\n<figure class=\"wp-block-image size-full\"><a href=\"https:\/\/enolife.com.ar\/es\/wp-content\/uploads\/2025\/04\/WhatsApp-Image-2025-04-03-at-11.23.10.jpeg\" data-rel=\"penci-gallery-image-content\" ><img loading=\"lazy\" decoding=\"async\" width=\"467\" height=\"387\" data-id=\"142502\" src=\"https:\/\/enolife.com.ar\/es\/wp-content\/uploads\/2025\/04\/WhatsApp-Image-2025-04-03-at-11.23.10.jpeg\" alt=\"\" class=\"wp-image-142502\" srcset=\"https:\/\/enolife.com.ar\/es\/wp-content\/uploads\/2025\/04\/WhatsApp-Image-2025-04-03-at-11.23.10.jpeg 467w, https:\/\/enolife.com.ar\/es\/wp-content\/uploads\/2025\/04\/WhatsApp-Image-2025-04-03-at-11.23.10-300x249.jpeg 300w\" sizes=\"auto, (max-width: 467px) 100vw, 467px\" \/><\/a><\/figure>\n\n\n\n<figure class=\"wp-block-image size-full\"><a href=\"https:\/\/enolife.com.ar\/es\/wp-content\/uploads\/2025\/04\/WhatsApp-Image-2025-04-03-at-11.23.11.jpeg\" data-rel=\"penci-gallery-image-content\" ><img loading=\"lazy\" decoding=\"async\" width=\"477\" height=\"367\" data-id=\"142503\" src=\"https:\/\/enolife.com.ar\/es\/wp-content\/uploads\/2025\/04\/WhatsApp-Image-2025-04-03-at-11.23.11.jpeg\" alt=\"\" class=\"wp-image-142503\" srcset=\"https:\/\/enolife.com.ar\/es\/wp-content\/uploads\/2025\/04\/WhatsApp-Image-2025-04-03-at-11.23.11.jpeg 477w, https:\/\/enolife.com.ar\/es\/wp-content\/uploads\/2025\/04\/WhatsApp-Image-2025-04-03-at-11.23.11-300x231.jpeg 300w\" sizes=\"auto, (max-width: 477px) 100vw, 477px\" \/><\/a><\/figure>\n<\/figure>\n\n\n\n<div style=\"height:35px\" aria-hidden=\"true\" class=\"wp-block-spacer\"><\/div>\n\n\n\n<p class=\"has-medium-font-size\"><strong>Una c\u00e1lida recepci\u00f3n y homenaje<\/strong><\/p>\n\n\n\n<p>El encuentro fue abierto por las c\u00e1lidas palabras de bienvenida a cargo de <strong>Julia Zuccardi<\/strong>, nieta de Emma la fundadora; <strong>Jos\u00e9 \u00abPepe\u00bb Zuccardi<\/strong>, hijo de Emma y CEO de la empresa familiar; y <strong>Pupi Ag\u00fcero<\/strong>, gestora cultural y curadora de las muestras en la Cava. Pupi expres\u00f3 un sentido recuerdo de Egar Murillo, artista de reconocida trayectoria y habitual participante de la Cosecha de Artistas, cuya ausencia dej\u00f3 una huella imborrable en esta edici\u00f3n y seguramente estar\u00e1 presente con su impronta espiritual en las pr\u00f3ximas Cosechas.<\/p>\n\n\n\n<p>Para Julia, este encuentro ha sido especialmente significativo, ya que fue una iniciativa de su abuela Emma hace 20 a\u00f1os, y con cada nueva edici\u00f3n se refuerza su esp\u00edritu original.<\/p>\n\n\n\n<p>Luego de la cosecha, los artistas e invitados recorrieron las nuevas instalaciones de la bodega con la gu\u00eda de Pepe, para finalmente cerrar la jornada con un almuerzo, celebrando as\u00ed el arte, el trabajo y el esfuerzo compartido.<\/p>\n\n\n\n<p>Culmin\u00f3 as\u00ed un abrazo integrador entre la familia Zuccardi, los artistas visuales invitados y la cultura vitivin\u00edcola, que transfigurar\u00e1 en una producci\u00f3n creativa que todos los mendocinos podr\u00e1n ver en la Cava de Arte de Santa Julia a partir de fines de mayo o comienzos de junio, cuando los creadores hagan su devoluci\u00f3n en forma de pinturas, grabados y esculturas. Cabe recordar que en 2024 la Cosecha de Artistas se realiz\u00f3 en el olivar de la casa, sumando otra tarea cultural productiva, la olivicultura, como motivo de inspiraci\u00f3n. <\/p>\n\n\n\n<div style=\"height:38px\" aria-hidden=\"true\" class=\"wp-block-spacer\"><\/div>\n\n\n\n<figure class=\"wp-block-embed is-type-video is-provider-youtube wp-block-embed-youtube wp-embed-aspect-16-9 wp-has-aspect-ratio\"><div class=\"wp-block-embed__wrapper\">\n<iframe loading=\"lazy\" title=\"COSECHA DE ARTISTAS 2025 - BODEGA ZUCCARDI\" width=\"1170\" height=\"658\" src=\"https:\/\/www.youtube.com\/embed\/sCUmaqHEREc?feature=oembed\" frameborder=\"0\" allow=\"accelerometer; autoplay; clipboard-write; encrypted-media; gyroscope; picture-in-picture; web-share\" referrerpolicy=\"strict-origin-when-cross-origin\" allowfullscreen><\/iframe>\n<\/div><\/figure>\n\n\n\n<div style=\"height:42px\" aria-hidden=\"true\" class=\"wp-block-spacer\"><\/div>\n\n\n\n<p class=\"has-background has-medium-font-size\" style=\"background-color:#cebdde61\"><strong>Los artistas visuales cosechadores<\/strong><\/p>\n\n\n\n<p class=\"has-background\" style=\"background-color:#cabad969\">Antonio Sarelli, Ofelia Santos, Rub\u00e9n Fredes, Andr\u00e9s Casciani, Alejandra Civit, Magdalena Benegas, Daniel Bernal, Juan Castillo, Marta Day, Paula Dreidemie, Carlos Escoriza, Raquel Fluix\u00e1, Esteban Grimi, Valeria Guarnieri, Fernando Jereb, Paula Lavoisier, Enrique Manzano, Ver\u00f3nica Ohanian, Emiliano Pierro, Guillermo Rigattieri, Bernardo Rodr\u00edguez, Juan Pablo Santucci, Rebeca Sarelli, Fernando Sep\u00falveda, Ana Simionatto, Marcelo Von der Heyder, Elsa Leguizam\u00f3n, Viv\u00edan Magis, Lorena Ordovini, Lenka Bajda, Lili Fiallo, Ana In\u00e9s Ferraresi, Mar\u00eda del Carmen Ram\u00edrez, Bel\u00e9n Aparicio, Sof\u00eda Nogaro, Daniel Ciancio, Ariel Toba, Mariana Corominola, Cecilia Scheider, Olga Grosej, Guille D&#8217;Anna, Ofelia Santos y Germ\u00e1n \u00c1lvarez.<\/p>\n\n\n\n<div style=\"height:32px\" aria-hidden=\"true\" class=\"wp-block-spacer\"><\/div>\n","protected":false},"excerpt":{"rendered":"<p>Como cada a\u00f1o para esta \u00e9poca de fines de vendimia, la Familia Zuccardi, propietaria de&hellip;<\/p>\n","protected":false},"author":2,"featured_media":142510,"comment_status":"open","ping_status":"open","sticky":false,"template":"","format":"standard","meta":{"footnotes":""},"categories":[11],"tags":[],"class_list":["post-142455","post","type-post","status-publish","format-standard","has-post-thumbnail","hentry","category-enoturismo"],"_links":{"self":[{"href":"https:\/\/enolife.com.ar\/es\/wp-json\/wp\/v2\/posts\/142455","targetHints":{"allow":["GET"]}}],"collection":[{"href":"https:\/\/enolife.com.ar\/es\/wp-json\/wp\/v2\/posts"}],"about":[{"href":"https:\/\/enolife.com.ar\/es\/wp-json\/wp\/v2\/types\/post"}],"author":[{"embeddable":true,"href":"https:\/\/enolife.com.ar\/es\/wp-json\/wp\/v2\/users\/2"}],"replies":[{"embeddable":true,"href":"https:\/\/enolife.com.ar\/es\/wp-json\/wp\/v2\/comments?post=142455"}],"version-history":[{"count":0,"href":"https:\/\/enolife.com.ar\/es\/wp-json\/wp\/v2\/posts\/142455\/revisions"}],"wp:featuredmedia":[{"embeddable":true,"href":"https:\/\/enolife.com.ar\/es\/wp-json\/wp\/v2\/media\/142510"}],"wp:attachment":[{"href":"https:\/\/enolife.com.ar\/es\/wp-json\/wp\/v2\/media?parent=142455"}],"wp:term":[{"taxonomy":"category","embeddable":true,"href":"https:\/\/enolife.com.ar\/es\/wp-json\/wp\/v2\/categories?post=142455"},{"taxonomy":"post_tag","embeddable":true,"href":"https:\/\/enolife.com.ar\/es\/wp-json\/wp\/v2\/tags?post=142455"}],"curies":[{"name":"wp","href":"https:\/\/api.w.org\/{rel}","templated":true}]}}