{"id":142337,"date":"2025-04-02T16:42:20","date_gmt":"2025-04-02T16:42:20","guid":{"rendered":"https:\/\/enolife.com.ar\/es\/?p=142337"},"modified":"2025-04-03T15:07:49","modified_gmt":"2025-04-03T15:07:49","slug":"para-elegir-y-disfrutar-los-40-grupos-y-solistas-que-tocaran-musica-clasica-por-los-caminos-del-vino","status":"publish","type":"post","link":"https:\/\/enolife.com.ar\/es\/para-elegir-y-disfrutar-los-40-grupos-y-solistas-que-tocaran-musica-clasica-por-los-caminos-del-vino\/","title":{"rendered":"Para elegir y disfrutar: los 40 grupos y solistas que tocar\u00e1n M\u00fasica Cl\u00e1sica por los Caminos del Vino"},"content":{"rendered":"\n<h4 class=\"wp-block-heading\"><em><strong>Tras un mes de escuchar grabaciones, considerar antecedentes y evaluar performances, los 5 jurados id\u00f3neos designados por el Gobierno de Mendoza seleccionaron a los 40 int\u00e9rpretes solistas y ensambles orquestales que actuar\u00e1n en otros tantos conciertos entre vi\u00f1as, bodegas, parques, plazas, iglesias y sitios patrimoniales del Festival que cada a\u00f1o atrae a miles de vecinos y turistas.<\/strong><\/em><\/h4>\n\n\n\n<div style=\"height:35px\" aria-hidden=\"true\" class=\"wp-block-spacer\"><\/div>\n\n\n\n\n\n<div style=\"height:45px\" aria-hidden=\"true\" class=\"wp-block-spacer\"><\/div>\n\n\n\n<p>Hasta el viernes 28 de marzo se recibieron propuestas para uno de los festivales m\u00e1s importantes de la provincia, que se desarrollar\u00e1 del 12 al 20 de abril.<\/p>\n\n\n\n<p>Tras el cierre de la convocatoria, el jurado compuesto por <strong>Carlos Fernando L\u00f3pez<\/strong>, en representaci\u00f3n de la Subsecretar\u00eda de Cultura; <strong>Zaharay Ortega<\/strong>, en representaci\u00f3n de la Asociaci\u00f3n M\u00fasicos de Cuyo; <strong>Johana Elisa Choque<\/strong>, en representaci\u00f3n del <strong>Movimiento Independiente de M\u00fasicos Mendocinos<\/strong>; <strong>Jer\u00f3nimo Mach\u00edn<\/strong>, docente y m\u00fasico de instituciones de Mendoza; <strong>Juan Pablo P\u00e1ez<\/strong>, m\u00fasico y gestor cultural de Mendoza, eligi\u00f3 40 propuestas para diversos espacios de toda la provincia.<\/p>\n\n\n\n<div style=\"height:35px\" aria-hidden=\"true\" class=\"wp-block-spacer\"><\/div>\n\n\n\n<p class=\"has-medium-font-size\"><strong>Los seleccionados<\/strong><\/p>\n\n\n\n<ol class=\"wp-block-list\">\n<li>Vocal 1500: Ordo Virtutum, drama sacro.<\/li>\n\n\n\n<li>Leandro Quiroga &amp; Ramiro Galigniana, d\u00fao de viol\u00edn y piano.<\/li>\n\n\n\n<li>Vientos del Plata: La C\u00e1mara del Rey Luis.<\/li>\n\n\n\n<li>Octeto Esloveno de Mendoza: La m\u00fasica y el vino.<\/li>\n\n\n\n<li>D\u00fao Scattolini-Richter, viol\u00edn y piano: m\u00fasica argentina para viol\u00edn y piano.<\/li>\n\n\n\n<li>D\u00fao del Sur: Leandro Riolobo y Juan Gered\u00fas, guitarra y violoncello.<\/li>\n\n\n\n<li>Nova Cello Ensamble: Una caricia al alma.<\/li>\n\n\n\n<li>Pablo Guerra, guitarra solista: Sudam\u00e9rica contempor\u00e1nea.<\/li>\n\n\n\n<li>Otras Vibras.<\/li>\n\n\n\n<li>Cuarteto de Guitarras Ecos.<\/li>\n\n\n\n<li>Ant\u00fc cuarteto de flautas.<\/li>\n\n\n\n<li>Cant\u00e1bile D\u00fao, flauta y guitarra.<\/li>\n\n\n\n<li>D\u00fao Fac\u00f3 \u2013 Di Marco. \u201cUn Automne Parisien\u201d: sonatas francesas para violoncello y piano, de finales del siglo XIX y comienzos del XX.<\/li>\n\n\n\n<li>Ensamble Da Capo, cuarteto de saxofones.<\/li>\n\n\n\n<li>Bel Suono, Ensamble L\u00edrico.<\/li>\n\n\n\n<li>Cuarteto Matices: Paisajes sonoros del Barroco.<\/li>\n\n\n\n<li>Concierto de piano solista: Ignacio Figueroa Fern\u00e1ndez.<\/li>\n\n\n\n<li>Tr\u00edo Bordeaux: Am\u00e9rica suena.<\/li>\n\n\n\n<li>Concierto de piano de Alejandra Saez: Vanguardias en blanco y negro.<\/li>\n\n\n\n<li>D\u00fao Mano a Mano, Federico Tomba y Adri\u00e1n Bassi.<\/li>\n\n\n\n<li>Tr\u00edptico Ensamble, tr\u00edo de trombones.<\/li>\n\n\n\n<li>Cuarteto Ludwig: De Bach a Ginastera.<\/li>\n\n\n\n<li>Zeffiro vientos antiguos: Vientos del Barroco alem\u00e1n.<\/li>\n\n\n\n<li>Cuarteto Ecos.<\/li>\n\n\n\n<li>Passeri.<\/li>\n\n\n\n<li>D\u00fao Cancino-Cutuli, flauta y piano.<\/li>\n\n\n\n<li>D\u00fao Burastero-Garc\u00eda, flauta y guitarra.<\/li>\n\n\n\n<li>D\u00fao Allegretto: Mariam y Carolina Speziale, clarinete y violoncello.<\/li>\n\n\n\n<li>Louet-Masetti, canto y piano: El ruise\u00f1or y la rosa.<\/li>\n\n\n\n<li>Tr\u00edo Ganem-Lopez Mac Kenzie-Almada: M\u00fasica para flauta, viola y guitarra.<\/li>\n\n\n\n<li>El C\u00edrculo Arm\u00f3nico: El Legado de Corelli.<\/li>\n\n\n\n<li>D\u00fao Torrej\u00f3n-Calvo, guitarra y violoncello.<\/li>\n\n\n\n<li>Coro Amicana: Voces de vino y muerte.<\/li>\n\n\n\n<li>Laurino-Vieri, clarinetes y piano.<\/li>\n\n\n\n<li>Coral Bonarda: Celebraci\u00f3n.<\/li>\n\n\n\n<li>Franco Martino, piano solista.<\/li>\n\n\n\n<li>D\u00fao Cer\u00fasico: Viaje musical por Francia.<\/li>\n\n\n\n<li>Las Solistas de los Andes.<\/li>\n\n\n\n<li>Francisco Alonso: concierto de guitarra cl\u00e1sica latinoamericana.<\/li>\n\n\n\n<li>Leandro Quiroga: M\u00fasica argentina para guitarra, de Yupanqui a Piazzolla.<\/li>\n<\/ol>\n\n\n\n<div style=\"height:30px\" aria-hidden=\"true\" class=\"wp-block-spacer\"><\/div>\n","protected":false},"excerpt":{"rendered":"<p>Tras un mes de escuchar grabaciones, considerar antecedentes y evaluar performances, los 5 jurados id\u00f3neos&hellip;<\/p>\n","protected":false},"author":2,"featured_media":142426,"comment_status":"open","ping_status":"open","sticky":false,"template":"","format":"standard","meta":{"footnotes":""},"categories":[11],"tags":[],"class_list":["post-142337","post","type-post","status-publish","format-standard","has-post-thumbnail","hentry","category-enoturismo"],"_links":{"self":[{"href":"https:\/\/enolife.com.ar\/es\/wp-json\/wp\/v2\/posts\/142337","targetHints":{"allow":["GET"]}}],"collection":[{"href":"https:\/\/enolife.com.ar\/es\/wp-json\/wp\/v2\/posts"}],"about":[{"href":"https:\/\/enolife.com.ar\/es\/wp-json\/wp\/v2\/types\/post"}],"author":[{"embeddable":true,"href":"https:\/\/enolife.com.ar\/es\/wp-json\/wp\/v2\/users\/2"}],"replies":[{"embeddable":true,"href":"https:\/\/enolife.com.ar\/es\/wp-json\/wp\/v2\/comments?post=142337"}],"version-history":[{"count":0,"href":"https:\/\/enolife.com.ar\/es\/wp-json\/wp\/v2\/posts\/142337\/revisions"}],"wp:featuredmedia":[{"embeddable":true,"href":"https:\/\/enolife.com.ar\/es\/wp-json\/wp\/v2\/media\/142426"}],"wp:attachment":[{"href":"https:\/\/enolife.com.ar\/es\/wp-json\/wp\/v2\/media?parent=142337"}],"wp:term":[{"taxonomy":"category","embeddable":true,"href":"https:\/\/enolife.com.ar\/es\/wp-json\/wp\/v2\/categories?post=142337"},{"taxonomy":"post_tag","embeddable":true,"href":"https:\/\/enolife.com.ar\/es\/wp-json\/wp\/v2\/tags?post=142337"}],"curies":[{"name":"wp","href":"https:\/\/api.w.org\/{rel}","templated":true}]}}