{"id":14228,"date":"2020-06-09T18:11:01","date_gmt":"2020-06-09T18:11:01","guid":{"rendered":"http:\/\/enolife.com.ar\/es\/?p=14228"},"modified":"2020-06-12T22:59:09","modified_gmt":"2020-06-12T22:59:09","slug":"una-tonada-para-cantar-el-trabajo-de-todo-un-ano-en-las-vinas","status":"publish","type":"post","link":"https:\/\/enolife.com.ar\/es\/una-tonada-para-cantar-el-trabajo-de-todo-un-ano-en-las-vinas\/","title":{"rendered":"Una tonada para cantar el trabajo de todo un a\u00f1o en las vi\u00f1as"},"content":{"rendered":"\n<h4 class=\"wp-block-heading\"><em><strong>A lo largo del a\u00f1o, mes a mes, el ingeniero agr\u00f3nomo y escritor Crist\u00f3bal \u00abCoco\u00bb Sola nos ha ido convidando sus postales sobre cada rinc\u00f3n de la Mendoza vi\u00f1atera, las que pronto se podr\u00e1n disfrutar reunidas en un libro. Como cierre del ciclo de la cosecha, con el inicio del reposo invernal -el Aimoray quechua-, hoy el poeta nos regala una tonada, con m\u00fasica de Pablo Di Nardo. Los aros y cogollos corren por cuenta del lector.<\/strong><\/em><\/h4>\n\n\n\n<div style=\"height:20px\" aria-hidden=\"true\" class=\"wp-block-spacer\"><\/div>\n\n\n\n<p class=\"has-medium-font-size\"><strong>En las vi\u00f1as<\/strong><br><br>(<em>Tonada con letra de Crist\u00f3bal Sola y m\u00fasica de Pablo Di Nardo)<\/em><\/p>\n\n\n\n<div style=\"height:20px\" aria-hidden=\"true\" class=\"wp-block-spacer\"><\/div>\n\n\n\n<figure class=\"wp-block-embed-youtube wp-block-embed is-type-video is-provider-youtube wp-embed-aspect-4-3 wp-has-aspect-ratio\"><div class=\"wp-block-embed__wrapper\">\n<iframe loading=\"lazy\" title=\"En Las Vi\u00f1as\" width=\"1170\" height=\"878\" src=\"https:\/\/www.youtube.com\/embed\/XfG3Q3Z3W_Y?feature=oembed\" frameborder=\"0\" allow=\"accelerometer; autoplay; encrypted-media; gyroscope; picture-in-picture\" allowfullscreen><\/iframe>\n<\/div><\/figure>\n\n\n\n<div style=\"height:20px\" aria-hidden=\"true\" class=\"wp-block-spacer\"><\/div>\n\n\n\n<p class=\"has-background has-medium-font-size has-very-light-gray-background-color\"><strong>Letra<\/strong><\/p>\n\n\n\n<div style=\"height:20px\" aria-hidden=\"true\" class=\"wp-block-spacer\"><\/div>\n\n\n\n<p class=\"has-medium-font-size\">He recorrido a lo largo del a\u00f1o estas vi\u00f1as entra\u00f1ables,<br><br>con Zondas ardientes y melancol\u00eda<\/p>\n\n\n\n<p class=\"has-medium-font-size\">de apacibles atardeceres.<\/p>\n\n\n\n<div style=\"height:55px\" aria-hidden=\"true\" class=\"wp-block-spacer\"><\/div>\n\n\n\n<p class=\"has-medium-font-size\">He recorrido el espacio que va<br><br>de una piedra a su vecina<br><br>como si fuera infinito.<\/p>\n\n\n\n<div style=\"height:55px\" aria-hidden=\"true\" class=\"wp-block-spacer\"><\/div>\n\n\n\n<p class=\"has-medium-font-size\">En las vi\u00f1as he encontrado<br><br>el aire fresco que las abanica por las ma\u00f1anas,<br><br>el agua entrando al surco, las yemas brotando,<br><br>los racimos maduros ofreci\u00e9ndose,<br><br>las hojas oto\u00f1adas, perdi\u00e9ndose.&nbsp;<\/p>\n\n\n\n<div style=\"height:55px\" aria-hidden=\"true\" class=\"wp-block-spacer\"><\/div>\n\n\n\n<p class=\"has-medium-font-size\">He encontrado el movimiento de lo eterno.<br><br>He reconocido sus vinos,<br><br>las manos que han podado las cepas,<br><br>las que han cosechado las uvas,<br><br>las que han servido la copa.<\/p>\n\n\n\n<div style=\"height:55px\" aria-hidden=\"true\" class=\"wp-block-spacer\"><\/div>\n\n\n\n<p class=\"has-medium-font-size\">He reconocido el sabor de lo querible.<\/p>\n\n\n\n<div style=\"height:55px\" aria-hidden=\"true\" class=\"wp-block-spacer\"><\/div>\n\n\n\n<p class=\"has-medium-font-size\"><em>&nbsp;&nbsp;(Estribillo)<\/em><\/p>\n\n\n\n<div style=\"height:55px\" aria-hidden=\"true\" class=\"wp-block-spacer\"><\/div>\n\n\n\n<p class=\"has-medium-font-size\">Se repetir\u00e1 el milagro,<br><br>una y otra vez hasta terminar la botella,<br><br>una y otra vez hasta terminar<br><br>botella por botella con la cosecha del a\u00f1o.<br><br>Una y otra vez, cosecha a cosecha,<br><br>hasta terminar con el tiempo.<br><br>No antes se terminar\u00e1 de repetir el milagro.<\/p>\n\n\n\n<div style=\"height:55px\" aria-hidden=\"true\" class=\"wp-block-spacer\"><\/div>\n","protected":false},"excerpt":{"rendered":"<p>A lo largo del a\u00f1o, mes a mes, el ingeniero agr\u00f3nomo y escritor Crist\u00f3bal \u00abCoco\u00bb&hellip;<\/p>\n","protected":false},"author":3,"featured_media":14261,"comment_status":"open","ping_status":"open","sticky":false,"template":"","format":"standard","meta":{"footnotes":""},"categories":[34],"tags":[],"class_list":["post-14228","post","type-post","status-publish","format-standard","has-post-thumbnail","hentry","category-cultura1"],"_links":{"self":[{"href":"https:\/\/enolife.com.ar\/es\/wp-json\/wp\/v2\/posts\/14228","targetHints":{"allow":["GET"]}}],"collection":[{"href":"https:\/\/enolife.com.ar\/es\/wp-json\/wp\/v2\/posts"}],"about":[{"href":"https:\/\/enolife.com.ar\/es\/wp-json\/wp\/v2\/types\/post"}],"author":[{"embeddable":true,"href":"https:\/\/enolife.com.ar\/es\/wp-json\/wp\/v2\/users\/3"}],"replies":[{"embeddable":true,"href":"https:\/\/enolife.com.ar\/es\/wp-json\/wp\/v2\/comments?post=14228"}],"version-history":[{"count":0,"href":"https:\/\/enolife.com.ar\/es\/wp-json\/wp\/v2\/posts\/14228\/revisions"}],"wp:featuredmedia":[{"embeddable":true,"href":"https:\/\/enolife.com.ar\/es\/wp-json\/wp\/v2\/media\/14261"}],"wp:attachment":[{"href":"https:\/\/enolife.com.ar\/es\/wp-json\/wp\/v2\/media?parent=14228"}],"wp:term":[{"taxonomy":"category","embeddable":true,"href":"https:\/\/enolife.com.ar\/es\/wp-json\/wp\/v2\/categories?post=14228"},{"taxonomy":"post_tag","embeddable":true,"href":"https:\/\/enolife.com.ar\/es\/wp-json\/wp\/v2\/tags?post=14228"}],"curies":[{"name":"wp","href":"https:\/\/api.w.org\/{rel}","templated":true}]}}