{"id":142258,"date":"2025-04-01T17:04:18","date_gmt":"2025-04-01T17:04:18","guid":{"rendered":"https:\/\/enolife.com.ar\/es\/?p=142258"},"modified":"2025-04-02T17:34:04","modified_gmt":"2025-04-02T17:34:04","slug":"wofa-promociona-el-malbec-en-su-mes-con-eventos-en-los-principales-destinos-de-exportacion","status":"publish","type":"post","link":"https:\/\/enolife.com.ar\/es\/wofa-promociona-el-malbec-en-su-mes-con-eventos-en-los-principales-destinos-de-exportacion\/","title":{"rendered":"Wofa promociona el Malbec en su mes con eventos en los principales destinos de exportaci\u00f3n"},"content":{"rendered":"\n<h4 class=\"wp-block-heading\"><em><strong>El pr\u00f3ximo 17 de abril est\u00e1 instaurado desde 2011 como el D\u00eda Mundial del Malbec. Por ello, a lo largo de todo este mes de celebraci\u00f3n de la variedad emblem\u00e1tica de Mendoza y Argentina, Wines of Argentina -WofA, la entidad encargada de impulsar la marca Vino Argentino en el mundo- ha organizado una campa\u00f1a global de difusi\u00f3n que tendr\u00e1 centro en ciudades de EEUU, Brasil, Canad\u00e1, Gran Breta\u00f1a, M\u00e9xico, Per\u00fa y China. Ser\u00e1n 25 eventos como catas, clases magistrales, reuniones de negocios, c\u00f3cteles y otras puestas en escena del varietal, con apoyo de las representaciones diplom\u00e1ticas argentinas en cada lugar. El lema de los festejos, cuyos detalles se podr\u00e1n conocer en las redes sociales de WofA, es \u00abYour Malbec, compartilo como quieras\u00bb.<\/strong><\/em><\/h4>\n\n\n\n<div style=\"height:35px\" aria-hidden=\"true\" class=\"wp-block-spacer\"><\/div>\n\n\n<a href=\"https:\/\/www.instagram.com\/agroconciencia_\" aria-label=\"BANNER AGROCONCIENCIA 1700X500\"><img loading=\"lazy\" decoding=\"async\" src=\"https:\/\/enolife.com.ar\/es\/wp-content\/uploads\/2019\/07\/BANNER-AGROCONCIENCIA-1700X500-1.jpg\" alt=\"\"  srcset=\"https:\/\/enolife.com.ar\/es\/wp-content\/uploads\/2019\/07\/BANNER-AGROCONCIENCIA-1700X500-1.jpg 1700w, https:\/\/enolife.com.ar\/es\/wp-content\/uploads\/2019\/07\/BANNER-AGROCONCIENCIA-1700X500-1-300x88.jpg 300w, https:\/\/enolife.com.ar\/es\/wp-content\/uploads\/2019\/07\/BANNER-AGROCONCIENCIA-1700X500-1-1024x301.jpg 1024w, https:\/\/enolife.com.ar\/es\/wp-content\/uploads\/2019\/07\/BANNER-AGROCONCIENCIA-1700X500-1-768x226.jpg 768w, https:\/\/enolife.com.ar\/es\/wp-content\/uploads\/2019\/07\/BANNER-AGROCONCIENCIA-1700X500-1-1536x452.jpg 1536w, https:\/\/enolife.com.ar\/es\/wp-content\/uploads\/2019\/07\/BANNER-AGROCONCIENCIA-1700X500-1-1170x344.jpg 1170w, https:\/\/enolife.com.ar\/es\/wp-content\/uploads\/2019\/07\/BANNER-AGROCONCIENCIA-1700X500-1-585x172.jpg 585w\" sizes=\"auto, (max-width: 1700px) 100vw, 1700px\" width=\"1700\" height=\"500\"   \/><\/a>\n\n\n<div style=\"height:45px\" aria-hidden=\"true\" class=\"wp-block-spacer\"><\/div>\n\n\n\n<p>El calendario de acciones previstas por <strong>Wines of Argentina (WofA)<\/strong> incluye 25 eventos oficiales en los principales destinos de exportaci\u00f3n para el&nbsp;<strong>vino argentino<\/strong> en general y el <strong>Malbec <\/strong>en particular. El abanico de festejos abarca desde degustaciones para consumidores, hasta&nbsp;<em>masterclasses&nbsp;<\/em>especializadas y&nbsp;<em>walk-around tastings<\/em>&nbsp;para representantes del&nbsp;<em>trade<\/em>, l\u00edderes de opini\u00f3n, prensa e influencers. <\/p>\n\n\n\n<p>Estas acciones se suman a una serie de activaciones <em>online<\/em> y campa\u00f1as de <em>m\u00e1rketing<\/em> digital para ampliar la llegada a m\u00e1s consumidores. La apuesta en <strong>Estados Unidos <\/strong>se centrar\u00e1 en promociones digitales con diferentes&nbsp;<em>retailers,&nbsp;<\/em>entre ellos&nbsp;<strong>Binny&#8217;s&nbsp;y&nbsp;Gary&#8217;s Wine &amp; Marketplace,<\/strong><em>&nbsp;<\/em>que involucran adem\u00e1s seminarios y&nbsp;<em>trainings&nbsp;<\/em>para su personal de atenci\u00f3n, as\u00ed como degustaciones f\u00edsicas en tiendas. <\/p>\n\n\n\n<p>Asimismo, se desarrollar\u00e1n eventos en las ciudades estadounidenses de <strong>Nueva York, Washington DC, Los \u00c1ngeles, Houston <\/strong>y<strong> Atlanta<\/strong>, con el apoyo de las representaciones diplom\u00e1ticas argentinas. <\/p>\n\n\n\n<p>Por su parte, en <strong>Brasil<\/strong>, segundo mercado en importancia para el Malbec, las celebraciones estar\u00e1n focalizadas en las ciudades de <strong>San Pablo, Brasilia, Belo Horizonte, Salvador de Bah\u00eda, Recife <\/strong>y <strong>R\u00edo de Janeiro<\/strong>. La agenda de actividades tambi\u00e9n contempla activaciones por el<strong> Malbec World Day (MWD)<\/strong> en <strong>Canad\u00e1, Gran Breta\u00f1a, M\u00e9xico, Per\u00fa <\/strong>y<strong> China<\/strong>. Las celebraciones por el MWD ya est\u00e1n en marcha y podr\u00e1n seguirse durante todo el mes de abril en redes sociales mediante los hashtags &nbsp;<strong>#MalbecWorldDay<\/strong> &nbsp;y <strong>#YourMalbec<\/strong>. <\/p>\n\n\n\n<div style=\"height:20px\" aria-hidden=\"true\" class=\"wp-block-spacer\"><\/div>\n\n\n\n<p class=\"has-medium-font-size\"><strong>Un varietal cotizado en el mundo<\/strong><\/p>\n\n\n\n<p>Creado por WofA el 17 de abril del 2011, el <strong>D\u00eda Mundial del Malbec <\/strong>mantiene firme su objetivo de reforzar el posicionamiento del Malbec como varietal \u00edcono de Argentina y motorizar las ventas en los mercados clave para el producto nacional, que en 2024 alcanz\u00f3 los <strong>U$S 429,75 millones (FOB)<\/strong> exportados, seg\u00fan datos del <strong>Instituto Nacional de Vitivinicultura (INV).<\/strong><\/p>\n\n\n\n<p>A\u00f1os de innovaci\u00f3n e investigaci\u00f3n han impulsado una nueva era de malbecs elegantes, refinados y sutiles. Cada expresi\u00f3n de malbec es diversa, lo que hace que sea a la vez \u00fanico y m\u00faltiple: \u00fanico en su categor\u00eda y m\u00faltiple en sus expresiones. Parte de la evoluci\u00f3n del malbec tambi\u00e9n involucra su uso en varios de los mejores blends argentinos, cuya excelencia los ha convertido en nuevos \u00edconos de la vitivinicultura argentina, y en la preparaci\u00f3n de c\u00f3cteles y vermuts, en l\u00ednea con las tendencias de consumo de generaciones m\u00e1s j\u00f3venes que buscan opciones creativas y refrescantes.<\/p>\n\n\n<div class=\"wp-block-image\">\n<figure class=\"alignleft size-full is-resized\"><a href=\"https:\/\/enolife.com.ar\/es\/wp-content\/uploads\/2025\/03\/Foto-Your-Malbec.jpg\" data-rel=\"penci-gallery-image-content\" ><img loading=\"lazy\" decoding=\"async\" src=\"https:\/\/enolife.com.ar\/es\/wp-content\/uploads\/2025\/03\/Foto-Your-Malbec.jpg\" alt=\"\" class=\"wp-image-142261\" width=\"360\" height=\"245\" srcset=\"https:\/\/enolife.com.ar\/es\/wp-content\/uploads\/2025\/03\/Foto-Your-Malbec.jpg 736w, https:\/\/enolife.com.ar\/es\/wp-content\/uploads\/2025\/03\/Foto-Your-Malbec-300x204.jpg 300w, https:\/\/enolife.com.ar\/es\/wp-content\/uploads\/2025\/03\/Foto-Your-Malbec-585x397.jpg 585w\" sizes=\"auto, (max-width: 360px) 100vw, 360px\" \/><\/a><\/figure><\/div>\n\n\n<p>Manteniendo el esp\u00edritu de las celebraciones anteriores, esta edici\u00f3n busca seguir resaltando la diversidad del <strong>Malbec Argentino<\/strong> para satisfacer los gustos diversos de consumidores tambi\u00e9n diversos y en constante cambio.&nbsp;<strong><em>\u00abYour Malbec\u00bb<\/em><\/strong>, el lema de este a\u00f1o, pone el foco en las preferencias, deseos y motivaciones de las personas a la hora de consumir Malbec Argentino, y la diversidad de formas en que lo disfrutan.<\/p>\n\n\n\n<p>Al respecto, <strong>Alejandro vigil,<\/strong> presidente de Wofa, expres\u00f3: <em>\u00abEl Malbec World Day marc\u00f3 un hito en la promoci\u00f3n del vino argentino a nivel mundial y, despu\u00e9s de 15 a\u00f1os, nos llena de orgullo que la campa\u00f1a se haya posicionado con solidez en la agenda internacional y nacional. Es una fecha esperada por retailers, prensa, consumidores y, por supuesto, por nuestras bodegas. Es una instancia para que el mundo hable de Argentina, de la calidad de nuestros vinos, la diversidad de nuestros terroirs y para mostrar la evoluci\u00f3n de un varietal que cada a\u00f1o se reinventa y sigue sorprendiendo. Y esa es la magia del malbec<\/em>\u00ab.<\/p>\n\n\n\n<div style=\"height:35px\" aria-hidden=\"true\" class=\"wp-block-spacer\"><\/div>\n\n\n\n<p class=\"has-background\" style=\"background-color:#abb7c24f\"><strong>M\u00e1s informaci\u00f3n en el sitio oficial&nbsp;<a rel=\"noreferrer noopener\" href=\"https:\/\/malbecworldday.com\/\" target=\"_blank\">https:\/\/malbecworldday.com\/<\/a>.<\/strong><\/p>\n\n\n\n<div style=\"height:30px\" aria-hidden=\"true\" class=\"wp-block-spacer\"><\/div>\n","protected":false},"excerpt":{"rendered":"<p>El pr\u00f3ximo 17 de abril est\u00e1 instaurado desde 2011 como el D\u00eda Mundial del Malbec.&hellip;<\/p>\n","protected":false},"author":2,"featured_media":142265,"comment_status":"open","ping_status":"open","sticky":false,"template":"","format":"standard","meta":{"footnotes":""},"categories":[47],"tags":[],"class_list":["post-142258","post","type-post","status-publish","format-standard","has-post-thumbnail","hentry","category-agenda"],"_links":{"self":[{"href":"https:\/\/enolife.com.ar\/es\/wp-json\/wp\/v2\/posts\/142258","targetHints":{"allow":["GET"]}}],"collection":[{"href":"https:\/\/enolife.com.ar\/es\/wp-json\/wp\/v2\/posts"}],"about":[{"href":"https:\/\/enolife.com.ar\/es\/wp-json\/wp\/v2\/types\/post"}],"author":[{"embeddable":true,"href":"https:\/\/enolife.com.ar\/es\/wp-json\/wp\/v2\/users\/2"}],"replies":[{"embeddable":true,"href":"https:\/\/enolife.com.ar\/es\/wp-json\/wp\/v2\/comments?post=142258"}],"version-history":[{"count":0,"href":"https:\/\/enolife.com.ar\/es\/wp-json\/wp\/v2\/posts\/142258\/revisions"}],"wp:featuredmedia":[{"embeddable":true,"href":"https:\/\/enolife.com.ar\/es\/wp-json\/wp\/v2\/media\/142265"}],"wp:attachment":[{"href":"https:\/\/enolife.com.ar\/es\/wp-json\/wp\/v2\/media?parent=142258"}],"wp:term":[{"taxonomy":"category","embeddable":true,"href":"https:\/\/enolife.com.ar\/es\/wp-json\/wp\/v2\/categories?post=142258"},{"taxonomy":"post_tag","embeddable":true,"href":"https:\/\/enolife.com.ar\/es\/wp-json\/wp\/v2\/tags?post=142258"}],"curies":[{"name":"wp","href":"https:\/\/api.w.org\/{rel}","templated":true}]}}