{"id":142122,"date":"2025-03-31T23:41:07","date_gmt":"2025-03-31T23:41:07","guid":{"rendered":"https:\/\/enolife.com.ar\/es\/?p=142122"},"modified":"2025-04-02T16:42:10","modified_gmt":"2025-04-02T16:42:10","slug":"las-mujeres-del-vino-pisan-fuerte-en-buenos-aires-el-senado-las-reconocio-con-un-diploma-de-honor","status":"publish","type":"post","link":"https:\/\/enolife.com.ar\/es\/las-mujeres-del-vino-pisan-fuerte-en-buenos-aires-el-senado-las-reconocio-con-un-diploma-de-honor\/","title":{"rendered":"Las Mujeres del Vino pisan fuerte en Buenos Aires: el Senado las reconoci\u00f3 con un Diploma de Honor"},"content":{"rendered":"\n<h4 class=\"wp-block-heading\"><em><strong>El mi\u00e9rcoles 26 de marzo, representantes de la Asociaci\u00f3n de Mujeres del Vino (Amuva) de Mendoza, estuvieron en la capital argentina donde recibieron a periodistas especializados en una cata de vinos innovadores organizada por la Escuela Argentina de Sommeliers. Tras esta actividad, las convocaron al Congreso de la Naci\u00f3n en la Ciudad Aut\u00f3noma de Buenos Aires (CABA) donde recibieron un Diploma de Honor del Senado de la Naci\u00f3n. El reconocimiento fue por \u00absu destacada labor en la difusi\u00f3n del vino argentino y por ser la primera asociaci\u00f3n civil sin fines de lucro del pa\u00eds integrada por mujeres profesionales y entusiastas del vino\u00bb. La distinci\u00f3n vino de manos de la vicepresidenta argentina, Victoria Villarruel, quien se la entreg\u00f3 a Cristina Pandolfi, presidenta de la entidad mendocina.<\/strong><\/em><\/h4>\n\n\n\n<div style=\"height:35px\" aria-hidden=\"true\" class=\"wp-block-spacer\"><\/div>\n\n\n<a href=\"https:\/\/www.linkedin.com\/company\/agrinet-sa\/?originalSubdomain=ar\" aria-label=\"1700X500\"><img loading=\"lazy\" decoding=\"async\" src=\"https:\/\/enolife.com.ar\/es\/wp-content\/uploads\/2021\/11\/1700X500.gif\" alt=\"\"  width=\"1700\" height=\"500\"   \/><\/a>\n\n\n<div style=\"height:45px\" aria-hidden=\"true\" class=\"wp-block-spacer\"><\/div>\n\n\n\n<div style=\"height:35px\" aria-hidden=\"true\" class=\"wp-block-spacer\"><\/div>\n\n\n\n<p>En una gira por la ciudad de Buenos Aires, un grupo de socias de la Asociaci\u00f3n de las Mujeres del Vino (Amuva) presidido por su titular, <strong>Cristina Pandolfi<\/strong>, participaron los d\u00edas 26 y 27 de marzo de una serie de actividades que marcaron un hito en la historia de esta asociaci\u00f3n fundada hace 12 a\u00f1os.<\/p>\n\n\n\n<p>El primer d\u00eda realizaron una cata de vinos innovadores en la <strong>Escuela de Sommeliers Argentina <\/strong>y luego recibieron un <strong>Diploma de Honor del Senado de la Naci\u00f3n<\/strong>. El segundo d\u00eda, lo dedicaron a visitar la <strong>Bodega  Gamboa<\/strong> de la ciudad de <strong>Campana<\/strong>, a solo 75 kil\u00f3metros de la capital argentina.<\/p>\n\n\n\n<div style=\"height:35px\" aria-hidden=\"true\" class=\"wp-block-spacer\"><\/div>\n\n\n\n<p class=\"has-medium-font-size\"><strong>Diploma de Honor del Senado de la Naci\u00f3n<\/strong><\/p>\n\n\n\n<p>En la tarde del 26\/3, las representantes de Amuva arribaron al<strong> Congreso de la Naci\u00f3n<\/strong>, donde fueron recibidas por la <strong>senadora mendocina<\/strong> <strong>Mariana Juri<\/strong> en su despacho, quien luego las acompa\u00f1\u00f3 al Sal\u00f3n Rosado del Senado, donde se realiz\u00f3 el acto de entrega del Diploma de Honor.<\/p>\n\n\n\n<div style=\"height:30px\" aria-hidden=\"true\" class=\"wp-block-spacer\"><\/div>\n\n\n<div class=\"wp-block-image\">\n<figure class=\"aligncenter size-full is-resized\"><a href=\"https:\/\/enolife.com.ar\/es\/wp-content\/uploads\/2025\/03\/WhatsApp-Image-2025-03-31-at-12.43.31.jpeg\" data-rel=\"penci-gallery-image-content\" ><img loading=\"lazy\" decoding=\"async\" src=\"https:\/\/enolife.com.ar\/es\/wp-content\/uploads\/2025\/03\/WhatsApp-Image-2025-03-31-at-12.43.31.jpeg\" alt=\"\" class=\"wp-image-142223\" width=\"687\" height=\"412\" srcset=\"https:\/\/enolife.com.ar\/es\/wp-content\/uploads\/2025\/03\/WhatsApp-Image-2025-03-31-at-12.43.31.jpeg 833w, https:\/\/enolife.com.ar\/es\/wp-content\/uploads\/2025\/03\/WhatsApp-Image-2025-03-31-at-12.43.31-300x180.jpeg 300w, https:\/\/enolife.com.ar\/es\/wp-content\/uploads\/2025\/03\/WhatsApp-Image-2025-03-31-at-12.43.31-768x461.jpeg 768w, https:\/\/enolife.com.ar\/es\/wp-content\/uploads\/2025\/03\/WhatsApp-Image-2025-03-31-at-12.43.31-585x351.jpeg 585w\" sizes=\"auto, (max-width: 687px) 100vw, 687px\" \/><\/a><figcaption class=\"wp-element-caption\"><strong><em>Las socias de Amuva en el despacho de la senadora Mariana Juri<\/em><\/strong>.<\/figcaption><\/figure><\/div>\n\n\n<div style=\"height:30px\" aria-hidden=\"true\" class=\"wp-block-spacer\"><\/div>\n\n\n\n<p><em>\u00abEste es un premio que celebra 12 a\u00f1os de trabajo de nuestra asociaci\u00f3n para impulsar el conocimiento del vino argentino con excelencia, profesionalismo y compromiso con el consumo responsable.\u00bb,<\/em> dijo emocionada <strong>Cristina Pandolfi<\/strong>, quien recibi\u00f3 de la mano de la<strong> Presidenta del Senado y vicepresidenta de los argentinos, Victoria Villarruel<\/strong> el diploma.<\/p>\n\n\n\n<div style=\"height:30px\" aria-hidden=\"true\" class=\"wp-block-spacer\"><\/div>\n\n\n<div class=\"wp-block-image\">\n<figure class=\"aligncenter size-full is-resized\"><a href=\"https:\/\/enolife.com.ar\/es\/wp-content\/uploads\/2025\/03\/WhatsApp-Image-2025-03-31-at-16.07.00.jpeg\" data-rel=\"penci-gallery-image-content\" ><img loading=\"lazy\" decoding=\"async\" src=\"https:\/\/enolife.com.ar\/es\/wp-content\/uploads\/2025\/03\/WhatsApp-Image-2025-03-31-at-16.07.00.jpeg\" alt=\"\" class=\"wp-image-142225\" width=\"555\" height=\"346\" srcset=\"https:\/\/enolife.com.ar\/es\/wp-content\/uploads\/2025\/03\/WhatsApp-Image-2025-03-31-at-16.07.00.jpeg 803w, https:\/\/enolife.com.ar\/es\/wp-content\/uploads\/2025\/03\/WhatsApp-Image-2025-03-31-at-16.07.00-300x187.jpeg 300w, https:\/\/enolife.com.ar\/es\/wp-content\/uploads\/2025\/03\/WhatsApp-Image-2025-03-31-at-16.07.00-768x478.jpeg 768w, https:\/\/enolife.com.ar\/es\/wp-content\/uploads\/2025\/03\/WhatsApp-Image-2025-03-31-at-16.07.00-585x364.jpeg 585w\" sizes=\"auto, (max-width: 555px) 100vw, 555px\" \/><\/a><figcaption class=\"wp-element-caption\"><strong><em>Cristina Pandolfi, Victoria Villarruel y Mariana Juri<\/em><\/strong>.<\/figcaption><\/figure><\/div>\n\n\n<div style=\"height:30px\" aria-hidden=\"true\" class=\"wp-block-spacer\"><\/div>\n\n\n\n<p>Tal como lo reza la leyenda del diploma, el reconocimiento es por <em><strong>\u00absu destacada labor en la difusi\u00f3n del vino argentino y por ser la primera asociaci\u00f3n civil sin fines de lucro del pa\u00eds integrada por mujeres profesionales y entusiastas del vino\u00bb<\/strong>. <\/em>La propuesta de distinci\u00f3n fue impulsada por los senadores mendocinos <strong>Mariana Juri <\/strong>y <strong>Rodolfo Su\u00e1rez.<\/strong><\/p>\n\n\n\n<p>En la ocasi\u00f3n, Pandolfi cont\u00f3 orgullosa las caracter\u00edsticas de la asociaci\u00f3n: <em>\u00abAmuva fue creada en el a\u00f1o 2013 y cuenta con 75 socias, son mujeres de diferentes profesiones que tienen como denominador com\u00fan ser apasionadas por el vino. Eso nos diferencia de asociaciones de mujeres de la industria del vino de otros pa\u00edses, como Italia por ejemplo, el hecho de que no todas son profesionales de enolog\u00eda o viticultura, sino que las mujeres se acercan a Amuva porque les interesa conocer sobre vino. Trabajamos con un cronograma anual de actividades y siempre buscamos fortalecer la imagen, por eso hemos venido a Buenos Aires a hacer una presentaci\u00f3n, y nos llevamos este orgullo enorme de la distinci\u00f3n que nos han dado en el Senado y que para nosotras es sumamente importante, queremos que cada vez m\u00e1s mujeres se acerquen al fant\u00e1stico mundo del vino.\u00bb<\/em><\/p>\n\n\n\n<div style=\"height:30px\" aria-hidden=\"true\" class=\"wp-block-spacer\"><\/div>\n\n\n<div class=\"wp-block-image\">\n<figure class=\"aligncenter size-full is-resized\"><a href=\"https:\/\/enolife.com.ar\/es\/wp-content\/uploads\/2025\/03\/WhatsApp-Image-2025-03-31-at-12.21.41.jpeg\" data-rel=\"penci-gallery-image-content\" ><img loading=\"lazy\" decoding=\"async\" src=\"https:\/\/enolife.com.ar\/es\/wp-content\/uploads\/2025\/03\/WhatsApp-Image-2025-03-31-at-12.21.41.jpeg\" alt=\"\" class=\"wp-image-142228\" width=\"656\" height=\"410\" srcset=\"https:\/\/enolife.com.ar\/es\/wp-content\/uploads\/2025\/03\/WhatsApp-Image-2025-03-31-at-12.21.41.jpeg 800w, https:\/\/enolife.com.ar\/es\/wp-content\/uploads\/2025\/03\/WhatsApp-Image-2025-03-31-at-12.21.41-300x188.jpeg 300w, https:\/\/enolife.com.ar\/es\/wp-content\/uploads\/2025\/03\/WhatsApp-Image-2025-03-31-at-12.21.41-768x480.jpeg 768w, https:\/\/enolife.com.ar\/es\/wp-content\/uploads\/2025\/03\/WhatsApp-Image-2025-03-31-at-12.21.41-585x366.jpeg 585w\" sizes=\"auto, (max-width: 656px) 100vw, 656px\" \/><\/a><figcaption class=\"wp-element-caption\"><em>Arriba<\/em>: <strong><em>Sandra Can\u00e9, Alejandra Gil Poseman, Cristina Pandolfi, la vicepresidenta argentina Victoria Villarruel, Mariana Juri, Flavio Sergio Fama, Claudia Yanz\u00f3n y Nora Vicario. <\/em><\/strong><em>Abajo<\/em><strong><em>: Silvana Fourcade, Claudia Farina, Carolina Losada y Lorena Mellone. <\/em><\/strong><\/figcaption><\/figure><\/div>\n\n\n<div style=\"height:30px\" aria-hidden=\"true\" class=\"wp-block-spacer\"><\/div>\n\n\n\n<p>A su turno, la vicepresidenta de la Naci\u00f3n, <strong>Victoria<\/strong> <strong>Villarruel<\/strong>, expres\u00f3: \u00ab<em>Esta es la casa de las provincias, lo digo siempre, y lo que nos interesa es que las provincias se desarrollen al m\u00e1ximo posible, que sus talentos, su capital humano puedan crecer, y esto de hoy es un gran ejemplo de eso. Estamos muy contentos de darle la bienvenida a Amuva, una asociaci\u00f3n integrada por mujeres y dedicada a la industria vitivin\u00edcola que es uno de los orgullos de la Rep\u00fablica Argentina, para nosotros es un placer recibirlas y entregarles esta distinci\u00f3n que premia 12 a\u00f1os de trabajo\u00bb<\/em>.<\/p>\n\n\n\n<p>En la ceremonia de la entrega del diploma estuvieron presentes tambi\u00e9n el <strong>senador por Catamarca Flavio Sergio Fama<\/strong>; la <strong>senadora Carolina Losada, <\/strong>de <strong>Santa Fe<\/strong> y&nbsp;vicepresidenta primera del Senado; <strong>Jos\u00e9 Sogno, <\/strong>secretario del senador <strong>Rodolfo<\/strong> <strong>Su\u00e1rez<\/strong> y<strong> Nicael Naciff<\/strong>, secretario de la senadora Juri. Una vez finalizado el acto, la comitiva de mujeres hizo un recorrido tur\u00edstico por el Congreso, conociendo de la mano del gu\u00eda <strong>Alejandro Petrillo<\/strong>, los recintos de diputados y senadores, el sal\u00f3n de los pasos perdidos y el sal\u00f3n azul.<\/p>\n\n\n\n<div style=\"height:30px\" aria-hidden=\"true\" class=\"wp-block-spacer\"><\/div>\n\n\n\n<figure class=\"wp-block-gallery has-nested-images columns-default is-cropped wp-block-gallery-1 is-layout-flex wp-block-gallery-is-layout-flex\">\n<figure class=\"wp-block-image size-full\"><a href=\"https:\/\/enolife.com.ar\/es\/wp-content\/uploads\/2025\/03\/WhatsApp-Image-2025-03-31-at-12.28.40.jpeg\" data-rel=\"penci-gallery-image-content\" ><img loading=\"lazy\" decoding=\"async\" width=\"831\" height=\"500\" data-id=\"142229\" src=\"https:\/\/enolife.com.ar\/es\/wp-content\/uploads\/2025\/03\/WhatsApp-Image-2025-03-31-at-12.28.40.jpeg\" alt=\"\" class=\"wp-image-142229\" srcset=\"https:\/\/enolife.com.ar\/es\/wp-content\/uploads\/2025\/03\/WhatsApp-Image-2025-03-31-at-12.28.40.jpeg 831w, https:\/\/enolife.com.ar\/es\/wp-content\/uploads\/2025\/03\/WhatsApp-Image-2025-03-31-at-12.28.40-300x181.jpeg 300w, https:\/\/enolife.com.ar\/es\/wp-content\/uploads\/2025\/03\/WhatsApp-Image-2025-03-31-at-12.28.40-768x462.jpeg 768w, https:\/\/enolife.com.ar\/es\/wp-content\/uploads\/2025\/03\/WhatsApp-Image-2025-03-31-at-12.28.40-585x352.jpeg 585w\" sizes=\"auto, (max-width: 831px) 100vw, 831px\" \/><\/a><figcaption class=\"wp-element-caption\"><strong><em>Recinto del Senado<\/em><\/strong><\/figcaption><\/figure>\n\n\n\n<figure class=\"wp-block-image size-full\"><a href=\"https:\/\/enolife.com.ar\/es\/wp-content\/uploads\/2025\/03\/WhatsApp-Image-2025-03-31-at-12.45.02.jpeg\" data-rel=\"penci-gallery-image-content\" ><img loading=\"lazy\" decoding=\"async\" width=\"844\" height=\"493\" data-id=\"142230\" src=\"https:\/\/enolife.com.ar\/es\/wp-content\/uploads\/2025\/03\/WhatsApp-Image-2025-03-31-at-12.45.02.jpeg\" alt=\"\" class=\"wp-image-142230\" srcset=\"https:\/\/enolife.com.ar\/es\/wp-content\/uploads\/2025\/03\/WhatsApp-Image-2025-03-31-at-12.45.02.jpeg 844w, https:\/\/enolife.com.ar\/es\/wp-content\/uploads\/2025\/03\/WhatsApp-Image-2025-03-31-at-12.45.02-300x175.jpeg 300w, https:\/\/enolife.com.ar\/es\/wp-content\/uploads\/2025\/03\/WhatsApp-Image-2025-03-31-at-12.45.02-768x449.jpeg 768w, https:\/\/enolife.com.ar\/es\/wp-content\/uploads\/2025\/03\/WhatsApp-Image-2025-03-31-at-12.45.02-585x342.jpeg 585w\" sizes=\"auto, (max-width: 844px) 100vw, 844px\" \/><\/a><figcaption class=\"wp-element-caption\">J<strong><em>unto al gu\u00eda Alejandro Petrillo<\/em><\/strong>.<\/figcaption><\/figure>\n<\/figure>\n\n\n\n<div style=\"height:35px\" aria-hidden=\"true\" class=\"wp-block-spacer\"><\/div>\n\n\n\n<p class=\"has-medium-font-size\"><strong>Cata en la Escuela Argentina de Sommeliers<\/strong><\/p>\n\n\n<div class=\"wp-block-image\">\n<figure class=\"alignleft size-full is-resized\"><a href=\"https:\/\/enolife.com.ar\/es\/wp-content\/uploads\/2025\/03\/Imagen4-9.jpg\" data-rel=\"penci-gallery-image-content\" ><img loading=\"lazy\" decoding=\"async\" src=\"https:\/\/enolife.com.ar\/es\/wp-content\/uploads\/2025\/03\/Imagen4-9.jpg\" alt=\"\" class=\"wp-image-142235\" width=\"331\" height=\"144\" srcset=\"https:\/\/enolife.com.ar\/es\/wp-content\/uploads\/2025\/03\/Imagen4-9.jpg 441w, https:\/\/enolife.com.ar\/es\/wp-content\/uploads\/2025\/03\/Imagen4-9-300x131.jpg 300w\" sizes=\"auto, (max-width: 331px) 100vw, 331px\" \/><\/a><\/figure><\/div>\n\n\n<p>En diciembre de 2024, Amuva particip\u00f3 del<strong> III World Forum of Women of Wine<\/strong>, un encuentro virtual que conect\u00f3 a doce delegaciones internacionales: <strong>Argentina, Australia, Austria, Canad\u00e1, Chile, China, Italia, Croacia, Francia, Georgia, Alemania, Nueva Zelanda y Per\u00fa<\/strong>. Las disertaciones trataron sobre c\u00f3mo ser\u00e1n los nuevos consumidores, los cambios que est\u00e1n afectando el consumo a nivel global y qu\u00e9 desaf\u00edos y oportunidades enfrentar\u00e1n los mercados del vino a partir de los cambios de estilos de vida y el creciente protagonismo de la mujer en esta transformaci\u00f3n. <\/p>\n\n\n\n<p>Un factor com\u00fan entre  todas las disertantes fue que el uso de tecnolog\u00edas, la sostenibilidad y una mayor conciencia alimentaria est\u00e1n impulsando cambios profundos en el consumo de vino de las nuevas generaciones, obligando a las marcas a replantear sus estrategias de comunicaci\u00f3n. Conceptos como libertad, frescura, dinamismo, practicidad, unido a etiquetas atractivas e ingeniosas invitan a explorar la diversidad de estilos.<\/p>\n\n\n\n<p>En definitiva, los nuevos consumidores premian los vinos sostenibles, aut\u00e9nticos y ecol\u00f3gicos; tienen preferencia por vinos j\u00f3venes, frescos, frutados, blancos, rosados; prefieren vinos de bajo alcohol o sin alcohol; les encanta viajar y las experiencias enotur\u00edsticas en distintos terroirs son una tendencia; eligen envases ligeros, ecol\u00f3gicos, y para consumo individual; y valoran los productos innovadores, de ediciones limitadas y de peque\u00f1as producciones.<\/p>\n\n\n\n<p>Bas\u00e1ndose en estas conclusiones, Amuva organiz\u00f3 una exclusiva cata de vinos con caracter\u00edsticas que responden a las nuevas demandas de consumo. La misma se realiz\u00f3 en Buenos Aires, en la Cava de la<strong> Escuela Argentina de Sommeliers<\/strong> y fue dirigida por su directora, <strong>Marina Beltrame<\/strong> y estuvo armonizada con una propuesta gastron\u00f3mica especialmente elaborada por la chef y sommelier <strong>Victoria Araujo<\/strong>.<\/p>\n\n\n\n<div style=\"height:30px\" aria-hidden=\"true\" class=\"wp-block-spacer\"><\/div>\n\n\n\n<figure class=\"wp-block-gallery has-nested-images columns-default is-cropped wp-block-gallery-2 is-layout-flex wp-block-gallery-is-layout-flex\">\n<figure class=\"wp-block-image size-full\"><a href=\"https:\/\/enolife.com.ar\/es\/wp-content\/uploads\/2025\/03\/MG_2013.jpg\" data-rel=\"penci-gallery-image-content\" ><img loading=\"lazy\" decoding=\"async\" width=\"538\" height=\"500\" data-id=\"142188\" src=\"https:\/\/enolife.com.ar\/es\/wp-content\/uploads\/2025\/03\/MG_2013.jpg\" alt=\"\" class=\"wp-image-142188\" srcset=\"https:\/\/enolife.com.ar\/es\/wp-content\/uploads\/2025\/03\/MG_2013.jpg 538w, https:\/\/enolife.com.ar\/es\/wp-content\/uploads\/2025\/03\/MG_2013-300x279.jpg 300w\" sizes=\"auto, (max-width: 538px) 100vw, 538px\" \/><\/a><figcaption class=\"wp-element-caption\"><strong><em> Marina Beltrame<\/em><\/strong><\/figcaption><\/figure>\n\n\n\n<figure class=\"wp-block-image size-full\"><a href=\"https:\/\/enolife.com.ar\/es\/wp-content\/uploads\/2025\/03\/WhatsApp-Image-2025-03-31-at-15.02.55-1.jpeg\" data-rel=\"penci-gallery-image-content\" ><img loading=\"lazy\" decoding=\"async\" width=\"532\" height=\"478\" data-id=\"142190\" src=\"https:\/\/enolife.com.ar\/es\/wp-content\/uploads\/2025\/03\/WhatsApp-Image-2025-03-31-at-15.02.55-1.jpeg\" alt=\"\" class=\"wp-image-142190\" srcset=\"https:\/\/enolife.com.ar\/es\/wp-content\/uploads\/2025\/03\/WhatsApp-Image-2025-03-31-at-15.02.55-1.jpeg 532w, https:\/\/enolife.com.ar\/es\/wp-content\/uploads\/2025\/03\/WhatsApp-Image-2025-03-31-at-15.02.55-1-300x270.jpeg 300w\" sizes=\"auto, (max-width: 532px) 100vw, 532px\" \/><\/a><figcaption class=\"wp-element-caption\"><strong><em> Victoria Araujo<\/em><\/strong><\/figcaption><\/figure>\n\n\n\n<figure class=\"wp-block-image size-full\"><a href=\"https:\/\/enolife.com.ar\/es\/wp-content\/uploads\/2025\/03\/WhatsApp-Image-2025-03-31-at-15.04.37-1.jpeg\" data-rel=\"penci-gallery-image-content\" ><img loading=\"lazy\" decoding=\"async\" width=\"574\" height=\"500\" data-id=\"142194\" src=\"https:\/\/enolife.com.ar\/es\/wp-content\/uploads\/2025\/03\/WhatsApp-Image-2025-03-31-at-15.04.37-1.jpeg\" alt=\"\" class=\"wp-image-142194\" srcset=\"https:\/\/enolife.com.ar\/es\/wp-content\/uploads\/2025\/03\/WhatsApp-Image-2025-03-31-at-15.04.37-1.jpeg 574w, https:\/\/enolife.com.ar\/es\/wp-content\/uploads\/2025\/03\/WhatsApp-Image-2025-03-31-at-15.04.37-1-300x261.jpeg 300w\" sizes=\"auto, (max-width: 574px) 100vw, 574px\" \/><\/a><figcaption class=\"wp-element-caption\"><strong><em>Las Amuva<\/em><\/strong><\/figcaption><\/figure>\n<\/figure>\n\n\n\n<div style=\"height:20px\" aria-hidden=\"true\" class=\"wp-block-spacer\"><\/div>\n\n\n\n<figure class=\"wp-block-gallery has-nested-images columns-default is-cropped wp-block-gallery-3 is-layout-flex wp-block-gallery-is-layout-flex\">\n<figure class=\"wp-block-image size-full\"><a href=\"https:\/\/enolife.com.ar\/es\/wp-content\/uploads\/2025\/03\/MG_1977-1.jpg\" data-rel=\"penci-gallery-image-content\" ><img loading=\"lazy\" decoding=\"async\" width=\"884\" height=\"500\" data-id=\"142197\" src=\"https:\/\/enolife.com.ar\/es\/wp-content\/uploads\/2025\/03\/MG_1977-1.jpg\" alt=\"\" class=\"wp-image-142197\" srcset=\"https:\/\/enolife.com.ar\/es\/wp-content\/uploads\/2025\/03\/MG_1977-1.jpg 884w, https:\/\/enolife.com.ar\/es\/wp-content\/uploads\/2025\/03\/MG_1977-1-300x170.jpg 300w, https:\/\/enolife.com.ar\/es\/wp-content\/uploads\/2025\/03\/MG_1977-1-768x434.jpg 768w, https:\/\/enolife.com.ar\/es\/wp-content\/uploads\/2025\/03\/MG_1977-1-585x331.jpg 585w\" sizes=\"auto, (max-width: 884px) 100vw, 884px\" \/><\/a><\/figure>\n\n\n\n<figure class=\"wp-block-image size-full\"><a href=\"https:\/\/enolife.com.ar\/es\/wp-content\/uploads\/2025\/03\/MG_2163-1.jpg\" data-rel=\"penci-gallery-image-content\" ><img loading=\"lazy\" decoding=\"async\" width=\"944\" height=\"500\" data-id=\"142218\" src=\"https:\/\/enolife.com.ar\/es\/wp-content\/uploads\/2025\/03\/MG_2163-1.jpg\" alt=\"\" class=\"wp-image-142218\" srcset=\"https:\/\/enolife.com.ar\/es\/wp-content\/uploads\/2025\/03\/MG_2163-1.jpg 944w, https:\/\/enolife.com.ar\/es\/wp-content\/uploads\/2025\/03\/MG_2163-1-300x159.jpg 300w, https:\/\/enolife.com.ar\/es\/wp-content\/uploads\/2025\/03\/MG_2163-1-768x407.jpg 768w, https:\/\/enolife.com.ar\/es\/wp-content\/uploads\/2025\/03\/MG_2163-1-585x310.jpg 585w\" sizes=\"auto, (max-width: 944px) 100vw, 944px\" \/><\/a><\/figure>\n<\/figure>\n\n\n\n<div style=\"height:30px\" aria-hidden=\"true\" class=\"wp-block-spacer\"><\/div>\n\n\n\n<p class=\"has-background\" style=\"background-color:#abb7c24d\">La degustaci\u00f3n comenz\u00f3 con un aperitivo combinado con frutos secos, protagonizado por el <strong>Vermotuh org\u00e1nico Astral Bianco (vino compuesto) de Bodega Alpamanta.<\/strong> <\/p>\n\n\n\n<div style=\"height:30px\" aria-hidden=\"true\" class=\"wp-block-spacer\"><\/div>\n\n\n\n<div style=\"height:30px\" aria-hidden=\"true\" class=\"wp-block-spacer\"><\/div>\n\n\n\n<figure class=\"wp-block-gallery has-nested-images columns-default is-cropped wp-block-gallery-4 is-layout-flex wp-block-gallery-is-layout-flex\">\n<figure class=\"wp-block-image size-full\"><a href=\"https:\/\/enolife.com.ar\/es\/wp-content\/uploads\/2025\/03\/Imagen3-10.jpg\" data-rel=\"penci-gallery-image-content\" ><img loading=\"lazy\" decoding=\"async\" width=\"290\" height=\"279\" data-id=\"142220\" src=\"https:\/\/enolife.com.ar\/es\/wp-content\/uploads\/2025\/03\/Imagen3-10.jpg\" alt=\"\" class=\"wp-image-142220\"\/><\/a><\/figure>\n\n\n\n<figure class=\"wp-block-image size-full\"><a href=\"https:\/\/enolife.com.ar\/es\/wp-content\/uploads\/2025\/03\/MG_2015-1.jpg\" data-rel=\"penci-gallery-image-content\" ><img loading=\"lazy\" decoding=\"async\" width=\"500\" height=\"500\" data-id=\"142221\" src=\"https:\/\/enolife.com.ar\/es\/wp-content\/uploads\/2025\/03\/MG_2015-1.jpg\" alt=\"\" class=\"wp-image-142221\" srcset=\"https:\/\/enolife.com.ar\/es\/wp-content\/uploads\/2025\/03\/MG_2015-1.jpg 500w, https:\/\/enolife.com.ar\/es\/wp-content\/uploads\/2025\/03\/MG_2015-1-300x300.jpg 300w, https:\/\/enolife.com.ar\/es\/wp-content\/uploads\/2025\/03\/MG_2015-1-150x150.jpg 150w\" sizes=\"auto, (max-width: 500px) 100vw, 500px\" \/><\/a><\/figure>\n\n\n\n<figure class=\"wp-block-image size-full\"><a href=\"https:\/\/enolife.com.ar\/es\/wp-content\/uploads\/2025\/03\/WhatsApp-Image-2025-03-31-at-16.28.22.jpeg\" data-rel=\"penci-gallery-image-content\" ><img loading=\"lazy\" decoding=\"async\" width=\"527\" height=\"500\" data-id=\"142237\" src=\"https:\/\/enolife.com.ar\/es\/wp-content\/uploads\/2025\/03\/WhatsApp-Image-2025-03-31-at-16.28.22.jpeg\" alt=\"\" class=\"wp-image-142237\" srcset=\"https:\/\/enolife.com.ar\/es\/wp-content\/uploads\/2025\/03\/WhatsApp-Image-2025-03-31-at-16.28.22.jpeg 527w, https:\/\/enolife.com.ar\/es\/wp-content\/uploads\/2025\/03\/WhatsApp-Image-2025-03-31-at-16.28.22-300x285.jpeg 300w\" sizes=\"auto, (max-width: 527px) 100vw, 527px\" \/><\/a><\/figure>\n<\/figure>\n\n\n\n<p>Los pasos del men\u00fa continuaron con el siguiente maridaje:<\/p>\n\n\n\n<p class=\"has-background\" style=\"background-color:#abb7c24d\">&#8211;<strong>Rosell Boher Espumante Ros\u00e9 m\u00e9todo tradicional de Cavas Rosell Boher<\/strong>, presentado por su en\u00f3loga <strong>Alejandra Gil Poseman<\/strong><\/p>\n\n\n\n<div style=\"height:30px\" aria-hidden=\"true\" class=\"wp-block-spacer\"><\/div>\n\n\n\n<div style=\"height:30px\" aria-hidden=\"true\" class=\"wp-block-spacer\"><\/div>\n\n\n\n<figure class=\"wp-block-gallery has-nested-images columns-default is-cropped wp-block-gallery-5 is-layout-flex wp-block-gallery-is-layout-flex\">\n<figure class=\"wp-block-image size-full\"><a href=\"https:\/\/enolife.com.ar\/es\/wp-content\/uploads\/2025\/03\/WhatsApp-Image-2025-03-31-at-15.04.10.jpeg\" data-rel=\"penci-gallery-image-content\" ><img loading=\"lazy\" decoding=\"async\" width=\"603\" height=\"500\" data-id=\"142200\" src=\"https:\/\/enolife.com.ar\/es\/wp-content\/uploads\/2025\/03\/WhatsApp-Image-2025-03-31-at-15.04.10.jpeg\" alt=\"\" class=\"wp-image-142200\" srcset=\"https:\/\/enolife.com.ar\/es\/wp-content\/uploads\/2025\/03\/WhatsApp-Image-2025-03-31-at-15.04.10.jpeg 603w, https:\/\/enolife.com.ar\/es\/wp-content\/uploads\/2025\/03\/WhatsApp-Image-2025-03-31-at-15.04.10-300x249.jpeg 300w, https:\/\/enolife.com.ar\/es\/wp-content\/uploads\/2025\/03\/WhatsApp-Image-2025-03-31-at-15.04.10-585x485.jpeg 585w\" sizes=\"auto, (max-width: 603px) 100vw, 603px\" \/><\/a><\/figure>\n\n\n\n<figure class=\"wp-block-image size-full\"><a href=\"https:\/\/enolife.com.ar\/es\/wp-content\/uploads\/2025\/03\/D_NQ_NP_969899-MLU72572021642_112023-O.jpg\" data-rel=\"penci-gallery-image-content\" ><img loading=\"lazy\" decoding=\"async\" width=\"331\" height=\"325\" data-id=\"142206\" src=\"https:\/\/enolife.com.ar\/es\/wp-content\/uploads\/2025\/03\/D_NQ_NP_969899-MLU72572021642_112023-O.jpg\" alt=\"\" class=\"wp-image-142206\" srcset=\"https:\/\/enolife.com.ar\/es\/wp-content\/uploads\/2025\/03\/D_NQ_NP_969899-MLU72572021642_112023-O.jpg 331w, https:\/\/enolife.com.ar\/es\/wp-content\/uploads\/2025\/03\/D_NQ_NP_969899-MLU72572021642_112023-O-300x295.jpg 300w\" sizes=\"auto, (max-width: 331px) 100vw, 331px\" \/><\/a><\/figure>\n\n\n\n<figure class=\"wp-block-image size-full\"><a href=\"https:\/\/enolife.com.ar\/es\/wp-content\/uploads\/2025\/03\/WhatsApp-Image-2025-03-31-at-15.02.32.jpeg\" data-rel=\"penci-gallery-image-content\" ><img loading=\"lazy\" decoding=\"async\" width=\"764\" height=\"500\" data-id=\"142199\" src=\"https:\/\/enolife.com.ar\/es\/wp-content\/uploads\/2025\/03\/WhatsApp-Image-2025-03-31-at-15.02.32.jpeg\" alt=\"\" class=\"wp-image-142199\" srcset=\"https:\/\/enolife.com.ar\/es\/wp-content\/uploads\/2025\/03\/WhatsApp-Image-2025-03-31-at-15.02.32.jpeg 764w, https:\/\/enolife.com.ar\/es\/wp-content\/uploads\/2025\/03\/WhatsApp-Image-2025-03-31-at-15.02.32-300x196.jpeg 300w, https:\/\/enolife.com.ar\/es\/wp-content\/uploads\/2025\/03\/WhatsApp-Image-2025-03-31-at-15.02.32-585x383.jpeg 585w\" sizes=\"auto, (max-width: 764px) 100vw, 764px\" \/><\/a><figcaption class=\"wp-element-caption\"><strong><em>Alejandra Gil Poseman<\/em><\/strong><\/figcaption><\/figure>\n<\/figure>\n\n\n\n<div style=\"height:30px\" aria-hidden=\"true\" class=\"wp-block-spacer\"><\/div>\n\n\n\n<p class=\"has-background\" style=\"background-color:#abb7c24d\">&#8211;<strong>Campal 2024 Criolla Blanca, Low Natural Wine<\/strong>, elaborado con uvas org\u00e1nicas de la variedad Pedro Gimenez, de la <strong>Bodega Alpamanta<\/strong><\/p>\n\n\n\n<figure class=\"wp-block-gallery has-nested-images columns-default is-cropped wp-block-gallery-6 is-layout-flex wp-block-gallery-is-layout-flex\">\n<figure class=\"wp-block-image size-full\"><a href=\"https:\/\/enolife.com.ar\/es\/wp-content\/uploads\/2025\/03\/MG_2117.jpg\" data-rel=\"penci-gallery-image-content\" ><img loading=\"lazy\" decoding=\"async\" width=\"538\" height=\"500\" data-id=\"142201\" src=\"https:\/\/enolife.com.ar\/es\/wp-content\/uploads\/2025\/03\/MG_2117.jpg\" alt=\"\" class=\"wp-image-142201\" srcset=\"https:\/\/enolife.com.ar\/es\/wp-content\/uploads\/2025\/03\/MG_2117.jpg 538w, https:\/\/enolife.com.ar\/es\/wp-content\/uploads\/2025\/03\/MG_2117-300x279.jpg 300w\" sizes=\"auto, (max-width: 538px) 100vw, 538px\" \/><\/a><\/figure>\n\n\n\n<figure class=\"wp-block-image size-full\"><a href=\"https:\/\/enolife.com.ar\/es\/wp-content\/uploads\/2025\/03\/WhatsApp-Image-2025-03-31-at-15.03.11.jpeg\" data-rel=\"penci-gallery-image-content\" ><img loading=\"lazy\" decoding=\"async\" width=\"455\" height=\"500\" data-id=\"142202\" src=\"https:\/\/enolife.com.ar\/es\/wp-content\/uploads\/2025\/03\/WhatsApp-Image-2025-03-31-at-15.03.11.jpeg\" alt=\"\" class=\"wp-image-142202\" srcset=\"https:\/\/enolife.com.ar\/es\/wp-content\/uploads\/2025\/03\/WhatsApp-Image-2025-03-31-at-15.03.11.jpeg 455w, https:\/\/enolife.com.ar\/es\/wp-content\/uploads\/2025\/03\/WhatsApp-Image-2025-03-31-at-15.03.11-273x300.jpeg 273w\" sizes=\"auto, (max-width: 455px) 100vw, 455px\" \/><\/a><\/figure>\n\n\n\n<figure class=\"wp-block-image size-full\"><a href=\"https:\/\/enolife.com.ar\/es\/wp-content\/uploads\/2025\/03\/MG_2039.jpg\" data-rel=\"penci-gallery-image-content\" ><img loading=\"lazy\" decoding=\"async\" width=\"531\" height=\"500\" data-id=\"142203\" src=\"https:\/\/enolife.com.ar\/es\/wp-content\/uploads\/2025\/03\/MG_2039.jpg\" alt=\"\" class=\"wp-image-142203\" srcset=\"https:\/\/enolife.com.ar\/es\/wp-content\/uploads\/2025\/03\/MG_2039.jpg 531w, https:\/\/enolife.com.ar\/es\/wp-content\/uploads\/2025\/03\/MG_2039-300x282.jpg 300w\" sizes=\"auto, (max-width: 531px) 100vw, 531px\" \/><\/a><\/figure>\n<\/figure>\n\n\n\n<div style=\"height:30px\" aria-hidden=\"true\" class=\"wp-block-spacer\"><\/div>\n\n\n\n<p class=\"has-background\" style=\"background-color:#abb7c24d\">&#8211;<strong>Confiado\/A Serie 5 Viognier<\/strong>, cosecha en verde, bajo alcohol, 8,5\u00b0GI, de <strong>Bodega S\u00e9ptima<\/strong><\/p>\n\n\n\n<div style=\"height:30px\" aria-hidden=\"true\" class=\"wp-block-spacer\"><\/div>\n\n\n\n<figure class=\"wp-block-gallery has-nested-images columns-default is-cropped wp-block-gallery-7 is-layout-flex wp-block-gallery-is-layout-flex\">\n<figure class=\"wp-block-image size-full\"><a href=\"https:\/\/enolife.com.ar\/es\/wp-content\/uploads\/2025\/03\/MG_2011.jpg\" data-rel=\"penci-gallery-image-content\" ><img loading=\"lazy\" decoding=\"async\" width=\"434\" height=\"500\" data-id=\"142204\" src=\"https:\/\/enolife.com.ar\/es\/wp-content\/uploads\/2025\/03\/MG_2011.jpg\" alt=\"\" class=\"wp-image-142204\" srcset=\"https:\/\/enolife.com.ar\/es\/wp-content\/uploads\/2025\/03\/MG_2011.jpg 434w, https:\/\/enolife.com.ar\/es\/wp-content\/uploads\/2025\/03\/MG_2011-260x300.jpg 260w\" sizes=\"auto, (max-width: 434px) 100vw, 434px\" \/><\/a><\/figure>\n\n\n\n<figure class=\"wp-block-image size-full\"><a href=\"https:\/\/enolife.com.ar\/es\/wp-content\/uploads\/2025\/03\/WhatsApp-Image-2025-03-31-at-15.35.44.jpeg\" data-rel=\"penci-gallery-image-content\" ><img loading=\"lazy\" decoding=\"async\" width=\"530\" height=\"500\" data-id=\"142205\" src=\"https:\/\/enolife.com.ar\/es\/wp-content\/uploads\/2025\/03\/WhatsApp-Image-2025-03-31-at-15.35.44.jpeg\" alt=\"\" class=\"wp-image-142205\" srcset=\"https:\/\/enolife.com.ar\/es\/wp-content\/uploads\/2025\/03\/WhatsApp-Image-2025-03-31-at-15.35.44.jpeg 530w, https:\/\/enolife.com.ar\/es\/wp-content\/uploads\/2025\/03\/WhatsApp-Image-2025-03-31-at-15.35.44-300x283.jpeg 300w\" sizes=\"auto, (max-width: 530px) 100vw, 530px\" \/><\/a><\/figure>\n\n\n\n<figure class=\"wp-block-image size-full\"><a href=\"https:\/\/enolife.com.ar\/es\/wp-content\/uploads\/2025\/03\/Imagen1-40.jpg\" data-rel=\"penci-gallery-image-content\" ><img loading=\"lazy\" decoding=\"async\" width=\"286\" height=\"249\" data-id=\"142209\" src=\"https:\/\/enolife.com.ar\/es\/wp-content\/uploads\/2025\/03\/Imagen1-40.jpg\" alt=\"\" class=\"wp-image-142209\"\/><\/a><\/figure>\n<\/figure>\n\n\n\n<div style=\"height:30px\" aria-hidden=\"true\" class=\"wp-block-spacer\"><\/div>\n\n\n\n<p class=\"has-background\" style=\"background-color:#abb7c24d\">&#8211;<strong>Cordero con Piel de Lobo<\/strong>, vino <strong>en lata<\/strong> 473 ml, Bodega Mosquita Muerta , <strong>Familia Mill\u00e1n<\/strong> <br>&#8211;<strong>Proyecto Hermanas<\/strong> Malbec &#8211; Cabernet Franc, <strong>Bodega Lagarde<\/strong><\/p>\n\n\n\n<div style=\"height:30px\" aria-hidden=\"true\" class=\"wp-block-spacer\"><\/div>\n\n\n\n<figure class=\"wp-block-gallery has-nested-images columns-default is-cropped wp-block-gallery-8 is-layout-flex wp-block-gallery-is-layout-flex\">\n<figure class=\"wp-block-image size-full\"><a href=\"https:\/\/enolife.com.ar\/es\/wp-content\/uploads\/2025\/03\/MG_2055.jpg\" data-rel=\"penci-gallery-image-content\" ><img loading=\"lazy\" decoding=\"async\" width=\"494\" height=\"500\" data-id=\"142211\" src=\"https:\/\/enolife.com.ar\/es\/wp-content\/uploads\/2025\/03\/MG_2055.jpg\" alt=\"\" class=\"wp-image-142211\" srcset=\"https:\/\/enolife.com.ar\/es\/wp-content\/uploads\/2025\/03\/MG_2055.jpg 494w, https:\/\/enolife.com.ar\/es\/wp-content\/uploads\/2025\/03\/MG_2055-296x300.jpg 296w\" sizes=\"auto, (max-width: 494px) 100vw, 494px\" \/><\/a><\/figure>\n\n\n\n<figure class=\"wp-block-image size-full\"><a href=\"https:\/\/enolife.com.ar\/es\/wp-content\/uploads\/2025\/03\/WhatsApp-Image-2025-03-31-at-15.03.27.jpeg\" data-rel=\"penci-gallery-image-content\" ><img loading=\"lazy\" decoding=\"async\" width=\"613\" height=\"500\" data-id=\"142212\" src=\"https:\/\/enolife.com.ar\/es\/wp-content\/uploads\/2025\/03\/WhatsApp-Image-2025-03-31-at-15.03.27.jpeg\" alt=\"\" class=\"wp-image-142212\" srcset=\"https:\/\/enolife.com.ar\/es\/wp-content\/uploads\/2025\/03\/WhatsApp-Image-2025-03-31-at-15.03.27.jpeg 613w, https:\/\/enolife.com.ar\/es\/wp-content\/uploads\/2025\/03\/WhatsApp-Image-2025-03-31-at-15.03.27-300x245.jpeg 300w, https:\/\/enolife.com.ar\/es\/wp-content\/uploads\/2025\/03\/WhatsApp-Image-2025-03-31-at-15.03.27-585x477.jpeg 585w\" sizes=\"auto, (max-width: 613px) 100vw, 613px\" \/><\/a><\/figure>\n\n\n\n<figure class=\"wp-block-image size-full\"><a href=\"https:\/\/enolife.com.ar\/es\/wp-content\/uploads\/2025\/03\/MG_2078.jpg\" data-rel=\"penci-gallery-image-content\" ><img loading=\"lazy\" decoding=\"async\" width=\"572\" height=\"500\" data-id=\"142213\" src=\"https:\/\/enolife.com.ar\/es\/wp-content\/uploads\/2025\/03\/MG_2078.jpg\" alt=\"\" class=\"wp-image-142213\" srcset=\"https:\/\/enolife.com.ar\/es\/wp-content\/uploads\/2025\/03\/MG_2078.jpg 572w, https:\/\/enolife.com.ar\/es\/wp-content\/uploads\/2025\/03\/MG_2078-300x262.jpg 300w\" sizes=\"auto, (max-width: 572px) 100vw, 572px\" \/><\/a><\/figure>\n<\/figure>\n\n\n\n<div style=\"height:30px\" aria-hidden=\"true\" class=\"wp-block-spacer\"><\/div>\n\n\n\n<p class=\"has-background\" style=\"background-color:#abb7c24d\">Finalizando con una<strong> grapa<\/strong> de uvas <strong>Malbec <\/strong>de Tupungato de la <strong>Bodega Rutini. <\/strong><\/p>\n\n\n\n<div style=\"height:30px\" aria-hidden=\"true\" class=\"wp-block-spacer\"><\/div>\n\n\n\n<figure class=\"wp-block-gallery has-nested-images columns-default is-cropped wp-block-gallery-9 is-layout-flex wp-block-gallery-is-layout-flex\">\n<figure class=\"wp-block-image size-full\"><a href=\"https:\/\/enolife.com.ar\/es\/wp-content\/uploads\/2025\/03\/MG_2122.jpg\" data-rel=\"penci-gallery-image-content\" ><img loading=\"lazy\" decoding=\"async\" width=\"521\" height=\"500\" data-id=\"142214\" src=\"https:\/\/enolife.com.ar\/es\/wp-content\/uploads\/2025\/03\/MG_2122.jpg\" alt=\"\" class=\"wp-image-142214\" srcset=\"https:\/\/enolife.com.ar\/es\/wp-content\/uploads\/2025\/03\/MG_2122.jpg 521w, https:\/\/enolife.com.ar\/es\/wp-content\/uploads\/2025\/03\/MG_2122-300x288.jpg 300w\" sizes=\"auto, (max-width: 521px) 100vw, 521px\" \/><\/a><\/figure>\n\n\n\n<figure class=\"wp-block-image size-full\"><a href=\"https:\/\/enolife.com.ar\/es\/wp-content\/uploads\/2025\/03\/MG_2123.jpg\" data-rel=\"penci-gallery-image-content\" ><img loading=\"lazy\" decoding=\"async\" width=\"506\" height=\"500\" data-id=\"142215\" src=\"https:\/\/enolife.com.ar\/es\/wp-content\/uploads\/2025\/03\/MG_2123.jpg\" alt=\"\" class=\"wp-image-142215\" srcset=\"https:\/\/enolife.com.ar\/es\/wp-content\/uploads\/2025\/03\/MG_2123.jpg 506w, https:\/\/enolife.com.ar\/es\/wp-content\/uploads\/2025\/03\/MG_2123-300x296.jpg 300w\" sizes=\"auto, (max-width: 506px) 100vw, 506px\" \/><\/a><\/figure>\n\n\n\n<figure class=\"wp-block-image size-full\"><a href=\"https:\/\/enolife.com.ar\/es\/wp-content\/uploads\/2025\/03\/Imagen2-19.jpg\" data-rel=\"penci-gallery-image-content\" ><img loading=\"lazy\" decoding=\"async\" width=\"290\" height=\"286\" data-id=\"142216\" src=\"https:\/\/enolife.com.ar\/es\/wp-content\/uploads\/2025\/03\/Imagen2-19.jpg\" alt=\"\" class=\"wp-image-142216\"\/><\/a><\/figure>\n<\/figure>\n\n\n\n<div style=\"height:30px\" aria-hidden=\"true\" class=\"wp-block-spacer\"><\/div>\n\n\n\n<p>Participaron de la degustaci\u00f3n las socias de Amuva <strong>Claudia Yanz\u00f3n, Nora Vicario, Claudia Farina, Sandra Can\u00e9, Silvana Fourcade<\/strong>; los periodistas <strong>Carlos Joseph<\/strong> de Rincon Bonvivant, <strong>Teresa Garc\u00eda Santill\u00e1n<\/strong> de Bonvivir (La Naci\u00f3n), <strong>Emiliano Ega\u00f1a <\/strong>de Vin\u00f3manos, <strong>Luli Bonomo<\/strong> de Modo Viernes y <strong>Lorena Mellone<\/strong> de <strong>Enolife.<\/strong><\/p>\n\n\n\n<div style=\"height:35px\" aria-hidden=\"true\" class=\"wp-block-spacer\"><\/div>\n\n\n\n<p class=\"has-medium-font-size\"><strong>Sobre Amuva<\/strong><\/p>\n\n\n\n<p>La Asociaci\u00f3n Mujeres del Vino de Argentina (Amuva) fue constituida en Mendoza en el a\u00f1o 2013 y es la primera asociaci\u00f3n civil sin fines de lucro del pa\u00eds integrada por mujeres entusiastas del vino, cuyo principal prop\u00f3sito es promover un \u00e1mbito integrador y de capacitaci\u00f3n en lo cultural, profesional y social para contribuir con el aporte de la mujer al sostenimiento y crecimiento de estos sectores y de quienes los integran, haciendo hincapi\u00e9 en difundir el consumo moderado y responsable, mediante la aplicaci\u00f3n del programa <em>Wine in Moderation<\/em>.<\/p>\n\n\n\n<p>En la actualidad cuenta con 75 socias de diferentes profesiones y ocupaciones, lo que conlleva un \u00e1mbito de mutuo enriquecimiento al ser todas apasionadas por el vino, su industria, su cultura y el enoturismo. <\/p>\n\n\n\n<p>Para lograr sus objetivos, la asociaci\u00f3n genera diferentes actividades con el foco en la capacitaci\u00f3n, como visitas a vi\u00f1edos asistidas por ingenieros agr\u00f3nomos, experiencia pr\u00e1ctica de cosecha, recorridos por bodegas y degustaciones guiadas por profesionales de la enolog\u00eda, charlas, conferencias, reuniones o conversatorios sobre distintos temas vinculados a la vitivinicultura y al vino en particular. Todo ese contexto de profundizaci\u00f3n en el conocimiento de los aspectos t\u00e9cnicos y culturales del vino se realiza desarrollando en paralelo acciones solidarias y de responsabilidad social teniendo presente el car\u00e1cter de asociaci\u00f3n civil sin fines de lucro.<\/p>\n\n\n\n<p>Amuva integra la <strong>Red Mundial de Mujeres del Vino (Women of Wine World Net)<\/strong>, creada en 2019 por iniciativa de <strong>Le Donne del Vino<\/strong> de Italia. Conforman esta red las asociaciones de mujeres del vino de <strong>Italia, Argentina, Francia, Croacia, Chile, Per\u00fa, Alemania, Austria, Australia, Nueva Zelanda, Canad\u00e1 y Georgia.<\/strong><\/p>\n\n\n\n<div style=\"height:30px\" aria-hidden=\"true\" class=\"wp-block-spacer\"><\/div>\n","protected":false},"excerpt":{"rendered":"<p>El mi\u00e9rcoles 26 de marzo, representantes de la Asociaci\u00f3n de Mujeres del Vino (Amuva) de&hellip;<\/p>\n","protected":false},"author":2,"featured_media":142187,"comment_status":"open","ping_status":"open","sticky":false,"template":"","format":"standard","meta":{"footnotes":""},"categories":[56,14],"tags":[],"class_list":["post-142122","post","type-post","status-publish","format-standard","has-post-thumbnail","hentry","category-destacado","category-news"],"_links":{"self":[{"href":"https:\/\/enolife.com.ar\/es\/wp-json\/wp\/v2\/posts\/142122","targetHints":{"allow":["GET"]}}],"collection":[{"href":"https:\/\/enolife.com.ar\/es\/wp-json\/wp\/v2\/posts"}],"about":[{"href":"https:\/\/enolife.com.ar\/es\/wp-json\/wp\/v2\/types\/post"}],"author":[{"embeddable":true,"href":"https:\/\/enolife.com.ar\/es\/wp-json\/wp\/v2\/users\/2"}],"replies":[{"embeddable":true,"href":"https:\/\/enolife.com.ar\/es\/wp-json\/wp\/v2\/comments?post=142122"}],"version-history":[{"count":0,"href":"https:\/\/enolife.com.ar\/es\/wp-json\/wp\/v2\/posts\/142122\/revisions"}],"wp:featuredmedia":[{"embeddable":true,"href":"https:\/\/enolife.com.ar\/es\/wp-json\/wp\/v2\/media\/142187"}],"wp:attachment":[{"href":"https:\/\/enolife.com.ar\/es\/wp-json\/wp\/v2\/media?parent=142122"}],"wp:term":[{"taxonomy":"category","embeddable":true,"href":"https:\/\/enolife.com.ar\/es\/wp-json\/wp\/v2\/categories?post=142122"},{"taxonomy":"post_tag","embeddable":true,"href":"https:\/\/enolife.com.ar\/es\/wp-json\/wp\/v2\/tags?post=142122"}],"curies":[{"name":"wp","href":"https:\/\/api.w.org\/{rel}","templated":true}]}}