{"id":142106,"date":"2025-03-30T21:27:18","date_gmt":"2025-03-30T21:27:18","guid":{"rendered":"https:\/\/enolife.com.ar\/es\/?p=142106"},"modified":"2025-04-01T14:23:40","modified_gmt":"2025-04-01T14:23:40","slug":"emprendedores-exponen-y-venden-sus-productos-regionales-en-la-casa-de-mendoza-en-buenos-aires","status":"publish","type":"post","link":"https:\/\/enolife.com.ar\/es\/emprendedores-exponen-y-venden-sus-productos-regionales-en-la-casa-de-mendoza-en-buenos-aires\/","title":{"rendered":"Emprendedores exponen y venden sus productos regionales en la Casa de Mendoza en Buenos Aires"},"content":{"rendered":"\n<h4 class=\"wp-block-heading\"><em><strong>Para celebrar la Semana del Malbec, del 7 al 11 de abril pr\u00f3ximos, una misi\u00f3n de artesanos, artistas pl\u00e1sticos, elaboradores de vinos y alimentos caseros, pondr\u00e1n en escena sus productos regionales con el sello t\u00edpico mendocino. La embajada mendocina en la capital argentina, ubicada en Callao 445 de la Ciudad Aut\u00f3noma de Buenos Aires (CABA), estar\u00e1 abierta a todo p\u00fablico, con ingreso gratuito. La expo se repetir\u00e1 durante una semana cada mes hasta fin de a\u00f1o en fechas a confirmar.<\/strong><\/em><\/h4>\n\n\n\n<div style=\"height:35px\" aria-hidden=\"true\" class=\"wp-block-spacer\"><\/div>\n\n\n<a href=\"https:\/\/jmzeballos.com\/\" aria-label=\"PUBLICIDAD ENOLIFE 2023_\u00c1NFORAS 1700 x 500\"><img loading=\"lazy\" decoding=\"async\" src=\"https:\/\/enolife.com.ar\/es\/wp-content\/uploads\/2020\/12\/PUBLICIDAD-ENOLIFE-2023_ANFORAS-1700-x-500.jpg\" alt=\"\"  srcset=\"https:\/\/enolife.com.ar\/es\/wp-content\/uploads\/2020\/12\/PUBLICIDAD-ENOLIFE-2023_ANFORAS-1700-x-500.jpg 1700w, https:\/\/enolife.com.ar\/es\/wp-content\/uploads\/2020\/12\/PUBLICIDAD-ENOLIFE-2023_ANFORAS-1700-x-500-300x88.jpg 300w, https:\/\/enolife.com.ar\/es\/wp-content\/uploads\/2020\/12\/PUBLICIDAD-ENOLIFE-2023_ANFORAS-1700-x-500-1024x301.jpg 1024w, https:\/\/enolife.com.ar\/es\/wp-content\/uploads\/2020\/12\/PUBLICIDAD-ENOLIFE-2023_ANFORAS-1700-x-500-768x226.jpg 768w, https:\/\/enolife.com.ar\/es\/wp-content\/uploads\/2020\/12\/PUBLICIDAD-ENOLIFE-2023_ANFORAS-1700-x-500-1536x452.jpg 1536w, https:\/\/enolife.com.ar\/es\/wp-content\/uploads\/2020\/12\/PUBLICIDAD-ENOLIFE-2023_ANFORAS-1700-x-500-1170x344.jpg 1170w, https:\/\/enolife.com.ar\/es\/wp-content\/uploads\/2020\/12\/PUBLICIDAD-ENOLIFE-2023_ANFORAS-1700-x-500-585x172.jpg 585w\" sizes=\"auto, (max-width: 1700px) 100vw, 1700px\" width=\"1700\" height=\"500\"   \/><\/a>\n\n\n<div style=\"height:45px\" aria-hidden=\"true\" class=\"wp-block-spacer\"><\/div>\n\n\n\n<p>En el marco de una nueva edici\u00f3n del encuentro bautizado <strong>\u00abT\u00edpicamente mendocino\u00bb,<\/strong> productores de esta provincia expondr\u00e1n y pondran a la venta sus productos en la <strong>Casa de Mendoza,<\/strong> para celebrar la <strong>Semana del Malbec<\/strong> del 7 al 11 de abril de 10 a 19.<\/p>\n\n\n<div class=\"wp-block-image\">\n<figure class=\"alignleft size-large is-resized\"><a href=\"https:\/\/enolife.com.ar\/es\/wp-content\/uploads\/2025\/03\/WhatsApp-Image-2025-03-26-at-09.05.34-1.jpeg\" data-rel=\"penci-gallery-image-content\" ><img loading=\"lazy\" decoding=\"async\" src=\"https:\/\/enolife.com.ar\/es\/wp-content\/uploads\/2025\/03\/WhatsApp-Image-2025-03-26-at-09.05.34-1-1024x1024.jpeg\" alt=\"\" class=\"wp-image-142108\" width=\"300\" height=\"300\" srcset=\"https:\/\/enolife.com.ar\/es\/wp-content\/uploads\/2025\/03\/WhatsApp-Image-2025-03-26-at-09.05.34-1-1024x1024.jpeg 1024w, https:\/\/enolife.com.ar\/es\/wp-content\/uploads\/2025\/03\/WhatsApp-Image-2025-03-26-at-09.05.34-1-300x300.jpeg 300w, https:\/\/enolife.com.ar\/es\/wp-content\/uploads\/2025\/03\/WhatsApp-Image-2025-03-26-at-09.05.34-1-150x150.jpeg 150w, https:\/\/enolife.com.ar\/es\/wp-content\/uploads\/2025\/03\/WhatsApp-Image-2025-03-26-at-09.05.34-1-768x768.jpeg 768w, https:\/\/enolife.com.ar\/es\/wp-content\/uploads\/2025\/03\/WhatsApp-Image-2025-03-26-at-09.05.34-1-585x585.jpeg 585w, https:\/\/enolife.com.ar\/es\/wp-content\/uploads\/2025\/03\/WhatsApp-Image-2025-03-26-at-09.05.34-1.jpeg 1080w\" sizes=\"auto, (max-width: 300px) 100vw, 300px\" \/><\/a><\/figure><\/div>\n\n\n<p>Esta expo, organizada por la <strong>Casa de Mendoza<\/strong> junto con la Direcci\u00f3n de Econom\u00eda Social, dependiente del Ministerio de Gobierno, Infraestructura y Desarrollo Territorial del <strong>Gobierno de Mendoza<\/strong>, permitir\u00e1 que los emprendedores mendocinos expongan y comercialicen sus productos con identidad regional.<\/p>\n\n\n\n<p>Durante el evento, que tendr\u00e1 lugar del<strong> 7 al 11 de abril de 10 a 19 hs<\/strong>, los asistentes podr\u00e1n disfrutar de una variada exposici\u00f3n y de la comercializaci\u00f3n de <strong>artesan\u00edas, indumentaria, gastronom\u00eda tradicional y m\u00e1s<\/strong>, todo elaborado a mano y sin intermediarios para la venta. La compra de esos productos contribuye al desarrollo de estos emprendedores mendocinos.<\/p>\n\n\n\n<p><strong>Santiago Su\u00e1rez<\/strong>, jefe de Ggabinete del Ministerio de Gobierno, Infraestructura y Desarrollo Territorial, expres\u00f3: <em>\u201cLa Casa de Mendoza tiene sus puertas abiertas para recibir a los productores mendocinos. La propuesta de &#8216;T\u00edpicamente Mendocino&#8217; se realizar\u00e1 todos los meses, durante una semana, contribuyendo as\u00ed al crecimiento de cada emprendimiento que participa y permitiendo que los mendocinos que viven en la Ciudad de Buenos Aires puedan adquirir productos locales en forma directa y sin intermediarios\u201d.<\/em><\/p>\n\n\n\n<p>La directora de Econom\u00eda Social, <strong>Lorena Meschini<\/strong>, por su parte destac\u00f3: <em>\u201cEn cada semana de &#8216;T\u00edpicamente Mendocino&#8217; participan diferentes productores. En esta edici\u00f3n, la tem\u00e1tica ser\u00e1 la Semana del Malbec, por lo que quienes visiten la Casa de Mendoza podr\u00e1n encontrar productos relacionados con esta cepa, como alfajores rellenos de mermelada de Malbec y licor de Malbec, entre otros. Nos llena de satisfacci\u00f3n saber que les acercamos a los productores locales estas posibilidades de comercializaci\u00f3n\u201d.<\/em><\/p>\n\n\n\n<div style=\"height:35px\" aria-hidden=\"true\" class=\"wp-block-spacer\"><\/div>\n\n\n\n<p class=\"has-medium-font-size\"><strong>Emprendimientos participantes<\/strong><\/p>\n\n\n\n<p>Entre los emprendimientos y las unidades productivas de la econom\u00eda social de Mendoza que participar\u00e1n se encuentran:<\/p>\n\n\n\n<ul class=\"wp-block-list\">\n<li>Dami\u00e1n N\u00fa\u00f1ez &#8211; El Vistaflorino: vinos de garaje y productos artesanales.<\/li>\n\n\n\n<li>Gerardo Caparroz &#8211; Zampal: aceites y encurtidos artesanales.<\/li>\n\n\n\n<li>Hern\u00e1n Torres &#8211; Torrecitos: conservas, mermeladas y dulces.<\/li>\n\n\n\n<li>\u00c1ngeles Weber &#8211; Finca Divisadero: dulces, conservas y frutos secos.<\/li>\n\n\n\n<li>Encanto Fina Bijou &#8211; Dise\u00f1os exclusivos en perlas de cultivo de r\u00edo y piedras naturales.<\/li>\n\n\n\n<li>Las Juanas &#8211; Chocolates y sabores de autor.<\/li>\n\n\n\n<li>Ruru y Yuyu &#8211; Mermeladas gourmet, vinos, frutos secos y chocolates.<\/li>\n\n\n\n<li>Rey del Caf\u00e9 &#8211; Caf\u00e9, con m\u00e1s de 50 a\u00f1os de experiencia.<\/li>\n\n\n\n<li>Claudia Ver\u00f3n &#8211; Pasi\u00f3n y Locura: licores artesanales.<\/li>\n\n\n\n<li>Dulce Amor &#8211; Alfajores y chocolates artesanales premium con sabores mendocinos.<\/li>\n\n\n\n<li>Cueros T y E: productos de cuero trabajados a mano.<\/li>\n\n\n\n<li>Selah Marroquiner\u00eda: art\u00edculos de cuero fabricados artesanalmente en ediciones limitadas.<\/li>\n<\/ul>\n\n\n\n<div style=\"height:29px\" aria-hidden=\"true\" class=\"wp-block-spacer\"><\/div>\n","protected":false},"excerpt":{"rendered":"<p>Para celebrar la Semana del Malbec, del 7 al 11 de abril pr\u00f3ximos, una misi\u00f3n&hellip;<\/p>\n","protected":false},"author":2,"featured_media":142110,"comment_status":"open","ping_status":"open","sticky":false,"template":"","format":"standard","meta":{"footnotes":""},"categories":[47],"tags":[],"class_list":["post-142106","post","type-post","status-publish","format-standard","has-post-thumbnail","hentry","category-agenda"],"_links":{"self":[{"href":"https:\/\/enolife.com.ar\/es\/wp-json\/wp\/v2\/posts\/142106","targetHints":{"allow":["GET"]}}],"collection":[{"href":"https:\/\/enolife.com.ar\/es\/wp-json\/wp\/v2\/posts"}],"about":[{"href":"https:\/\/enolife.com.ar\/es\/wp-json\/wp\/v2\/types\/post"}],"author":[{"embeddable":true,"href":"https:\/\/enolife.com.ar\/es\/wp-json\/wp\/v2\/users\/2"}],"replies":[{"embeddable":true,"href":"https:\/\/enolife.com.ar\/es\/wp-json\/wp\/v2\/comments?post=142106"}],"version-history":[{"count":0,"href":"https:\/\/enolife.com.ar\/es\/wp-json\/wp\/v2\/posts\/142106\/revisions"}],"wp:featuredmedia":[{"embeddable":true,"href":"https:\/\/enolife.com.ar\/es\/wp-json\/wp\/v2\/media\/142110"}],"wp:attachment":[{"href":"https:\/\/enolife.com.ar\/es\/wp-json\/wp\/v2\/media?parent=142106"}],"wp:term":[{"taxonomy":"category","embeddable":true,"href":"https:\/\/enolife.com.ar\/es\/wp-json\/wp\/v2\/categories?post=142106"},{"taxonomy":"post_tag","embeddable":true,"href":"https:\/\/enolife.com.ar\/es\/wp-json\/wp\/v2\/tags?post=142106"}],"curies":[{"name":"wp","href":"https:\/\/api.w.org\/{rel}","templated":true}]}}