{"id":142087,"date":"2025-03-31T14:09:56","date_gmt":"2025-03-31T14:09:56","guid":{"rendered":"https:\/\/enolife.com.ar\/es\/?p=142087"},"modified":"2025-04-01T17:04:05","modified_gmt":"2025-04-01T17:04:05","slug":"vinateros-sanjuaninos-estan-preocupados-por-una-merma-del-15-en-la-cosecha-de-uva-local","status":"publish","type":"post","link":"https:\/\/enolife.com.ar\/es\/vinateros-sanjuaninos-estan-preocupados-por-una-merma-del-15-en-la-cosecha-de-uva-local\/","title":{"rendered":"Vi\u00f1ateros sanjuaninos est\u00e1n preocupados por una merma del 15% en la cosecha de uva local"},"content":{"rendered":"\n<h4 class=\"wp-block-heading\"><em><strong>Por efecto de un ataque inusualmente da\u00f1ino de peron\u00f3spera, sumado a los efectos adversos del granizo y las olas de calor, la vendimia hasta el 23\/3\/25 en San Juan ha sufrido una merma con respecto a 2024, pasando de 382.325.336 kilos cosechados a esta misma fecha del a\u00f1o pasado, a 338.760.731 kilos este a\u00f1o. <\/strong><\/em><\/h4>\n\n\n\n<div style=\"height:35px\" aria-hidden=\"true\" class=\"wp-block-spacer\"><\/div>\n\n\n<a href=\"https:\/\/www.dellatoffola.com.ar\/es\/home\" aria-label=\"della toffolla 1700&#215;500\"><img loading=\"lazy\" decoding=\"async\" src=\"https:\/\/enolife.com.ar\/es\/wp-content\/uploads\/2023\/10\/della-toffolla-1700x500-2.png\" alt=\"\"  srcset=\"https:\/\/enolife.com.ar\/es\/wp-content\/uploads\/2023\/10\/della-toffolla-1700x500-2.png 1699w, https:\/\/enolife.com.ar\/es\/wp-content\/uploads\/2023\/10\/della-toffolla-1700x500-2-300x88.png 300w, https:\/\/enolife.com.ar\/es\/wp-content\/uploads\/2023\/10\/della-toffolla-1700x500-2-1024x301.png 1024w, https:\/\/enolife.com.ar\/es\/wp-content\/uploads\/2023\/10\/della-toffolla-1700x500-2-768x226.png 768w, https:\/\/enolife.com.ar\/es\/wp-content\/uploads\/2023\/10\/della-toffolla-1700x500-2-1536x451.png 1536w, https:\/\/enolife.com.ar\/es\/wp-content\/uploads\/2023\/10\/della-toffolla-1700x500-2-1170x344.png 1170w, https:\/\/enolife.com.ar\/es\/wp-content\/uploads\/2023\/10\/della-toffolla-1700x500-2-585x172.png 585w\" sizes=\"auto, (max-width: 1699px) 100vw, 1699px\" width=\"1699\" height=\"499\"   \/><\/a>\n\n\n<div style=\"height:45px\" aria-hidden=\"true\" class=\"wp-block-spacer\"><\/div>\n\n\n\n<p>La cosecha de uva en <strong>San Juan<\/strong> est\u00e1 pr\u00e1cticamente finalizada y los datos oficiales del <strong>Instituto Nacional de Vitivinicultura (INV) <\/strong>confirman la preocupaci\u00f3n del sector: la producci\u00f3n muestra una ca\u00edda en comparaci\u00f3n con la campa\u00f1a 2024. Esto es un dato contrario al que anticiparon desde el INV hace unos meses atr\u00e1s, por el cual se estimaba que la producci\u00f3n de uva para la cosecha 2025 ser\u00eda un 10% mayor a la del a\u00f1o anterior en todo el pa\u00eds. Si bien esta cifra se estar\u00eda confirmando a nivel pa\u00eds, lo cierto es que en San Juan la vendimia est\u00e1 siendo menor.<\/p>\n\n\n<div class=\"wp-block-image\">\n<figure class=\"alignleft size-full is-resized\"><a href=\"https:\/\/enolife.com.ar\/es\/wp-content\/uploads\/2025\/03\/image-74.png\" data-rel=\"penci-gallery-image-content\" ><img loading=\"lazy\" decoding=\"async\" src=\"https:\/\/enolife.com.ar\/es\/wp-content\/uploads\/2025\/03\/image-74.png\" alt=\"\" class=\"wp-image-142119\" width=\"411\" height=\"231\" srcset=\"https:\/\/enolife.com.ar\/es\/wp-content\/uploads\/2025\/03\/image-74.png 375w, https:\/\/enolife.com.ar\/es\/wp-content\/uploads\/2025\/03\/image-74-300x169.png 300w\" sizes=\"auto, (max-width: 411px) 100vw, 411px\" \/><\/a><\/figure><\/div>\n\n\n<p>Seg\u00fan el parte de cosecha del INV correspondiente hasta la semana 16, es decir, hasta el pasado domingo 23 de marzo, en esta provincia se hab\u00edan cosechado <strong>338.760.731 kilos de uva.<\/strong> En 2024, a la misma fecha, la cifra ascend\u00eda a 382.325.336 kilos. <em>\u201cEl Instituto estim\u00f3 una suba del 10%, pero ya en enero le advertimos al vicedirector que la merma ac\u00e1 estar\u00eda entre el 15 y 20%, y as\u00ed fue\u201d<\/em>, afirm\u00f3 <strong>Juan Jos\u00e9 Ramos <\/strong>(foto), presidente de la <strong>Asociaci\u00f3n de Vi\u00f1ateros Independientes<\/strong> de San Juan.<\/p>\n\n\n\n<p>Los fen\u00f3menos clim\u00e1ticos fueron determinantes en la reducci\u00f3n de la producci\u00f3n. Ramos se\u00f1al\u00f3 que <em>\u201cla peron\u00f3spera, el granizo y la ola de calor afectaron gravemente los vi\u00f1edos, lo que motiv\u00f3 la solicitud al gobierno para la declaraci\u00f3n de emergencia agropecuaria en varios departamentos\u201d. <\/em>Adem\u00e1s, la plaga de lobesia botrana complic\u00f3 a\u00fan m\u00e1s el panorama<em>. \u201cA nuestro criterio, la plaga est\u00e1 descontrolada. Naci\u00f3n nos quit\u00f3 los recursos para combatirla, aunque el gobierno provincial brind\u00f3 apoyo\u201d<\/em>, agreg\u00f3 Ramos.<\/p>\n\n\n\n<p>En cuanto al destino de la cosecha, el informe del INV indica que en San Juan se ha derivado a mosto el 56% de las uvas ingresadas a las bodegas. Este porcentaje podr\u00eda elevarse al 60% una vez finalizada la recolecci\u00f3n.<\/p>\n\n\n\n<p>A nivel nacional, Mendoza lidera la producci\u00f3n con 1.040.978.957 kilos de uva cosechados hasta el 23\/3\/25. Sin embargo, la situaci\u00f3n en San Juan plantea interrogantes sobre la rentabilidad del sector y las estrategias necesarias para enfrentar los desaf\u00edos productivos en un contexto de adversidades clim\u00e1ticas,&nbsp;sanitarias y econ\u00f3micas.&nbsp;<\/p>\n\n\n\n<p>La ca\u00edda en la cosecha sanjuanina podr\u00eda repercutir en el mercado del vino y el mosto en los pr\u00f3ximos meses, por lo que el sector vitivin\u00edcola local sigue de cerca la evoluci\u00f3n de la industria.<\/p>\n\n\n\n<div style=\"height:29px\" aria-hidden=\"true\" class=\"wp-block-spacer\"><\/div>\n\n\n\n<p class=\"has-small-font-size\"><em><strong>Fuente: Diario Huarpe de San Juan. Por Yanina P\u00e1ez<\/strong><\/em><\/p>\n\n\n\n<div style=\"height:22px\" aria-hidden=\"true\" class=\"wp-block-spacer\"><\/div>\n","protected":false},"excerpt":{"rendered":"<p>Por efecto de un ataque inusualmente da\u00f1ino de peron\u00f3spera, sumado a los efectos adversos del&hellip;<\/p>\n","protected":false},"author":2,"featured_media":142121,"comment_status":"open","ping_status":"open","sticky":false,"template":"","format":"standard","meta":{"footnotes":""},"categories":[14],"tags":[],"class_list":["post-142087","post","type-post","status-publish","format-standard","has-post-thumbnail","hentry","category-news"],"_links":{"self":[{"href":"https:\/\/enolife.com.ar\/es\/wp-json\/wp\/v2\/posts\/142087","targetHints":{"allow":["GET"]}}],"collection":[{"href":"https:\/\/enolife.com.ar\/es\/wp-json\/wp\/v2\/posts"}],"about":[{"href":"https:\/\/enolife.com.ar\/es\/wp-json\/wp\/v2\/types\/post"}],"author":[{"embeddable":true,"href":"https:\/\/enolife.com.ar\/es\/wp-json\/wp\/v2\/users\/2"}],"replies":[{"embeddable":true,"href":"https:\/\/enolife.com.ar\/es\/wp-json\/wp\/v2\/comments?post=142087"}],"version-history":[{"count":0,"href":"https:\/\/enolife.com.ar\/es\/wp-json\/wp\/v2\/posts\/142087\/revisions"}],"wp:featuredmedia":[{"embeddable":true,"href":"https:\/\/enolife.com.ar\/es\/wp-json\/wp\/v2\/media\/142121"}],"wp:attachment":[{"href":"https:\/\/enolife.com.ar\/es\/wp-json\/wp\/v2\/media?parent=142087"}],"wp:term":[{"taxonomy":"category","embeddable":true,"href":"https:\/\/enolife.com.ar\/es\/wp-json\/wp\/v2\/categories?post=142087"},{"taxonomy":"post_tag","embeddable":true,"href":"https:\/\/enolife.com.ar\/es\/wp-json\/wp\/v2\/tags?post=142087"}],"curies":[{"name":"wp","href":"https:\/\/api.w.org\/{rel}","templated":true}]}}