{"id":141967,"date":"2025-04-02T17:34:11","date_gmt":"2025-04-02T17:34:11","guid":{"rendered":"https:\/\/enolife.com.ar\/es\/?p=141967"},"modified":"2025-04-04T15:09:38","modified_gmt":"2025-04-04T15:09:38","slug":"vino-gastronomia-musica-y-artes-plasticas-en-el-festival-catarte-11-y-12-4-en-cafayate-salta","status":"publish","type":"post","link":"https:\/\/enolife.com.ar\/es\/vino-gastronomia-musica-y-artes-plasticas-en-el-festival-catarte-11-y-12-4-en-cafayate-salta\/","title":{"rendered":"Vino, gastronom\u00eda, m\u00fasica y artes pl\u00e1sticas en el festival CatArte, 11 y 12\/4 en Cafayate, Salta"},"content":{"rendered":"\n<h4 class=\"wp-block-heading\"><em><strong>En esta impactante localidad de los Valles Calchaqu\u00edes, donde nacen, se beben y van al mundo cada d\u00eda m\u00e1s cotizados vinos de Argentina,  se realizar\u00e1 la primera edici\u00f3n de CatArte, un festival que promete convertirse en una cita atractiva para los amantes del vino, la gastronom\u00eda y el arte. El encuentro tendr\u00e1 lugar los d\u00edas 11 y 12 de abril de 2025 en la Finca El Retiro, morada de El Porvenir Wine Lodge, ubicada a pocos minutos del centro de esta ciudad salte\u00f1a.<\/strong><\/em><\/h4>\n\n\n\n<div style=\"height:35px\" aria-hidden=\"true\" class=\"wp-block-spacer\"><\/div>\n\n\n<a href=\"https:\/\/www.instagram.com\/gruposolper\/?hl=es\" aria-label=\"ENOLIFE_1700X500_2 SOLPER\"><img loading=\"lazy\" decoding=\"async\" src=\"https:\/\/enolife.com.ar\/es\/wp-content\/uploads\/2024\/10\/ENOLIFE_1700X500_2-SOLPER.jpg\" alt=\"\"  srcset=\"https:\/\/enolife.com.ar\/es\/wp-content\/uploads\/2024\/10\/ENOLIFE_1700X500_2-SOLPER.jpg 1700w, https:\/\/enolife.com.ar\/es\/wp-content\/uploads\/2024\/10\/ENOLIFE_1700X500_2-SOLPER-300x88.jpg 300w, https:\/\/enolife.com.ar\/es\/wp-content\/uploads\/2024\/10\/ENOLIFE_1700X500_2-SOLPER-1024x301.jpg 1024w, https:\/\/enolife.com.ar\/es\/wp-content\/uploads\/2024\/10\/ENOLIFE_1700X500_2-SOLPER-768x226.jpg 768w, https:\/\/enolife.com.ar\/es\/wp-content\/uploads\/2024\/10\/ENOLIFE_1700X500_2-SOLPER-1536x452.jpg 1536w, https:\/\/enolife.com.ar\/es\/wp-content\/uploads\/2024\/10\/ENOLIFE_1700X500_2-SOLPER-1170x344.jpg 1170w, https:\/\/enolife.com.ar\/es\/wp-content\/uploads\/2024\/10\/ENOLIFE_1700X500_2-SOLPER-585x172.jpg 585w\" sizes=\"auto, (max-width: 1700px) 100vw, 1700px\" width=\"1700\" height=\"500\"   \/><\/a>\n\n\n<div style=\"height:45px\" aria-hidden=\"true\" class=\"wp-block-spacer\"><\/div>\n\n\n\n<p>Con un formato de feria de cercan\u00eda, <strong>CatArte<\/strong> ofrecer\u00e1 una experiencia con degustaciones abiertas de las m\u00e1s reconocidas bodegas de la regi\u00f3n, maridadas con gastronom\u00eda de autor, arte contempor\u00e1neo y m\u00fasica en vivo. La propuesta busca posicionar a esta zona vitivin\u00edcola de los <strong>Valles Calchaqu\u00edes<\/strong> como una de las m\u00e1s destacadas del pa\u00eds, y ya antes de su primera edici\u00f3n ya ha sido declarada de Inter\u00e9s Tur\u00edstico Nacional y cuenta con el auspicio de la C\u00e1mara Argentina de Turismo.<\/p>\n\n\n\n<div style=\"height:30px\" aria-hidden=\"true\" class=\"wp-block-spacer\"><\/div>\n\n\n\n<p><strong>\u00bfQu\u00e9 es CatArte?<\/strong><\/p>\n\n\n\n<p>CatArte es la creaci\u00f3n de <strong>Bel\u00e9n Carril Loyte <\/strong>y <strong>Julia Rebottaro Pettinari<\/strong>, dos mujeres de <strong>Buenos Aires<\/strong> apasionadas por el arte y la creatividad, que encontraron en este proyecto una manera de unir su amor por la cultura con la riqueza del Valle.<em> \u201cLa idea de crear CatArte surgi\u00f3 desde la necesidad de tener un proyecto en el Valle Calchaqu\u00ed, enamorados del entorno y maravillados por el crecimiento de la industria vitivin\u00edcola. Es un maridaje entre el vino, el paisaje y las expresiones culturales propias de la regi\u00f3n\u201d<\/em>, explicaron las productoras del evento.<\/p>\n\n\n\n<p>El festival busca diferenciarse de otros eventos enol\u00f3gicos al poner el foco en una experiencia integradora que no s\u00f3lo involucra a los conocedores del vino, sino tambi\u00e9n a turistas, locales y amantes del arte en general. <em>\u201cEn la regi\u00f3n existen otros eventos vinculados al vino, pero que son bastante m\u00e1s t\u00e9cnicos y que le hablan m\u00e1s a la industria. CatArte le habla tanto al consumidor como al productor, a la industria y al turismo. No hace falta saber de vinos para disfrutar de esta experiencia, lo mismo pasa con el arte\u201d<\/em>, agregaron.<\/p>\n\n\n\n<div style=\"height:30px\" aria-hidden=\"true\" class=\"wp-block-spacer\"><\/div>\n\n\n<div class=\"wp-block-image\">\n<figure class=\"aligncenter size-full\"><a href=\"https:\/\/enolife.com.ar\/es\/wp-content\/uploads\/2025\/03\/600x400_llega-catarte-nuevo-evento-enologico-artistico-cafayate-1075949-192032.jpg\" data-rel=\"penci-gallery-image-content\" ><img loading=\"lazy\" decoding=\"async\" width=\"534\" height=\"344\" src=\"https:\/\/enolife.com.ar\/es\/wp-content\/uploads\/2025\/03\/600x400_llega-catarte-nuevo-evento-enologico-artistico-cafayate-1075949-192032.jpg\" alt=\"\" class=\"wp-image-141973\" srcset=\"https:\/\/enolife.com.ar\/es\/wp-content\/uploads\/2025\/03\/600x400_llega-catarte-nuevo-evento-enologico-artistico-cafayate-1075949-192032.jpg 534w, https:\/\/enolife.com.ar\/es\/wp-content\/uploads\/2025\/03\/600x400_llega-catarte-nuevo-evento-enologico-artistico-cafayate-1075949-192032-300x193.jpg 300w\" sizes=\"auto, (max-width: 534px) 100vw, 534px\" \/><\/a><figcaption class=\"wp-element-caption\"><em><strong>Bel\u00e9n Carril Loyte y Julia Rebottaro Pettinari, productoras de CatArte<\/strong>.<\/em><\/figcaption><\/figure><\/div>\n\n\n<div style=\"height:30px\" aria-hidden=\"true\" class=\"wp-block-spacer\"><\/div>\n\n\n\n<p>Uno de los aspectos para destacar del encuentro es su horario, ya que se realizar\u00e1 al atardecer: <em>\u201cEl atardecer en el Valle muestra todos los colores reflejados del cielo en los cerros. Adem\u00e1s, permite que los visitantes disfruten durante el d\u00eda de las bodegas y excursiones. De est\u00e1 manera, CatArt no se superpone con otras experiencias\u201d<\/em>, contaron las chicas.<\/p>\n\n\n\n<p>La esencia del evento es la integraci\u00f3n de diferentes disciplinas art\u00edsticas, pero siendo el vino el eje central. El festival contar\u00e1 con la participaci\u00f3n de los vinos de 25 bodegas confirmadas, entre ellas <strong>El Porvenir, Colom\u00e9, Agust\u00edn Lan\u00fas, Tacuil, Amalaya, Etchart, Domingo Molina <\/strong>y<strong> Vasija Secreta.<\/strong><\/p>\n\n\n\n<p>Adem\u00e1s de las degustaciones, los asistentes podr\u00e1n disfrutar de una barra de tragos de autor a cargo de <strong>Bar G\u00fcemes 125<\/strong>, junto con una propuesta gastron\u00f3mica dise\u00f1ada especialmente para la ocasi\u00f3n por <strong>Restaurante Pausa El Porvenir.<\/strong><\/p>\n\n\n\n<p>Por otro lado, se llevar\u00e1n a cabo diversas expresiones art\u00edsticas, como un taller abierto de acuarelas con <strong>Paolo Rossi<\/strong> y exposiciones de artistas pl\u00e1sticos como <strong>Karla Buz\u00f3, Isabella Johnston, Calixto Maman\u00ed<\/strong> y <strong>Paula La Fea<\/strong>, bajo la curadur\u00eda de <strong>Marcela L\u00f3pez Sastre<\/strong>. En cuanto al \u00e1mbito musical, la experiencia se enriquecer\u00e1 con DJ sets y shows en vivo, con artistas como <strong>Quinteto Mayor, Cuarteto Bacco <\/strong>y <strong>Cheka and the Walkings.<\/strong><\/p>\n\n\n\n<div style=\"height:30px\" aria-hidden=\"true\" class=\"wp-block-spacer\"><\/div>\n\n\n\n<p class=\"has-small-font-size\"><em><strong>Fuente: La Gaceta<\/strong><\/em><\/p>\n\n\n\n<div style=\"height:30px\" aria-hidden=\"true\" class=\"wp-block-spacer\"><\/div>\n","protected":false},"excerpt":{"rendered":"<p>En esta impactante localidad de los Valles Calchaqu\u00edes, donde nacen, se beben y van al&hellip;<\/p>\n","protected":false},"author":2,"featured_media":141971,"comment_status":"open","ping_status":"open","sticky":false,"template":"","format":"standard","meta":{"footnotes":""},"categories":[47,56],"tags":[],"class_list":["post-141967","post","type-post","status-publish","format-standard","has-post-thumbnail","hentry","category-agenda","category-destacado"],"_links":{"self":[{"href":"https:\/\/enolife.com.ar\/es\/wp-json\/wp\/v2\/posts\/141967","targetHints":{"allow":["GET"]}}],"collection":[{"href":"https:\/\/enolife.com.ar\/es\/wp-json\/wp\/v2\/posts"}],"about":[{"href":"https:\/\/enolife.com.ar\/es\/wp-json\/wp\/v2\/types\/post"}],"author":[{"embeddable":true,"href":"https:\/\/enolife.com.ar\/es\/wp-json\/wp\/v2\/users\/2"}],"replies":[{"embeddable":true,"href":"https:\/\/enolife.com.ar\/es\/wp-json\/wp\/v2\/comments?post=141967"}],"version-history":[{"count":0,"href":"https:\/\/enolife.com.ar\/es\/wp-json\/wp\/v2\/posts\/141967\/revisions"}],"wp:featuredmedia":[{"embeddable":true,"href":"https:\/\/enolife.com.ar\/es\/wp-json\/wp\/v2\/media\/141971"}],"wp:attachment":[{"href":"https:\/\/enolife.com.ar\/es\/wp-json\/wp\/v2\/media?parent=141967"}],"wp:term":[{"taxonomy":"category","embeddable":true,"href":"https:\/\/enolife.com.ar\/es\/wp-json\/wp\/v2\/categories?post=141967"},{"taxonomy":"post_tag","embeddable":true,"href":"https:\/\/enolife.com.ar\/es\/wp-json\/wp\/v2\/tags?post=141967"}],"curies":[{"name":"wp","href":"https:\/\/api.w.org\/{rel}","templated":true}]}}