{"id":141610,"date":"2025-03-28T12:52:55","date_gmt":"2025-03-28T12:52:55","guid":{"rendered":"https:\/\/enolife.com.ar\/es\/?p=141610"},"modified":"2025-03-29T15:02:19","modified_gmt":"2025-03-29T15:02:19","slug":"la-camara-de-comercio-de-eeuu-en-argentina-desembarca-en-cuyo-en-busca-de-nuevos-negocios","status":"publish","type":"post","link":"https:\/\/enolife.com.ar\/es\/la-camara-de-comercio-de-eeuu-en-argentina-desembarca-en-cuyo-en-busca-de-nuevos-negocios\/","title":{"rendered":"La C\u00e1mara de Comercio de EEUU en Argentina desembarca en Cuyo en busca de nuevos negocios"},"content":{"rendered":"\n<h4 class=\"wp-block-heading\"><em><strong>La instituci\u00f3n que vincula empresas de Argentina y Estados Unidos con el objetivo de promover negocios en beneficio de las econom\u00edas regionales de ambos pa\u00edses tiene una nueva sede, que enfoca especialmente en las provincias de Mendoza, San Juan y San Luis. Con 100 a\u00f1os de historia en el pa\u00eds, hoy la C\u00e1mara de Comercio de Estados Unidos en Argentina (AmCham) integra a unas 700 empresas de la regi\u00f3n Centro argentina, las que a su vez proporcionan unos 420.000 empleos directos. C\u00f3mo contactarse. <\/strong><\/em><\/h4>\n\n\n\n<div style=\"height:35px\" aria-hidden=\"true\" class=\"wp-block-spacer\"><\/div>\n\n\n<a href=\"https:\/\/www.dellatoffola.com.ar\/es\/home\" aria-label=\"Banner Filtro Omnia_1700x500\"><img loading=\"lazy\" decoding=\"async\" src=\"https:\/\/enolife.com.ar\/es\/wp-content\/uploads\/2023\/10\/Banner-Filtro-Omnia_1700x500.png\" alt=\"\"  srcset=\"https:\/\/enolife.com.ar\/es\/wp-content\/uploads\/2023\/10\/Banner-Filtro-Omnia_1700x500.png 1699w, https:\/\/enolife.com.ar\/es\/wp-content\/uploads\/2023\/10\/Banner-Filtro-Omnia_1700x500-300x88.png 300w, https:\/\/enolife.com.ar\/es\/wp-content\/uploads\/2023\/10\/Banner-Filtro-Omnia_1700x500-1024x301.png 1024w, https:\/\/enolife.com.ar\/es\/wp-content\/uploads\/2023\/10\/Banner-Filtro-Omnia_1700x500-768x226.png 768w, https:\/\/enolife.com.ar\/es\/wp-content\/uploads\/2023\/10\/Banner-Filtro-Omnia_1700x500-1536x452.png 1536w, https:\/\/enolife.com.ar\/es\/wp-content\/uploads\/2023\/10\/Banner-Filtro-Omnia_1700x500-1170x344.png 1170w, https:\/\/enolife.com.ar\/es\/wp-content\/uploads\/2023\/10\/Banner-Filtro-Omnia_1700x500-585x172.png 585w\" sizes=\"auto, (max-width: 1699px) 100vw, 1699px\" width=\"1699\" height=\"500\"   \/><\/a>\n\n\n<div style=\"height:45px\" aria-hidden=\"true\" class=\"wp-block-spacer\"><\/div>\n\n\n\n<p><strong>AmCham Argentina<\/strong> (la <strong>C\u00e1mara de Comercio de Estados Unidos en Argentina<\/strong>), lanz\u00f3 recientemente <strong>AmCham Regi\u00f3n Centro<\/strong>, una iniciativa que extiende su propuesta de valor a las provincias del centro de Argentina, con el objetivo de lograr una mayor integraci\u00f3n a los mercados internacionales y generar nuevas oportunidades de negocio a nivel federal del pa\u00eds.<\/p>\n\n\n\n<p>AmCham Regi\u00f3n Centro es una plataforma de acci\u00f3n que se enmarca en el compromiso que manifiesta la C\u00e1mara por el federalismo, el fortalecimiento de las econom\u00edas regionales y la generaci\u00f3n de nuevos v\u00ednculos del comercio internacional. Esta regi\u00f3n Centro ahora incluye dos delegaciones: la <strong>Delegaci\u00f3n C\u00f3rdoba<\/strong> y la nueva <strong>Delegaci\u00f3n Cuyo<\/strong> (<strong>San Luis, San Juan <\/strong>y<strong> Mendoza<\/strong>).<\/p>\n\n\n\n<div style=\"height:30px\" aria-hidden=\"true\" class=\"wp-block-spacer\"><\/div>\n\n\n<div class=\"wp-block-image\">\n<figure class=\"aligncenter size-full is-resized\"><a href=\"https:\/\/enolife.com.ar\/es\/wp-content\/uploads\/2025\/03\/3c554993d4c1f4edae7c6b6bc1c79d75f669b1de.jpg\" data-rel=\"penci-gallery-image-content\" ><img loading=\"lazy\" decoding=\"async\" src=\"https:\/\/enolife.com.ar\/es\/wp-content\/uploads\/2025\/03\/3c554993d4c1f4edae7c6b6bc1c79d75f669b1de.jpg\" alt=\"\" class=\"wp-image-141761\" width=\"561\" height=\"326\" srcset=\"https:\/\/enolife.com.ar\/es\/wp-content\/uploads\/2025\/03\/3c554993d4c1f4edae7c6b6bc1c79d75f669b1de.jpg 880w, https:\/\/enolife.com.ar\/es\/wp-content\/uploads\/2025\/03\/3c554993d4c1f4edae7c6b6bc1c79d75f669b1de-300x175.jpg 300w, https:\/\/enolife.com.ar\/es\/wp-content\/uploads\/2025\/03\/3c554993d4c1f4edae7c6b6bc1c79d75f669b1de-768x447.jpg 768w, https:\/\/enolife.com.ar\/es\/wp-content\/uploads\/2025\/03\/3c554993d4c1f4edae7c6b6bc1c79d75f669b1de-585x340.jpg 585w\" sizes=\"auto, (max-width: 561px) 100vw, 561px\" \/><\/a><figcaption class=\"wp-element-caption\"><em><strong>Alejandro D\u00edaz, CEO de AmCham Argentina<\/strong><\/em><strong>.<\/strong><\/figcaption><\/figure><\/div>\n\n\n<div style=\"height:30px\" aria-hidden=\"true\" class=\"wp-block-spacer\"><\/div>\n\n\n\n<p>Las bases para la conformaci\u00f3n y el establecimiento de la nueva delegaci\u00f3n en Cuyo ya hab\u00edan sido puestas durante un encuentro en esta provincia en octubre de 2024 entre los directivos de la C\u00e1mara y funcionarios del Gobierno de Mendoza, cuando se propusieron diferentes estrategias para facilitar el acceso de empresas locales al mercado estadounidense. Esa reuni\u00f3n tuvo como objetivo principal fortalecer los lazos entre el sector privado y la regi\u00f3n cuyana, buscando abrir nuevas puertas comerciales para las empresas locales. Y finalmente fructific\u00f3 en el desembarco en Cuyo.<\/p>\n\n\n\n<p>Al respecto, en esa ocasi\u00f3n el ministro de Producci\u00f3n de Mendoza, Rodolfo Vargas Arizu se\u00f1al\u00f3: <em>\u201cLa C\u00e1mara de Comercio Americana ha puesto sus ojos en la regi\u00f3n de Cuyo. Mendoza, San Juan y San Luis est\u00e1n siendo vistas como un n\u00facleo estrat\u00e9gico para las inversiones y el comercio exterior. Hemos logrado exponer a empresas de las tres provincias ante el inter\u00e9s creciente de Estados Unidos, que visualiza a la Argentina, y a Mendoza en particular, como parte de un camino hacia la estabilidad y el crecimiento. Nuestro desaf\u00edo ahora es consolidar esta confianza mediante la reducci\u00f3n de costos, la desburocratizaci\u00f3n y una mayor credibilidad en el mercado internacional\u201d.<\/em><\/p>\n\n\n\n<div style=\"height:19px\" aria-hidden=\"true\" class=\"wp-block-spacer\"><\/div>\n\n\n\n<p><strong>Una alianza de provecho mutuo<\/strong><\/p>\n\n\n\n<p>Seg\u00fan expresaron los dirigentes de la C\u00e1mara, <em>\u00abNuestro punto de partida es trabajar como la plataforma inicial, con la estructura de nuestra Delegaci\u00f3n C\u00f3rdoba que cuenta ya con m\u00e1s de 25 a\u00f1os profundizando las relaciones bilaterales con los Estados Unidos, y reforzando el di\u00e1logo y la cooperaci\u00f3n entre las empresas socias y los funcionarios provinciales. Por eso, dicha delegaci\u00f3n funcionar\u00e1 como nexo natural para conectar y coordinar a las provincias de Cuyo con la comunidad de negocios que re\u00fane a m\u00e1s de 700 empresas que generan m\u00e1s 420.000 empleos directos.<\/em>\u00ab<\/p>\n\n\n\n<div style=\"height:30px\" aria-hidden=\"true\" class=\"wp-block-spacer\"><\/div>\n\n\n<div class=\"wp-block-image\">\n<figure class=\"aligncenter size-large is-resized\"><a href=\"https:\/\/enolife.com.ar\/es\/wp-content\/uploads\/2025\/03\/amcham-alfredo-cornejojpg.webp\"><img loading=\"lazy\" decoding=\"async\" src=\"https:\/\/enolife.com.ar\/es\/wp-content\/uploads\/2025\/03\/amcham-alfredo-cornejojpg-1024x576.webp\" alt=\"\" class=\"wp-image-141764\" width=\"623\" height=\"350\" srcset=\"https:\/\/enolife.com.ar\/es\/wp-content\/uploads\/2025\/03\/amcham-alfredo-cornejojpg-1024x576.webp 1024w, https:\/\/enolife.com.ar\/es\/wp-content\/uploads\/2025\/03\/amcham-alfredo-cornejojpg-300x169.webp 300w, https:\/\/enolife.com.ar\/es\/wp-content\/uploads\/2025\/03\/amcham-alfredo-cornejojpg-768x432.webp 768w, https:\/\/enolife.com.ar\/es\/wp-content\/uploads\/2025\/03\/amcham-alfredo-cornejojpg-1170x658.webp 1170w, https:\/\/enolife.com.ar\/es\/wp-content\/uploads\/2025\/03\/amcham-alfredo-cornejojpg-585x329.webp 585w, https:\/\/enolife.com.ar\/es\/wp-content\/uploads\/2025\/03\/amcham-alfredo-cornejojpg.webp 1200w\" sizes=\"auto, (max-width: 623px) 100vw, 623px\" \/><\/a><figcaption class=\"wp-element-caption\"><em><strong>El gobernador Cornejo recibi\u00f3 a las autoridades de la flamante sede de la C\u00e1mara de Comercio de Estados Unidos, que acaba de desembarcar en Mendoza<\/strong><\/em>.<\/figcaption><\/figure><\/div>\n\n\n<div style=\"height:30px\" aria-hidden=\"true\" class=\"wp-block-spacer\"><\/div>\n\n\n\n<p>La expectativa es que la Delegaci\u00f3n Cuyo acerque el valor diferencial de AmCham a las empresas locales, ofreciendo programas de internacionalizaci\u00f3n, encuentros de articulaci\u00f3n p\u00fablico-privada y <em>networking<\/em> estrat\u00e9gico. De esa manera, la nueva delegaci\u00f3n podr\u00e1 potenciar el desarrollo abordando sus principales desaf\u00edos y promoviendo mayores niveles de competitividad e integraci\u00f3n de industrias estrat\u00e9gicas como la <strong>vitivinicultura<\/strong>, la <strong>agroindustria<\/strong> <strong>en general,<\/strong> la <strong>miner\u00eda<\/strong>, la <strong>energ\u00eda<\/strong>, y la <strong>econom\u00eda del conocimiento<\/strong>, entre otras.<\/p>\n\n\n\n<p><strong>Alejandro D\u00edaz<\/strong>, CEO de AmCham Argentina, sostuvo en la reuni\u00f3n: <em>\u201cDesde AmCham creemos que Argentina necesita transitar un camino de integraci\u00f3n al mercado global, para eso, precisa de acciones concretas para mejorar sus niveles de conectividad, infraestructura y competitividad a nivel federal. Con esta nueva iniciativa buscamos generar sinergias entre el sector p\u00fablico y privado para garantizar las condiciones necesarias que permitan el aprovechamiento de las oportunidades que presentan nuestras econom\u00edas regionales para el desarrollo, y en particular con los Estados Unidos\u201d.<\/em><\/p>\n\n\n\n<p>Finalmente, D\u00edaz opin\u00f3: \u00ab<em>Argentina se construye desde el interior del pa\u00eds y nuestro futuro depende de su capacidad para potenciar cada una de ellas. Desde AmCham Regi\u00f3n Centro, buscamos ampliar nuestra presencia, promoviendo un ecosistema de negocios que acelere el desarrollo de las empresas. Solo as\u00ed, podremos convertirnos en una Argentina competitiva\u00bb.<\/em><\/p>\n\n\n\n<div style=\"height:16px\" aria-hidden=\"true\" class=\"wp-block-spacer\"><\/div>\n\n\n\n<p class=\"has-cyan-bluish-gray-background-color has-background\">Los interesados en c<strong>onoc\u00e9 m\u00e1s informaci\u00f3n sobre la C\u00e1mara y sus proyectos, pueden visitar el sitio web <a href=\"https:\/\/www.amcham.com.ar\/region-centro\/\">www.amcham.com.ar\/region-centro\/<\/a><\/strong>. Y, para m\u00e1s datos, contactarse con <strong>Nicol\u00e1s Henrichsen<\/strong>, director de Comunicaci\u00f3n de AmCham Argentina: <strong><a href=\"mailto:nhenrichsen@amchamar.com.ar\">nhenrichsen@amchamar.com.ar<\/a><\/strong> | +54 9 11 5007-4166.<\/p>\n\n\n\n<div style=\"height:19px\" aria-hidden=\"true\" class=\"wp-block-spacer\"><\/div>\n\n\n\n<div style=\"height:35px\" aria-hidden=\"true\" class=\"wp-block-spacer\"><\/div>\n\n\n\n<p class=\"has-medium-font-size\"><strong>Acerca de AmCham<\/strong><\/p>\n\n\n\n<p>AmCham Argentina -la C\u00e1mara de Comercio de Estados Unidos en Argentina- es una organizaci\u00f3n no gubernamental, independiente y sin fines de lucro, que desde hace 100 a\u00f1os trabaja promocionando el comercio bilateral y la inversi\u00f3n entre los Estados Unidos y la Argentina. <\/p>\n\n\n\n<p>AmCham promueve un ambiente de negocios \u00e9tico y transparente, que contribuya a los objetivos de sus socios y al desarrollo econ\u00f3mico e institucional de la Argentina. Nuclea m\u00e1s de 700 empresas que emplean directamente a 420.000 personas y representan 42 rubros de la actividad econ\u00f3mica, aportando el 24% del PBI, el 39% de la recaudaci\u00f3n fiscal, el 35% de las importaciones y el 45% de las exportaciones de nuestro pa\u00eds.<\/p>\n\n\n\n<div style=\"height:30px\" aria-hidden=\"true\" class=\"wp-block-spacer\"><\/div>\n","protected":false},"excerpt":{"rendered":"<p>La instituci\u00f3n que vincula empresas de Argentina y Estados Unidos con el objetivo de promover&hellip;<\/p>\n","protected":false},"author":2,"featured_media":141769,"comment_status":"open","ping_status":"open","sticky":false,"template":"","format":"standard","meta":{"footnotes":""},"categories":[14],"tags":[],"class_list":["post-141610","post","type-post","status-publish","format-standard","has-post-thumbnail","hentry","category-news"],"_links":{"self":[{"href":"https:\/\/enolife.com.ar\/es\/wp-json\/wp\/v2\/posts\/141610","targetHints":{"allow":["GET"]}}],"collection":[{"href":"https:\/\/enolife.com.ar\/es\/wp-json\/wp\/v2\/posts"}],"about":[{"href":"https:\/\/enolife.com.ar\/es\/wp-json\/wp\/v2\/types\/post"}],"author":[{"embeddable":true,"href":"https:\/\/enolife.com.ar\/es\/wp-json\/wp\/v2\/users\/2"}],"replies":[{"embeddable":true,"href":"https:\/\/enolife.com.ar\/es\/wp-json\/wp\/v2\/comments?post=141610"}],"version-history":[{"count":0,"href":"https:\/\/enolife.com.ar\/es\/wp-json\/wp\/v2\/posts\/141610\/revisions"}],"wp:featuredmedia":[{"embeddable":true,"href":"https:\/\/enolife.com.ar\/es\/wp-json\/wp\/v2\/media\/141769"}],"wp:attachment":[{"href":"https:\/\/enolife.com.ar\/es\/wp-json\/wp\/v2\/media?parent=141610"}],"wp:term":[{"taxonomy":"category","embeddable":true,"href":"https:\/\/enolife.com.ar\/es\/wp-json\/wp\/v2\/categories?post=141610"},{"taxonomy":"post_tag","embeddable":true,"href":"https:\/\/enolife.com.ar\/es\/wp-json\/wp\/v2\/tags?post=141610"}],"curies":[{"name":"wp","href":"https:\/\/api.w.org\/{rel}","templated":true}]}}