{"id":14150,"date":"2020-06-08T18:50:13","date_gmt":"2020-06-08T18:50:13","guid":{"rendered":"http:\/\/enolife.com.ar\/es\/?p=14150"},"modified":"2020-06-10T03:04:59","modified_gmt":"2020-06-10T03:04:59","slug":"verallia-participa-en-la-primera-feria-virtual-sobre-packaging-para-vinos-y-licores","status":"publish","type":"post","link":"https:\/\/enolife.com.ar\/es\/verallia-participa-en-la-primera-feria-virtual-sobre-packaging-para-vinos-y-licores\/","title":{"rendered":"Verallia participa en la primera feria virtual sobre packaging para vinos y licores"},"content":{"rendered":"\n<h4 class=\"wp-block-heading\"><em><strong>La empresa fabricante de envases de vidrio para alimentaci\u00f3n y bebidas Verallia -con presencia en 11 pa\u00edses, 10.000 empleados y planta en Argentina en Guaymall\u00e9n, Mendoza- participar\u00e1 el d\u00eda 10 de junio en la primera feria virtual global sobre la cadena de valor del packaging del vino y licores. De forma ininterrumpida y durante 48 horas, este evento de participaci\u00f3n libre v\u00eda internet busca dar a conocer lo \u00faltimo en packaging para vinos y espirituosos. <\/strong><\/em><\/h4>\n\n\n\n<div style=\"height:20px\" aria-hidden=\"true\" class=\"wp-block-spacer\"><\/div>\n\n\n\n<p>La empresa global con presencia en Mendoza, <strong>Verallia<\/strong>, -tercera fabricante mundial de envases de vidrio, proveedora de la industria vitivin\u00edcola- tendr\u00e1 intervenci\u00f3n protag\u00f3nica en la primera <strong>Feria Virtual de Proveedores de Packaging para Vinos y Destilados<\/strong>, organizada en conjunto por YG Branding &amp; Design Experts&nbsp; y UPM Raflatac. <\/p>\n\n\n\n<div style=\"height:20px\" aria-hidden=\"true\" class=\"wp-block-spacer\"><\/div>\n\n\n\n<figure class=\"wp-block-gallery columns-2 is-cropped wp-block-gallery-1 is-layout-flex wp-block-gallery-is-layout-flex\"><ul class=\"blocks-gallery-grid\"><li class=\"blocks-gallery-item\"><figure><img loading=\"lazy\" decoding=\"async\" width=\"706\" height=\"353\" src=\"https:\/\/enolife.com.ar\/es\/wp-content\/uploads\/2020\/06\/tecnologia-dise\u00f1o-verallia.jpg\" alt=\"\" data-id=\"14161\" data-link=\"https:\/\/enolife.com.ar\/es\/?attachment_id=14161\" class=\"wp-image-14161\" srcset=\"https:\/\/enolife.com.ar\/es\/wp-content\/uploads\/2020\/06\/tecnologia-dise\u00f1o-verallia.jpg 706w, https:\/\/enolife.com.ar\/es\/wp-content\/uploads\/2020\/06\/tecnologia-dise\u00f1o-verallia-300x150.jpg 300w, https:\/\/enolife.com.ar\/es\/wp-content\/uploads\/2020\/06\/tecnologia-dise\u00f1o-verallia-585x293.jpg 585w\" sizes=\"auto, (max-width: 706px) 100vw, 706px\" \/><figcaption class=\"blocks-gallery-item__caption\">Tecnolog\u00eda en dise\u00f1o de envases de vidrio Verallia<\/figcaption><\/figure><\/li><li class=\"blocks-gallery-item\"><figure><img loading=\"lazy\" decoding=\"async\" width=\"698\" height=\"357\" src=\"https:\/\/enolife.com.ar\/es\/wp-content\/uploads\/2020\/06\/tecno-verallia-2.png\" alt=\"\" data-id=\"14162\" data-full-url=\"https:\/\/enolife.com.ar\/es\/wp-content\/uploads\/2020\/06\/tecno-verallia-2.png\" data-link=\"https:\/\/enolife.com.ar\/es\/?attachment_id=14162\" class=\"wp-image-14162\" srcset=\"https:\/\/enolife.com.ar\/es\/wp-content\/uploads\/2020\/06\/tecno-verallia-2.png 698w, https:\/\/enolife.com.ar\/es\/wp-content\/uploads\/2020\/06\/tecno-verallia-2-300x153.png 300w, https:\/\/enolife.com.ar\/es\/wp-content\/uploads\/2020\/06\/tecno-verallia-2-585x299.png 585w\" sizes=\"auto, (max-width: 698px) 100vw, 698px\" \/><figcaption class=\"blocks-gallery-item__caption\">Desarrollo de envases a medida Verallia<\/figcaption><\/figure><\/li><\/ul><\/figure>\n\n\n\n<p>La Feria se realizar\u00e1 los <strong>d\u00edas 9 y 10 de junio<\/strong>, con acceso gratuito y en una sesi\u00f3n virtual transmitida en vivo, durante la cual se podr\u00e1n visitar stands interactivos y asistir a webinars, que reunir\u00e1n valiosas herramientas para quienes necesitan soluciones aplicables al mercado actual. La intervenci\u00f3n de Verallia ocurrir\u00e1 el d\u00eda 10 de junio a las 15 hs. de Argentina y Brasil.<\/p>\n\n\n\n<p> Enfocada en la generaci\u00f3n de negocios para los diferentes actores de la cadena de valor del empaque, la Feria se orienta a profesionales del sector de vinos y destiler\u00edas, incluyendo a bodegas, proveedores especializados en packaging, consultores, as\u00ed como a periodistas e inversores en <em>startups<\/em> tecnol\u00f3gicas. <\/p>\n\n\n\n<p>La Feria ofrece un&nbsp;recorrido interactivo por diferentes stands&nbsp;donde se puedan  conocer las novedades, tendencias y ofertas especiales del mercado <strong> <\/strong>internacional de packaging. Tambi\u00e9n se ofrecen conferencias y seminarios a trav\u00e9s de webinars dictados por reconocidos referentes de la industria,  con horarios especiales tanto para Am\u00e9rica Latina como tambi\u00e9n para Europa y en diferentes idiomas. <\/p>\n\n\n\n<p>Las tem\u00e1ticas a tratar ser\u00e1n acerca del&nbsp;futuro de la industria del packaging, un viaje por las tendencias de consumo, qu\u00e9 pasar\u00e1 luego del Covid, los programas de responsabilidad social y ambiental de las marcas, las p\u00e9rdidas en la industria del packaging por procesos de no calidad y la tecnolog\u00eda que viene a soportar el crecimiento de la industria.<\/p>\n\n\n\n<p>El mi\u00e9rcoles 10\/6 a las 15 hs. de Argentina y Brasil y a las 14 hs de Chile la empresa Verallia presentar\u00e1 el tema \u00abTendencias de m\u00e1rketing en botellas de vidrio para vino y bebidas espirituosas; reducci\u00f3n en los tiempos de comercializaci\u00f3n de nuevos envases de vidrio\u00bb.<\/p>\n\n\n\n<div style=\"height:20px\" aria-hidden=\"true\" class=\"wp-block-spacer\"><\/div>\n\n\n\n<div class=\"wp-block-image\"><figure class=\"aligncenter\"><img decoding=\"async\" src=\"https:\/\/pbs.twimg.com\/media\/EaAFKmgXkAADjR5?format=jpg&amp;name=900x900\" alt=\"Imagen\"\/><\/figure><\/div>\n\n\n\n<div style=\"height:20px\" aria-hidden=\"true\" class=\"wp-block-spacer\"><\/div>\n\n\n\n<p class=\"has-background has-luminous-vivid-amber-background-color\"><strong>Ver: <a href=\"https:\/\/enolife.com.ar\/es\/wp-content\/uploads\/2020\/06\/wines-spi.pdf\">Programa completo<\/a><\/strong><\/p>\n\n\n\n<div style=\"height:20px\" aria-hidden=\"true\" class=\"wp-block-spacer\"><\/div>\n\n\n\n<p>\u201cLos acelerados cambios el contexto actual son los que nos llevaron a pensar desde YG Branding and Design Experts en lanzar nuestra propia Feria Internacional de Proveedores de Packaging para Vinos y Destilados,  orientada a la industria del packaging, para el p\u00fablico de las bodegas y de las destiler\u00edas, pero de una manera virtual y poder realizar un encuentro con nuestros principales clientes internacionales, para que puedan darse esas conversaciones, reuniones, presentaci\u00f3n de soluciones y de novedades, que tanto necesitamos para la sostenibilidad y crecimiento de nuestro negocio\u00bb, coment\u00f3 sobre la Feria Sebasti\u00e1n Ya\u00f1ez, director de YG Branding &amp; Design Experts.<\/p>\n\n\n\n<div style=\"height:20px\" aria-hidden=\"true\" class=\"wp-block-spacer\"><\/div>\n\n\n\n<p class=\"has-background has-very-light-gray-background-color\"><strong>Empresas participantes<\/strong><\/p>\n\n\n\n<p><strong>Argentina<\/strong><br>Apholos Metalic Labels \u2013 Etiquetas<br>Moondesk Software for design \u2013 Dise\u00f1o<br>YG Branding &amp; Design Experts -Branding \/ Design<br>Verallia<\/p>\n\n\n\n<p><strong>Alemania<\/strong><br>Kurz\/Luxoro Foil stamp \u2013 Estampado<\/p>\n\n\n\n<p><strong>B\u00e9lgica<\/strong><br>Pentawards \u2013 l\u00edder mundial en concursos de packaging<\/p>\n\n\n\n<p><strong>Austria<\/strong><br>Securikett Security \u2013 Producto y protecci\u00f3n de marca<\/p>\n\n\n\n<p><strong>Espa\u00f1a<\/strong><br>UPM Raflatac Paper \u2013 Embalajes y papel<\/p>\n\n\n\n<p><strong>Estados Unidos<\/strong><br>Seaman Paper Tissue Paper \u2013 Embalajes y papel<\/p>\n\n\n\n<p><strong>Inglaterra<\/strong><br>IDP Group Luxury Bags for fashion, cosmetics \u2013&nbsp; Embalajes y contenedores<br>Sensatech \u2013 agencia especializada en neuromarketing aplicado al packaging<br>Wine Intelligence Research Business Intelligence Agency<\/p>\n\n\n\n<p><strong>Italia<\/strong><br>Brevetti WAF Ice buckets and promotional stuff \u2013 Frapperas<br>Eurostampa Label printing \u2013&nbsp; Etiquetas<br>Gpack Luxury Boxes \u2013 Cajas<br>Sense Catch Neuromarketing \u2013 Neuromarketing<br>Vetro elite Glass Bottles \u2013 Botellas<\/p>\n\n\n\n<p><strong>Portugal<\/strong><br>Amorim Corks\/Stoppers \u2013 Corchos y taponados<\/p>\n\n\n\n<p><strong>Suiza<\/strong><br>Amcor Capsules&nbsp; \u2013 C\u00e1psulas y taponados<\/p>\n\n\n\n<p class=\"has-background has-luminous-vivid-amber-background-color\">&#8211; <strong>La registraci\u00f3n es de car\u00e1cter gratuito. Los interesados podr\u00e1n registrarse a trav\u00e9s del siguiente link: <a href=\"https:\/\/www.winespiritsvirtualfair.com\/\">https:\/\/www.winespiritsvirtualfair.com\/<\/a><\/strong><br>&#8211;<strong>La cita es los d\u00edas&nbsp;9 y 10 de junio, con un horario disponible de 24 hs.<\/strong><br>&#8211;<strong>Contacto: Valeria Hanna, Coordinadora de Marketing (Valeria@yg-d.com) + 54 (261) 348 2657 (int 106)<\/strong> <\/p>\n\n\n\n<h1 class=\"wp-block-heading\">\u200b<\/h1>\n\n\n\n<h1 class=\"wp-block-heading\">\u200b<\/h1>\n","protected":false},"excerpt":{"rendered":"<p>La empresa fabricante de envases de vidrio para alimentaci\u00f3n y bebidas Verallia -con presencia en&hellip;<\/p>\n","protected":false},"author":3,"featured_media":14164,"comment_status":"open","ping_status":"open","sticky":false,"template":"","format":"standard","meta":{"footnotes":""},"categories":[47],"tags":[],"class_list":["post-14150","post","type-post","status-publish","format-standard","has-post-thumbnail","hentry","category-agenda"],"_links":{"self":[{"href":"https:\/\/enolife.com.ar\/es\/wp-json\/wp\/v2\/posts\/14150","targetHints":{"allow":["GET"]}}],"collection":[{"href":"https:\/\/enolife.com.ar\/es\/wp-json\/wp\/v2\/posts"}],"about":[{"href":"https:\/\/enolife.com.ar\/es\/wp-json\/wp\/v2\/types\/post"}],"author":[{"embeddable":true,"href":"https:\/\/enolife.com.ar\/es\/wp-json\/wp\/v2\/users\/3"}],"replies":[{"embeddable":true,"href":"https:\/\/enolife.com.ar\/es\/wp-json\/wp\/v2\/comments?post=14150"}],"version-history":[{"count":0,"href":"https:\/\/enolife.com.ar\/es\/wp-json\/wp\/v2\/posts\/14150\/revisions"}],"wp:featuredmedia":[{"embeddable":true,"href":"https:\/\/enolife.com.ar\/es\/wp-json\/wp\/v2\/media\/14164"}],"wp:attachment":[{"href":"https:\/\/enolife.com.ar\/es\/wp-json\/wp\/v2\/media?parent=14150"}],"wp:term":[{"taxonomy":"category","embeddable":true,"href":"https:\/\/enolife.com.ar\/es\/wp-json\/wp\/v2\/categories?post=14150"},{"taxonomy":"post_tag","embeddable":true,"href":"https:\/\/enolife.com.ar\/es\/wp-json\/wp\/v2\/tags?post=14150"}],"curies":[{"name":"wp","href":"https:\/\/api.w.org\/{rel}","templated":true}]}}