{"id":141043,"date":"2025-03-21T03:00:47","date_gmt":"2025-03-21T03:00:47","guid":{"rendered":"https:\/\/enolife.com.ar\/es\/?p=141043"},"modified":"2025-03-22T19:11:29","modified_gmt":"2025-03-22T19:11:29","slug":"pablo-blasco-enologo-de-bodega-furlan-y-docente-este-ano-la-calidad-de-la-uva-es-excepcional","status":"publish","type":"post","link":"https:\/\/enolife.com.ar\/es\/pablo-blasco-enologo-de-bodega-furlan-y-docente-este-ano-la-calidad-de-la-uva-es-excepcional\/","title":{"rendered":"Pablo Blasco, en\u00f3logo de Bodega Furl\u00e1n y docente: \u201cEste a\u00f1o la calidad de la uva es excepcional\u201d"},"content":{"rendered":"\n<h4 class=\"wp-block-heading\"><em><strong>Desde el coraz\u00f3n de los vi\u00f1edos mendocinos, el licencado en Enolog\u00eda Pablo Blasco nos ofrece un panorama completo sobre la vendimia 2025. Pablo es profesor del Wine Institute y primer en\u00f3logo de Bodega Familia Furl\u00e1n. Con su conocimiento del terru\u00f1o y las cualidades de las uvas mendocinas, realiza un an\u00e1lisis profundo sobre la actual cosecha, marcando los desaf\u00edos y las oportunidades que se presentan para los productores de la regi\u00f3n.<\/strong><\/em><\/h4>\n\n\n\n<div style=\"height:35px\" aria-hidden=\"true\" class=\"wp-block-spacer\"><\/div>\n\n\n\n\n\n<div style=\"height:34px\" aria-hidden=\"true\" class=\"wp-block-spacer\"><\/div>\n\n\n<div class=\"wp-block-image\">\n<figure class=\"alignleft size-full is-resized\"><a href=\"https:\/\/enolife.com.ar\/es\/wp-content\/uploads\/2025\/03\/image-64.png\" data-rel=\"penci-gallery-image-content\" ><img loading=\"lazy\" decoding=\"async\" src=\"https:\/\/enolife.com.ar\/es\/wp-content\/uploads\/2025\/03\/image-64.png\" alt=\"\" class=\"wp-image-141047\" width=\"160\" height=\"148\"\/><\/a><\/figure><\/div>\n\n\n<p><strong><em>Por&nbsp;<a href=\"https:\/\/www.linkedin.com\/in\/mar%C3%ADa-gabriela-fern%C3%A1ndez-62338257\/?originalSubdomain=ar\">Gabriela Fern\u00e1ndez<\/a>,<\/em><\/strong><br><strong><em>para Wine Institute Argentina<\/em><\/strong><\/p>\n\n\n\n<p><\/p>\n\n\n\n<div style=\"height:30px\" aria-hidden=\"true\" class=\"wp-block-spacer\"><\/div>\n\n\n\n<div style=\"height:35px\" aria-hidden=\"true\" class=\"wp-block-spacer\"><\/div>\n\n\n\n<h5 class=\"wp-block-heading has-vivid-red-color has-text-color\"><strong>-\u00bfC\u00f3mo se ha desarrollado el proceso de vendimia hasta el momento? \u00bfSe han presentado desaf\u00edos particulares?<\/strong><\/h5>\n\n\n\n<p>-Por el momento la vendimia marcha con normalidad. Arrancamos con las variedades tintas del Valle de Uco, analizando madurez para no anticipar cosecha de lo que todav\u00eda no tiene el grado adecuado.<\/p>\n\n\n\n<div style=\"height:30px\" aria-hidden=\"true\" class=\"wp-block-spacer\"><\/div>\n\n\n\n<h5 class=\"wp-block-heading has-vivid-red-color has-text-color\"><strong>-\u00bfQu\u00e9 condiciones clim\u00e1ticas han predominado durante el ciclo de crecimiento de la vid?<\/strong><\/h5>\n\n\n\n<p>-Este a\u00f1o, particularmente, tuvimos un verano muy caluroso, con olas de calor sostenidas durante varios d\u00edas que contribuyeron a generar un desequilibrio entre la madurez azucarina y la madurez polifen\u00f3lica, anticipando las cosechas de febrero, principalmente las variedades tempranas.<\/p>\n\n\n\n<p>En marzo esta situaci\u00f3n ha cambiado. Debido a las \u00faltimas lluvias y d\u00edas m\u00e1s frescos, estamos logrando esperar en algunas variedades esa madurez polifen\u00f3lica que nos da vino con mejor color, buena estructura polifen\u00f3lica y que no se disparen los az\u00facares.<\/p>\n\n\n\n<p>Lo bueno es que no estamos observando problemas sanitarios en la uva. S\u00ed hubo algunas zonas afectadas por el granizo, lo cual redujo la producci\u00f3n y calidad de lo cosechado.<\/p>\n\n\n\n<div style=\"height:30px\" aria-hidden=\"true\" class=\"wp-block-spacer\"><\/div>\n\n\n<div class=\"wp-block-image\">\n<figure class=\"aligncenter size-full is-resized\"><a href=\"https:\/\/enolife.com.ar\/es\/wp-content\/uploads\/2025\/03\/Imagen2-12.jpg\" data-rel=\"penci-gallery-image-content\" ><img loading=\"lazy\" decoding=\"async\" src=\"https:\/\/enolife.com.ar\/es\/wp-content\/uploads\/2025\/03\/Imagen2-12.jpg\" alt=\"\" class=\"wp-image-141052\" width=\"626\" height=\"385\" srcset=\"https:\/\/enolife.com.ar\/es\/wp-content\/uploads\/2025\/03\/Imagen2-12.jpg 813w, https:\/\/enolife.com.ar\/es\/wp-content\/uploads\/2025\/03\/Imagen2-12-300x185.jpg 300w, https:\/\/enolife.com.ar\/es\/wp-content\/uploads\/2025\/03\/Imagen2-12-768x472.jpg 768w, https:\/\/enolife.com.ar\/es\/wp-content\/uploads\/2025\/03\/Imagen2-12-585x360.jpg 585w\" sizes=\"auto, (max-width: 626px) 100vw, 626px\" \/><\/a><figcaption class=\"wp-element-caption\"><strong><em>Pablo Blasco (der.), con uno de sus colaboradores en la finca de Bodega Familia Furl\u00e1n.<\/em><\/strong><\/figcaption><\/figure><\/div>\n\n\n<div style=\"height:30px\" aria-hidden=\"true\" class=\"wp-block-spacer\"><\/div>\n\n\n\n<h5 class=\"wp-block-heading has-vivid-red-color has-text-color\"><strong>-\u00bfQu\u00e9 impacto tuvieron estas variaciones de temperatura, las precipitaciones y la incidencia de heladas en la calidad y cantidad de la uva?<\/strong><\/h5>\n\n\n\n<p>-En cuanto a la calidad y cantidad, estamos viendo muy buen estado sanitario de la uva, s\u00f3lo algunos focos puntuales de uva afectada por Lobesia botrana, pero casi nada de enfermedades criptog\u00e1micas.<\/p>\n\n\n\n<p>El verano, como dije anteriormente, fue muy caluroso y seco, con olas de calor muy largas que adelantaron la madurez de variedades tempranas. Ahora, en marzo, estamos viendo un amesetamiento en la madurez azucarina y una mejor madurez polifen\u00f3lica, y esperamos unos d\u00edas para algunas variedades de ciclo medio y largo. Ya estamos teniendo d\u00edas c\u00e1lidos y noches frescas, la tan esperada amplitud t\u00e9rmica que tanto nos ayuda a conseguir una madurez equilibrada.<\/p>\n\n\n\n<div style=\"height:30px\" aria-hidden=\"true\" class=\"wp-block-spacer\"><\/div>\n\n\n\n<h5 class=\"wp-block-heading has-vivid-red-color has-text-color\"><strong>-\u00bfCu\u00e1les son sus expectativas en cuanto a la calidad y cantidad general de la uva cosechada este a\u00f1o? \u00bfY en comparaci\u00f3n con a\u00f1os anteriores?<\/strong><\/h5>\n\n\n\n<p>-Este a\u00f1o pensamos moler un poco menos que el a\u00f1o pasado. La calidad ser\u00e1 excepcional, con vinos que tienen muy buen grado alcoh\u00f3lico y excelente estructura y madurez polifen\u00f3lica que nos permita la guarda.<\/p>\n\n\n\n<p>Se estima un poco m\u00e1s de uva en planta que el a\u00f1o anterior, pero las bodegas est\u00e1n con remanentes de vinos del a\u00f1o anterior, y eso ha llevado a una menor compra de uva.<\/p>\n\n\n\n<div style=\"height:30px\" aria-hidden=\"true\" class=\"wp-block-spacer\"><\/div>\n\n\n<div class=\"wp-block-image\">\n<figure class=\"aligncenter size-full is-resized\"><a href=\"https:\/\/enolife.com.ar\/es\/wp-content\/uploads\/2025\/03\/Imagen1-25.jpg\" data-rel=\"penci-gallery-image-content\" ><img loading=\"lazy\" decoding=\"async\" src=\"https:\/\/enolife.com.ar\/es\/wp-content\/uploads\/2025\/03\/Imagen1-25.jpg\" alt=\"\" class=\"wp-image-141054\" width=\"481\" height=\"451\" srcset=\"https:\/\/enolife.com.ar\/es\/wp-content\/uploads\/2025\/03\/Imagen1-25.jpg 533w, https:\/\/enolife.com.ar\/es\/wp-content\/uploads\/2025\/03\/Imagen1-25-300x281.jpg 300w\" sizes=\"auto, (max-width: 481px) 100vw, 481px\" \/><\/a><\/figure><\/div>\n\n\n<div style=\"height:30px\" aria-hidden=\"true\" class=\"wp-block-spacer\"><\/div>\n\n\n\n<h5 class=\"wp-block-heading has-vivid-red-color has-text-color\"><strong>-\u00bfQu\u00e9 caracter\u00edsticas distintivas esperan encontrar en los vinos elaborados con la uva de esta cosecha?<\/strong><\/h5>\n\n\n\n<p>-Un mejor grado alcoh\u00f3lico que a\u00f1os anteriores y una mayor carga polifen\u00f3lica. Este \u00faltimo punto, aclaro, se dar\u00e1 si esperamos unos d\u00edas m\u00e1s la madurez polifen\u00f3lica y no levantamos uva por apuro.<\/p>\n\n\n\n<div style=\"height:30px\" aria-hidden=\"true\" class=\"wp-block-spacer\"><\/div>\n\n\n\n<h5 class=\"wp-block-heading has-vivid-red-color has-text-color\" id=\"ember68\"><strong>-\u00bfQu\u00e9 variedades cree que destacar\u00e1n especialmente en los vinos de la cosecha 2025?<\/strong><\/h5>\n\n\n\n<p id=\"ember69\">-En lo que llevamos elaborado, se est\u00e1n destacando nuevamente los cabernet sauvignon del Valle de Uco y por supuesto, los malbec, que no dejan de sorprendernos con esos colores intensos y estructura ideal para vinos de crianza.<\/p>\n\n\n\n<div style=\"height:30px\" aria-hidden=\"true\" class=\"wp-block-spacer\"><\/div>\n\n\n\n<h5 class=\"wp-block-heading has-vivid-red-color has-text-color\" id=\"ember70\"><strong>-\u00bfCu\u00e1les son los principales desaf\u00edos del sector para este a\u00f1o?<\/strong><\/h5>\n\n\n\n<p id=\"ember71\">-Creo que el gran desaf\u00edo del sector para 2025 est\u00e1 puesto en dos factores: por un lado, no seguir perdiendo hect\u00e1reas de vi\u00f1edos, es decir, el primer eslab\u00f3n de la cadena se nos est\u00e1 yendo y perdemos zonas productivas que se van a otros destinos. Esto se da por una baja rentabilidad, principalmente en peque\u00f1os productores.<\/p>\n\n\n\n<p id=\"ember72\">Y por otro lado, la industria deber\u00e1 focalizar sus esfuerzos en desarrollar nuevos mercados y nuevos consumidores, para mejorar as\u00ed vol\u00famenes de venta que en estos momentos no est\u00e1n muy bien. Tenemos que volver a conquistar al consumidor que se \u201caburri\u00f3\u201d del vino y mostrarle nuevos productos que se est\u00e1n elaborando, y muy bien, que abrir\u00e1n nuevas posibilidades de ventas.<\/p>\n\n\n\n<div style=\"height:30px\" aria-hidden=\"true\" class=\"wp-block-spacer\"><\/div>\n","protected":false},"excerpt":{"rendered":"<p>Desde el coraz\u00f3n de los vi\u00f1edos mendocinos, el licencado en Enolog\u00eda Pablo Blasco nos ofrece&hellip;<\/p>\n","protected":false},"author":2,"featured_media":141051,"comment_status":"open","ping_status":"open","sticky":false,"template":"","format":"standard","meta":{"footnotes":""},"categories":[56,4],"tags":[],"class_list":["post-141043","post","type-post","status-publish","format-standard","has-post-thumbnail","hentry","category-destacado","category-protagonistas"],"_links":{"self":[{"href":"https:\/\/enolife.com.ar\/es\/wp-json\/wp\/v2\/posts\/141043","targetHints":{"allow":["GET"]}}],"collection":[{"href":"https:\/\/enolife.com.ar\/es\/wp-json\/wp\/v2\/posts"}],"about":[{"href":"https:\/\/enolife.com.ar\/es\/wp-json\/wp\/v2\/types\/post"}],"author":[{"embeddable":true,"href":"https:\/\/enolife.com.ar\/es\/wp-json\/wp\/v2\/users\/2"}],"replies":[{"embeddable":true,"href":"https:\/\/enolife.com.ar\/es\/wp-json\/wp\/v2\/comments?post=141043"}],"version-history":[{"count":0,"href":"https:\/\/enolife.com.ar\/es\/wp-json\/wp\/v2\/posts\/141043\/revisions"}],"wp:featuredmedia":[{"embeddable":true,"href":"https:\/\/enolife.com.ar\/es\/wp-json\/wp\/v2\/media\/141051"}],"wp:attachment":[{"href":"https:\/\/enolife.com.ar\/es\/wp-json\/wp\/v2\/media?parent=141043"}],"wp:term":[{"taxonomy":"category","embeddable":true,"href":"https:\/\/enolife.com.ar\/es\/wp-json\/wp\/v2\/categories?post=141043"},{"taxonomy":"post_tag","embeddable":true,"href":"https:\/\/enolife.com.ar\/es\/wp-json\/wp\/v2\/tags?post=141043"}],"curies":[{"name":"wp","href":"https:\/\/api.w.org\/{rel}","templated":true}]}}