{"id":141018,"date":"2025-03-25T23:15:12","date_gmt":"2025-03-25T23:15:12","guid":{"rendered":"https:\/\/enolife.com.ar\/es\/?p=141018"},"modified":"2025-03-27T13:48:09","modified_gmt":"2025-03-27T13:48:09","slug":"las-bodegas-europeas-exigen-excluir-al-vino-de-la-guerra-comercial-con-eeuu","status":"publish","type":"post","link":"https:\/\/enolife.com.ar\/es\/las-bodegas-europeas-exigen-excluir-al-vino-de-la-guerra-comercial-con-eeuu\/","title":{"rendered":"Las bodegas europeas exigen excluir al vino de la guerra comercial con EEUU"},"content":{"rendered":"\n<h4 class=\"wp-block-heading\"><em><strong>Tras una nueva amenaza del presidente estadounidense Donald Trump de aplicar un arancel del 200% al vino y otras bebidas alcoh\u00f3licas provenientes de la Uni\u00f3n Europea (UE), el Comit\u00e9 Europeo de Empresas Vitivin\u00edcolas (CEEV) pidi\u00f3 formalmente a ambos gobiernos que no se tome al vino como reh\u00e9n o moneda de cambio cuando la pelea es por otros productos y razones. \u00abLos consumidores ser\u00e1n quienes paguen finalmente el costo de esta guerra\u00bb, advirtieron.<\/strong><\/em><\/h4>\n\n\n\n<div style=\"height:35px\" aria-hidden=\"true\" class=\"wp-block-spacer\"><\/div>\n\n\n\n\n\n<div style=\"height:45px\" aria-hidden=\"true\" class=\"wp-block-spacer\"><\/div>\n\n\n\n<p>Las bodegas europeas integradas en el <strong>Comit\u00e9 Europeo de Empresas Vitivin\u00edcolas (CEEV)<\/strong>, al que tambi\u00e9n pertenece la <em>Federaci\u00f3n Espa\u00f1ola del Vino (FEV)<\/em>, han exigido el 13\/3\/25 que&nbsp;se mantenga al vino fuera del actual conflicto comercial entre la<strong> Uni\u00f3n Europea (UE) <\/strong>y<strong> Estados Unidos (EEUU)<\/strong>, motivado principalmente por los aranceles al acero y al aluminio.<\/p>\n\n\n\n<p>De esta forma, el sector se opone firmemente a la inclusi\u00f3n de los vinos estadounidenses y otras bebidas alcoh\u00f3licas en el listado de contramedidas de la UE para aplicar aranceles a productos norteamericanos, destacando que, una vez m\u00e1s, el vino, junto con otros productos agroalimentarios, se convierte en reh\u00e9n de una disputa comercial ajena a su sector.<\/p>\n\n\n\n<p>Desde la patronal europea se se\u00f1ala que el comercio de vino entre la UE y EEUU es fundamental para la sostenibilidad del sector vitivin\u00edcola en ambos lados del Atl\u00e1ntico y debe ser protegido y promovido.<\/p>\n\n\n\n<div style=\"height:21px\" aria-hidden=\"true\" class=\"wp-block-spacer\"><\/div>\n\n\n\n<blockquote class=\"wp-block-quote is-layout-flow wp-block-quote-is-layout-flow\">\n<p>Las represalias arancelarias generan incertidumbre econ\u00f3mica, provocan despidos, retrasan inversiones y aumentan los precios a lo largo de toda la cadena de suministro y, al final, son las empresas y los consumidores tanto de la UE como de EEUU quienes asumir\u00e1n estos costos\u201d.<\/p>\n<cite>Marzia Varvaglione, presidenta del Comit\u00e9 Europeo de Empresas Vitivin\u00edcolas (CEEV) <\/cite><\/blockquote>\n\n\n\n<div style=\"height:24px\" aria-hidden=\"true\" class=\"wp-block-spacer\"><\/div>\n\n\n\n<p>Desde la Federaci\u00f3n Espa\u00f1ola del Vino, su director general, <strong>Jos\u00e9 Luis Ben\u00edtez<\/strong>, reaccion\u00f3 tambi\u00e9n al anuncio de hace unos d\u00edas del presidente estadounidense <strong>Donald Trump<\/strong> de imponer un arancel del <strong>200% a vinos y otras bebidas alcoh\u00f3licas procedentes de la UE.<\/strong> <\/p>\n\n\n\n<div style=\"height:16px\" aria-hidden=\"true\" class=\"wp-block-spacer\"><\/div>\n\n\n\n<blockquote class=\"wp-block-quote is-layout-flow wp-block-quote-is-layout-flow\">\n<p>Una medida as\u00ed sacar\u00eda a los vinos espa\u00f1oles y europeos de todo el mercado de EEUU y es algo que no nos podemos permitir\u201d.<\/p>\n<cite>Jos\u00e9 Luis Ben\u00edtez, director de la Federaci\u00f3n Espa\u00f1ola del Vino (FEV)<\/cite><\/blockquote>\n\n\n\n<div style=\"height:19px\" aria-hidden=\"true\" class=\"wp-block-spacer\"><\/div>\n\n\n\n<p>Ben\u00edtez tambi\u00e9n urgi\u00f3 al gobierno de Espa\u00f1a y a la UE a ponerse a negociar cuanto antes y resolver las disputas comerciales que ya existen con otros productos como el acero y el aluminio.<\/p>\n\n\n\n<div style=\"height:22px\" aria-hidden=\"true\" class=\"wp-block-spacer\"><\/div>\n\n\n\n<h3 class=\"wp-block-heading has-vivid-red-color has-text-color\">En 2024, Estados Unidos fue el segundo mercado para los vinos tranquilos espa\u00f1oles envasados y el primero para los vinos espumosos. En total, a lo largo del pasado a\u00f1o se exportaron vinos desde Espa\u00f1a a EEUU por un valor total de 390 millones de euros.<\/h3>\n\n\n\n<div style=\"height:21px\" aria-hidden=\"true\" class=\"wp-block-spacer\"><\/div>\n\n\n\n<p>Igualmente, el presidente de la FEV pidi\u00f3 a la Comisi\u00f3n Europea que proteja la vitalidad econ\u00f3mica y la diversidad del sector vitivin\u00edcola, eliminando el vino de la lista final de represalias para que no sea utilizado como palanca en disputas comerciales no relacionadas:<em> \u201cel vino no puede ser moneda de cambio\u201d<\/em>.<\/p>\n\n\n\n<div style=\"height:30px\" aria-hidden=\"true\" class=\"wp-block-spacer\"><\/div>\n\n\n\n<p class=\"has-small-font-size\"><em><strong>Fuente: Mercado del vino y la distribuci\u00f3n<\/strong><\/em><\/p>\n\n\n\n<div style=\"height:26px\" aria-hidden=\"true\" class=\"wp-block-spacer\"><\/div>\n","protected":false},"excerpt":{"rendered":"<p>Tras una nueva amenaza del presidente estadounidense Donald Trump de aplicar un arancel del 200%&hellip;<\/p>\n","protected":false},"author":2,"featured_media":141021,"comment_status":"open","ping_status":"open","sticky":false,"template":"","format":"standard","meta":{"footnotes":""},"categories":[56,9],"tags":[],"class_list":["post-141018","post","type-post","status-publish","format-standard","has-post-thumbnail","hentry","category-destacado","category-negocios"],"_links":{"self":[{"href":"https:\/\/enolife.com.ar\/es\/wp-json\/wp\/v2\/posts\/141018","targetHints":{"allow":["GET"]}}],"collection":[{"href":"https:\/\/enolife.com.ar\/es\/wp-json\/wp\/v2\/posts"}],"about":[{"href":"https:\/\/enolife.com.ar\/es\/wp-json\/wp\/v2\/types\/post"}],"author":[{"embeddable":true,"href":"https:\/\/enolife.com.ar\/es\/wp-json\/wp\/v2\/users\/2"}],"replies":[{"embeddable":true,"href":"https:\/\/enolife.com.ar\/es\/wp-json\/wp\/v2\/comments?post=141018"}],"version-history":[{"count":0,"href":"https:\/\/enolife.com.ar\/es\/wp-json\/wp\/v2\/posts\/141018\/revisions"}],"wp:featuredmedia":[{"embeddable":true,"href":"https:\/\/enolife.com.ar\/es\/wp-json\/wp\/v2\/media\/141021"}],"wp:attachment":[{"href":"https:\/\/enolife.com.ar\/es\/wp-json\/wp\/v2\/media?parent=141018"}],"wp:term":[{"taxonomy":"category","embeddable":true,"href":"https:\/\/enolife.com.ar\/es\/wp-json\/wp\/v2\/categories?post=141018"},{"taxonomy":"post_tag","embeddable":true,"href":"https:\/\/enolife.com.ar\/es\/wp-json\/wp\/v2\/tags?post=141018"}],"curies":[{"name":"wp","href":"https:\/\/api.w.org\/{rel}","templated":true}]}}