{"id":141003,"date":"2025-03-19T15:11:27","date_gmt":"2025-03-19T15:11:27","guid":{"rendered":"https:\/\/enolife.com.ar\/es\/?p=141003"},"modified":"2025-03-20T13:24:27","modified_gmt":"2025-03-20T13:24:27","slug":"hasta-el-28-3-reciben-propuestas-para-tocar-en-el-festival-musica-clasica-por-los-caminos-del-vino","status":"publish","type":"post","link":"https:\/\/enolife.com.ar\/es\/hasta-el-28-3-reciben-propuestas-para-tocar-en-el-festival-musica-clasica-por-los-caminos-del-vino\/","title":{"rendered":"Hasta el 28\/3 reciben propuestas para tocar en el Festival M\u00fasica Cl\u00e1sica por los Caminos del Vino"},"content":{"rendered":"\n<h4 class=\"wp-block-heading\"><em><strong>El Gobierno de Mendoza abri\u00f3 ayer 18\/3 la convocatoria a propuestas de m\u00fasicos solistas, cantantes y ensambles orquestales de hasta 21 integrantes, para trabajar con su arte en la serie de conciertos que se ofrecer\u00e1n en el ya arraigado festival, desde el 12 al 20 de abril pr\u00f3ximos. El ciclo, cada a\u00f1o renovado, se realiza en bodegas, vi\u00f1edos, iglesias, plazas, parque y sitios patrimoniales de la provincia, con marcado \u00e9xito de p\u00fablico local y turistas. El link para enviar las postulaciones, en esta nota.<\/strong><\/em><\/h4>\n\n\n\n<div style=\"height:35px\" aria-hidden=\"true\" class=\"wp-block-spacer\"><\/div>\n\n\n<a href=\"https:\/\/www.centroenologico.com.ar\/\" aria-label=\"CERSA 1700X500 BORDO\"><img loading=\"lazy\" decoding=\"async\" src=\"https:\/\/enolife.com.ar\/es\/wp-content\/uploads\/2025\/02\/CERSA-1700X500-BORDO.gif\" alt=\"\"  width=\"1700\" height=\"500\"   \/><\/a>\n\n\n<div style=\"height:45px\" aria-hidden=\"true\" class=\"wp-block-spacer\"><\/div>\n\n\n\n<p>La Subsecretar\u00eda de Cultura del Gobierno de Mendoza llam\u00f3 a la presentaci\u00f3n de propuestas para la selecci\u00f3n de n\u00fameros art\u00edsticos que formar\u00e1n parte de uno de los encuentros culturales y tur\u00edsticos m\u00e1s importante de la provincia.<\/p>\n\n\n\n<p>El <strong>Festival M\u00fasica Cl\u00e1sica por los Caminos del Vino<\/strong> se llevar\u00e1 a cabo en diferentes locaciones del territorio provincial desde el <strong>12 al 20 de abril del 2025,<\/strong> con motivo del fin de Semana Santo y feriado puente tur\u00edstico. La presente edici\u00f3n ser\u00e1 en homenaje al 5\u00b0 centenario del nacimiento de <strong>Giovanni Pierluigi da Palestrina<\/strong> y 340\u00b0 aniversario del nacimiento de <strong>Johann Sebastian Bach<\/strong> y <strong>Georg Friedrich H\u00e4ndel.<\/strong><\/p>\n\n\n\n<p>El cl\u00e1sico festival de oto\u00f1o, que este a\u00f1o est\u00e1 cumpliendo su <strong>25 aniversario desde su creaci\u00f3n<\/strong>, permite conocer a <strong>reconocidos y talentosos m\u00fasicos mendocinos<\/strong> e invitados, que ofrecen un variado repertorio de cl\u00e1sicos universales, expresado a trav\u00e9s del talento de nuestros artistas.<\/p>\n\n\n\n<p>Es importante destacar que, en cada edici\u00f3n, los artistas que participan son seleccionados a trav\u00e9s de una <strong>convocatoria p\u00fablica y abierta<\/strong>, presidida por un jurado id\u00f3neo integrado por referentes del sector. De esta manera, numerosos m\u00fasicos locales tienen la posibilidad de mostrar su talento y virtuosismo en escenarios de gran visibilidad.<\/p>\n\n\n\n<div style=\"height:35px\" aria-hidden=\"true\" class=\"wp-block-spacer\"><\/div>\n\n\n\n<p class=\"has-medium-font-size\"><strong>Sobre la convocatoria<\/strong><\/p>\n\n\n\n<p>El per\u00edodo de recepci\u00f3n de propuestas ser\u00e1 del martes 18 de marzo al viernes 28 de marzo de 2025 a las 23.59hs.<\/p>\n\n\n\n<p>Las propuestas se podr\u00e1n presentar <strong>\u00fanicamente a trav\u00e9s del formulario de inscripci\u00f3n online<\/strong> y no se aceptar\u00e1n propuestas por otras v\u00edas o en otra fecha que la indicada.<\/p>\n\n\n\n<p>El contenido de las propuestas musicales puede abarcar desde el renacimiento hasta estilos contempor\u00e1neos y se valorar\u00e1 la presencia de obras referidas a los compositores musicales homenajeados por la Edici\u00f3n XXIV del Festival M\u00fasica Cl\u00e1sica por los Caminos del Vino 2025.<\/p>\n\n\n\n<p>Los interesados que se presenten para la selecci\u00f3n de conciertos, deber\u00e1n ser cantantes y\/o m\u00fasicos solistas y\/o ensambles instrumentales de hasta 21 integrantes.<\/p>\n\n\n\n<div style=\"height:10px\" aria-hidden=\"true\" class=\"wp-block-spacer\"><\/div>\n\n\n\n<p class=\"has-background\" style=\"background-color:#abb7c240\"><strong>La \u00fanica v\u00eda de contacto, antes de la finalizaci\u00f3n del plazo de entrega de propuestas, ser\u00e1 el siguiente correo <a href=\"mailto:convocatoriasculturamendoza@gmail.com\">convocatoriasculturamendoza@gmail.com<\/a>. Indicando en el asunto: M\u00fasica Cl\u00e1sica.<\/strong><\/p>\n\n\n\n<div style=\"height:35px\" aria-hidden=\"true\" class=\"wp-block-spacer\"><\/div>\n\n\n\n<p class=\"has-medium-font-size\"><strong>El Jurado de selecci\u00f3n de propuestas<\/strong><\/p>\n\n\n\n<p>Estar\u00e1 integrado por <strong>Carlos L\u00f3pez<\/strong>, en representaci\u00f3n de la Subsecretar\u00eda de Cultura; <strong>Jer\u00f3nimo Mach\u00edn,<\/strong> m\u00fasico y docente de instituciones de Mendoza; <strong>Johana Elisa Choque Ar\u00e9valo<\/strong>, en representaci\u00f3n del Movimiento Independiente de M\u00fasicos Mendocinos (MIMM); <strong>Zaharay Graciela Ortega<\/strong>, por la Asociaci\u00f3n M\u00fasicos de Cuyo y <strong>Juan Pablo P\u00e1ez<\/strong>, m\u00fasico y gestor cultural de Mendoza.<\/p>\n\n\n\n<div style=\"height:10px\" aria-hidden=\"true\" class=\"wp-block-spacer\"><\/div>\n\n\n\n<p class=\"has-background\" style=\"background-color:#abb7c24f\"><strong>Ver bases: <a href=\"http:\/\/chrome-extension:\/\/efaidnbmnnnibpcajpcglclefindmkaj\/https:\/\/www.mendoza.gov.ar\/wp-content\/uploads\/sites\/17\/2025\/03\/Bases-Musica-Clasica-por-los-Caminos-del-Vino-2025.pdf\">AQU\u00cd<\/a> &#8211; Formulario de inscripci\u00f3n <a href=\"https:\/\/docs.google.com\/forms\/d\/e\/1FAIpQLScJHaZcG8Be3mLqfm23EiqE8frb4t49Za_vHenJjHRNFzhfsg\/viewform\">AQU\u00cd<\/a><\/strong><\/p>\n\n\n\n<div style=\"height:30px\" aria-hidden=\"true\" class=\"wp-block-spacer\"><\/div>\n","protected":false},"excerpt":{"rendered":"<p>El Gobierno de Mendoza abri\u00f3 ayer 18\/3 la convocatoria a propuestas de m\u00fasicos solistas, cantantes&hellip;<\/p>\n","protected":false},"author":2,"featured_media":141010,"comment_status":"open","ping_status":"open","sticky":false,"template":"","format":"standard","meta":{"footnotes":""},"categories":[14],"tags":[],"class_list":["post-141003","post","type-post","status-publish","format-standard","has-post-thumbnail","hentry","category-news"],"_links":{"self":[{"href":"https:\/\/enolife.com.ar\/es\/wp-json\/wp\/v2\/posts\/141003","targetHints":{"allow":["GET"]}}],"collection":[{"href":"https:\/\/enolife.com.ar\/es\/wp-json\/wp\/v2\/posts"}],"about":[{"href":"https:\/\/enolife.com.ar\/es\/wp-json\/wp\/v2\/types\/post"}],"author":[{"embeddable":true,"href":"https:\/\/enolife.com.ar\/es\/wp-json\/wp\/v2\/users\/2"}],"replies":[{"embeddable":true,"href":"https:\/\/enolife.com.ar\/es\/wp-json\/wp\/v2\/comments?post=141003"}],"version-history":[{"count":0,"href":"https:\/\/enolife.com.ar\/es\/wp-json\/wp\/v2\/posts\/141003\/revisions"}],"wp:featuredmedia":[{"embeddable":true,"href":"https:\/\/enolife.com.ar\/es\/wp-json\/wp\/v2\/media\/141010"}],"wp:attachment":[{"href":"https:\/\/enolife.com.ar\/es\/wp-json\/wp\/v2\/media?parent=141003"}],"wp:term":[{"taxonomy":"category","embeddable":true,"href":"https:\/\/enolife.com.ar\/es\/wp-json\/wp\/v2\/categories?post=141003"},{"taxonomy":"post_tag","embeddable":true,"href":"https:\/\/enolife.com.ar\/es\/wp-json\/wp\/v2\/tags?post=141003"}],"curies":[{"name":"wp","href":"https:\/\/api.w.org\/{rel}","templated":true}]}}