{"id":140942,"date":"2025-03-19T14:19:03","date_gmt":"2025-03-19T14:19:03","guid":{"rendered":"https:\/\/enolife.com.ar\/es\/?p=140942"},"modified":"2025-03-21T03:00:36","modified_gmt":"2025-03-21T03:00:36","slug":"el-70-de-las-bodegas-argentinas-que-negociaron-exportaciones-en-la-feria-prowein-son-mendocinas","status":"publish","type":"post","link":"https:\/\/enolife.com.ar\/es\/el-70-de-las-bodegas-argentinas-que-negociaron-exportaciones-en-la-feria-prowein-son-mendocinas\/","title":{"rendered":"El 70% de las bodegas argentinas que negociaron exportaciones en la feria ProWein son mendocinas"},"content":{"rendered":"\n<h4 class=\"wp-block-heading\"><em><strong>Con el apoyo de instituciones como ProMendoza, Wines of Argentina y la embajada argentina en Alemania, 72 bodegas de este pa\u00eds estuvieron presentes en la convocante feria de D\u00fcsseldorf, Alemania. De ese total, una gran mayor\u00eda tienen sus bases en Mendoza. Y la totalidad avanzaron en posibles ventas al mercado europeo, donde existe un creciente inter\u00e9s por los vinos mendocinos. <\/strong><\/em><\/h4>\n\n\n\n<div style=\"height:35px\" aria-hidden=\"true\" class=\"wp-block-spacer\"><\/div>\n\n\n\n\n\n<div style=\"height:45px\" aria-hidden=\"true\" class=\"wp-block-spacer\"><\/div>\n\n\n\n<p>Del 16 al 18 de marzo, <strong>72 bodegas y establecimientos vitivin\u00edcolas argentinos<\/strong> participaron de una de las ferias del sector m\u00e1s convocantes del mundo en la ciudad alemana de <strong>D\u00fcsseldorf.<\/strong><\/p>\n\n\n\n<p><strong>ProMendoza<\/strong> -la agencia estatal de promoci\u00f3n de los productos mendocinos en el exterior- acompa\u00f1\u00f3 a <strong>15 de las bodegas locales<\/strong>, que junto a otras firmas mendocinas formaron parte de la nutrida presencia argentina en la actual edici\u00f3n de la <strong>feria ProWein<\/strong>, el ya cl\u00e1sico encuentro vitivin\u00edcola alem\u00e1n. <\/p>\n\n\n\n<p>Por su parte, <strong>Wines of Argentina<\/strong> -instituci\u00f3n encargada de consolidar la marca <strong>\u00abVino Argentino\u00bb <\/strong>en el mundo- organiz\u00f3 la visita y participaci\u00f3n de <strong>28 bodegas nacionales.<\/strong><\/p>\n\n\n\n<p>En el inicio del encuentro, la apertura del pabell\u00f3n argentino cont\u00f3 con las presencias del embajador de Argentina en Alemania, <strong>Fernando Brun<\/strong>, y la c\u00f3nsul adjunta, <strong>Mar\u00eda Bel\u00e9n Serra<\/strong>, quienes les brindaron un fuerte respaldo institucional a las bodegas participantes.<\/p>\n\n\n\n<div style=\"height:30px\" aria-hidden=\"true\" class=\"wp-block-spacer\"><\/div>\n\n\n<div class=\"wp-block-image\">\n<figure class=\"aligncenter size-full is-resized\"><a href=\"https:\/\/enolife.com.ar\/es\/wp-content\/uploads\/2025\/03\/3-8.jpeg\" data-rel=\"penci-gallery-image-content\" ><img loading=\"lazy\" decoding=\"async\" src=\"https:\/\/enolife.com.ar\/es\/wp-content\/uploads\/2025\/03\/3-8.jpeg\" alt=\"\" class=\"wp-image-140946\" width=\"557\" height=\"380\" srcset=\"https:\/\/enolife.com.ar\/es\/wp-content\/uploads\/2025\/03\/3-8.jpeg 733w, https:\/\/enolife.com.ar\/es\/wp-content\/uploads\/2025\/03\/3-8-300x205.jpeg 300w, https:\/\/enolife.com.ar\/es\/wp-content\/uploads\/2025\/03\/3-8-585x399.jpeg 585w\" sizes=\"auto, (max-width: 557px) 100vw, 557px\" \/><\/a><figcaption class=\"wp-element-caption\"><em><strong>Representantes de bodegas mendocinas, de Wofa y ProMendoza, junto a diplom\u00e1ticos en la apertura del pabell\u00f3n argentino<\/strong>.<\/em><\/figcaption><\/figure><\/div>\n\n\n<div style=\"height:30px\" aria-hidden=\"true\" class=\"wp-block-spacer\"><\/div>\n\n\n\n<p>Durante la primera jornada hubo reuniones de negocios con importadores internacionales, organizadores de ferias y posibles auspiciantes, con el objetivo de fortalecer la proyecci\u00f3n internacional del vino argentino y explorar nuevas oportunidades de comercializaci\u00f3n y promoci\u00f3n en mercados clave.<\/p>\n\n\n\n<p>Las empresas de Mendoza lograron contactos estrat\u00e9gicos e importantes conexiones con importadores y organizadores para la promoci\u00f3n internacional del vino argentino.<\/p>\n\n\n\n<p>La participaci\u00f3n en ProWein D\u00fcsseldorf es una cita impostergable en el calendario anual de ferias para Mendoza, y representa una oportunidad invalorable para acrecentar las oportunidades comerciales y fortalecer la presencia de nuestros vinos en el mercado internacional.<\/p>\n\n\n\n<div style=\"height:30px\" aria-hidden=\"true\" class=\"wp-block-spacer\"><\/div>\n\n\n<div class=\"wp-block-image\">\n<figure class=\"aligncenter size-full is-resized\"><a href=\"https:\/\/enolife.com.ar\/es\/wp-content\/uploads\/2025\/03\/4-4.jpeg\" data-rel=\"penci-gallery-image-content\" ><img loading=\"lazy\" decoding=\"async\" src=\"https:\/\/enolife.com.ar\/es\/wp-content\/uploads\/2025\/03\/4-4.jpeg\" alt=\"\" class=\"wp-image-140948\" width=\"581\" height=\"330\" srcset=\"https:\/\/enolife.com.ar\/es\/wp-content\/uploads\/2025\/03\/4-4.jpeg 880w, https:\/\/enolife.com.ar\/es\/wp-content\/uploads\/2025\/03\/4-4-300x170.jpeg 300w, https:\/\/enolife.com.ar\/es\/wp-content\/uploads\/2025\/03\/4-4-768x436.jpeg 768w, https:\/\/enolife.com.ar\/es\/wp-content\/uploads\/2025\/03\/4-4-585x332.jpeg 585w\" sizes=\"auto, (max-width: 581px) 100vw, 581px\" \/><\/a><\/figure><\/div>\n\n\n<div style=\"height:30px\" aria-hidden=\"true\" class=\"wp-block-spacer\"><\/div>\n\n\n\n<p>El embajador Brun destac\u00f3 la presencia mendocina en el evento: <em>\u201cNo es una provincia m\u00e1s. El 70 por ciento de las bodegas y vi\u00f1edos representados en esta feria son mendocinas. Una provincia que no deja de ser vanguardista en lo que es la propuesta que acerca en ProWein a lo que es una clientela sofisticada, de alta calidad y de nicho, que es la clientela a la que estamos apuntando en esta nueva edici\u00f3n. <\/em><\/p>\n\n\n\n<div style=\"height:16px\" aria-hidden=\"true\" class=\"wp-block-spacer\"><\/div>\n\n\n\n<blockquote class=\"wp-block-quote is-layout-flow wp-block-quote-is-layout-flow\">\n<p>Quiero destacar la labor que lleva adelante el Gobierno provincial, a trav\u00e9s de ProMendoza, transform\u00e1ndose en un protagonista claro de esta feria en la que la provincia brilla\u201d.<\/p>\n<cite>Jorge Brun, embajador argentino en Alemania.<\/cite><\/blockquote>\n\n\n\n<div style=\"height:14px\" aria-hidden=\"true\" class=\"wp-block-spacer\"><\/div>\n\n\n\n<p>Por su parte, <strong>Javier Rojas,<\/strong> responsable del \u00e1rea de vinos de ProMendoza, resalt\u00f3: <em>\u201cEs una de las ferias de vinos m\u00e1s grande del mundo, en la que se puede promover el desarrollo del mercado europeo para los vinos argentinos\u201d.<\/em><\/p>\n\n\n\n<div style=\"height:30px\" aria-hidden=\"true\" class=\"wp-block-spacer\"><\/div>\n\n\n\n<p class=\"has-medium-font-size\"><strong>Importancia de la feria<\/strong><\/p>\n\n\n\n<p>ProWein Alemania es una de las ferias m\u00e1s importantes y especializadas en el sector vitivin\u00edcola y de bebidas espirituosas a nivel mundial. Celebrada anualmente en D\u00fcsseldorf, se ha consolidado como un evento imprescindible para bodegas y productores de vino de todo el planeta.<\/p>\n\n\n\n<p>Es un evento imprescindible para la industria vitivin\u00edcola, ya que atrae a miles de expositores y visitantes de todo el mundo y ofrece una plataforma \u00fanica para la promoci\u00f3n y la comercializaci\u00f3n de vinos y bebidas espirituosas. La feria facilita encuentros estrat\u00e9gicos entre productores, importadores, distribuidores y otros actores clave del sector, creando as\u00ed oportunidades para establecer relaciones comerciales y explorar nuevos mercados.<\/p>\n\n\n\n<div style=\"height:30px\" aria-hidden=\"true\" class=\"wp-block-spacer\"><\/div>\n\n\n<div class=\"wp-block-image\">\n<figure class=\"aligncenter size-full is-resized\"><a href=\"https:\/\/enolife.com.ar\/es\/wp-content\/uploads\/2025\/03\/2-15.jpeg\" data-rel=\"penci-gallery-image-content\" ><img loading=\"lazy\" decoding=\"async\" src=\"https:\/\/enolife.com.ar\/es\/wp-content\/uploads\/2025\/03\/2-15.jpeg\" alt=\"\" class=\"wp-image-140949\" width=\"606\" height=\"383\" srcset=\"https:\/\/enolife.com.ar\/es\/wp-content\/uploads\/2025\/03\/2-15.jpeg 791w, https:\/\/enolife.com.ar\/es\/wp-content\/uploads\/2025\/03\/2-15-300x190.jpeg 300w, https:\/\/enolife.com.ar\/es\/wp-content\/uploads\/2025\/03\/2-15-768x485.jpeg 768w, https:\/\/enolife.com.ar\/es\/wp-content\/uploads\/2025\/03\/2-15-585x370.jpeg 585w\" sizes=\"auto, (max-width: 606px) 100vw, 606px\" \/><\/a><figcaption class=\"wp-element-caption\"><em><strong>Los enviados de la Bodega Jorge Rubio, una de las participantes de la misi\u00f3n mendocina en Alemania.<\/strong><\/em><\/figcaption><\/figure><\/div>\n\n\n<div style=\"height:30px\" aria-hidden=\"true\" class=\"wp-block-spacer\"><\/div>\n\n\n\n<p>Adem\u00e1s, ProWein es un espacio donde se presentan las \u00faltimas tendencias e innovaciones en la industria, lo que les permite a los participantes mantenerse al d\u00eda con los desarrollos m\u00e1s recientes. Con miles de expositores de diferentes pa\u00edses, la feria refleja la diversidad y la riqueza del sector ofreciendo una amplia variedad de productos y estilos de vino.<\/p>\n\n\n\n<div style=\"height:30px\" aria-hidden=\"true\" class=\"wp-block-spacer\"><\/div>\n\n\n\n<p><a href=\"https:\/\/www.mendoza.gov.ar\/wp-content\/uploads\/sites\/5\/2025\/03\/4-4.jpeg\"><\/a><\/p>\n","protected":false},"excerpt":{"rendered":"<p>Con el apoyo de instituciones como ProMendoza, Wines of Argentina y la embajada argentina en&hellip;<\/p>\n","protected":false},"author":2,"featured_media":140945,"comment_status":"open","ping_status":"open","sticky":false,"template":"","format":"standard","meta":{"footnotes":""},"categories":[14],"tags":[],"class_list":["post-140942","post","type-post","status-publish","format-standard","has-post-thumbnail","hentry","category-news"],"_links":{"self":[{"href":"https:\/\/enolife.com.ar\/es\/wp-json\/wp\/v2\/posts\/140942","targetHints":{"allow":["GET"]}}],"collection":[{"href":"https:\/\/enolife.com.ar\/es\/wp-json\/wp\/v2\/posts"}],"about":[{"href":"https:\/\/enolife.com.ar\/es\/wp-json\/wp\/v2\/types\/post"}],"author":[{"embeddable":true,"href":"https:\/\/enolife.com.ar\/es\/wp-json\/wp\/v2\/users\/2"}],"replies":[{"embeddable":true,"href":"https:\/\/enolife.com.ar\/es\/wp-json\/wp\/v2\/comments?post=140942"}],"version-history":[{"count":0,"href":"https:\/\/enolife.com.ar\/es\/wp-json\/wp\/v2\/posts\/140942\/revisions"}],"wp:featuredmedia":[{"embeddable":true,"href":"https:\/\/enolife.com.ar\/es\/wp-json\/wp\/v2\/media\/140945"}],"wp:attachment":[{"href":"https:\/\/enolife.com.ar\/es\/wp-json\/wp\/v2\/media?parent=140942"}],"wp:term":[{"taxonomy":"category","embeddable":true,"href":"https:\/\/enolife.com.ar\/es\/wp-json\/wp\/v2\/categories?post=140942"},{"taxonomy":"post_tag","embeddable":true,"href":"https:\/\/enolife.com.ar\/es\/wp-json\/wp\/v2\/tags?post=140942"}],"curies":[{"name":"wp","href":"https:\/\/api.w.org\/{rel}","templated":true}]}}