{"id":140854,"date":"2025-03-16T21:14:10","date_gmt":"2025-03-16T21:14:10","guid":{"rendered":"https:\/\/enolife.com.ar\/es\/?p=140854"},"modified":"2025-03-18T00:52:43","modified_gmt":"2025-03-18T00:52:43","slug":"irrigacion-asume-el-control-total-del-agua-en-mendoza-riego-subterranea-potable-y-cloacas","status":"publish","type":"post","link":"https:\/\/enolife.com.ar\/es\/irrigacion-asume-el-control-total-del-agua-en-mendoza-riego-subterranea-potable-y-cloacas\/","title":{"rendered":"Irrigaci\u00f3n asume el control total del agua en Mendoza: riego, subterr\u00e1nea, potable y cloacas"},"content":{"rendered":"\n<h4 class=\"wp-block-heading\"><em><strong>Tras la disoluci\u00f3n del Ente Provincial de Agua y Saneamiento (EPAS) en 2024, el organismo que distribuye el agua en toda la provincia asumi\u00f3 esas facultades y cre\u00f3 una direcci\u00f3n espec\u00edfica<\/strong><\/em>.<\/h4>\n\n\n\n<div style=\"height:35px\" aria-hidden=\"true\" class=\"wp-block-spacer\"><\/div>\n\n\n<a href=\"https:\/\/www.irrigacion.gov.ar\/web\/\" aria-label=\"irrigaci\u00f3n-1700X500\"><img loading=\"lazy\" decoding=\"async\" src=\"https:\/\/enolife.com.ar\/es\/wp-content\/uploads\/2021\/02\/irrigacion-1700X500.gif\" alt=\"\"  width=\"1700\" height=\"500\"   \/><\/a>\n\n\n<div style=\"height:45px\" aria-hidden=\"true\" class=\"wp-block-spacer\"><\/div>\n\n\n\n<p>El<strong> Departamento General de Irrigaci\u00f3n (DGI)<\/strong> tiene una nueva direcci\u00f3n, la de <strong>Regulaci\u00f3n y Control de Agua y Saneamiento (Dircas)<\/strong>, creada despu\u00e9s de que, a fines dl 2024, la C\u00e1mara de Senadores de <strong>Mendoza<\/strong> transformara en ley el proyecto impulsado por el Poder Ejecutivo para disolver el <strong>Ente Provincial de Agua y Saneamiento (EPAS).<\/strong><\/p>\n\n\n\n<p>Esa norma plante\u00f3 un nuevo r\u00e9gimen normativo para los servicios de agua potable y cloacas en Mendoza, la derogaci\u00f3n de la ley N\u00b06.044 de 1993, que establec\u00eda el marco normativo para la regulaci\u00f3n de estos servicios, y por otra parte defini\u00f3 la transferencia de las funciones de regulaci\u00f3n, defensa de los usuarios y control de las actividades de prestaci\u00f3n de servicios al DGI.<\/p>\n\n\n\n<p>As\u00ed es como, desde marzo de 2025, en el primer piso de la sede central de Irrigaci\u00f3n, en el centro de la capital provincial, funciona la Dircas, con <strong>Sebasti\u00e1n Pulido<\/strong> como director. Pulido era antes el titular de Inform\u00e1tica y Comunicaciones del Ministerio de Seguridad, tiene 35 a\u00f1os, es ingeniero electr\u00f3nico especializado en Ingenier\u00eda Gerencial, experto en <em>project management <\/em>(gesti\u00f3n de proyectos) y docente universitario. Su \u00e1rea en Irrigaci\u00f3n funciona con parte del personal que ten\u00eda el EPAS.<\/p>\n\n\n\n<div style=\"height:23px\" aria-hidden=\"true\" class=\"wp-block-spacer\"><\/div>\n\n\n\n<p class=\"has-medium-font-size\"><strong>Detalles de la ley<\/strong><\/p>\n\n\n\n<p class=\"has-background\" style=\"background-color:#8dd2fc7a\">La ley recientemente sancionada que determin\u00f3 este importante cambio respecto del servicio de agua potable y saneamiento detalla las nuevas competencias de Irrigaci\u00f3n, como el <strong>control de planes de inversi\u00f3n de los operadores, la supervisi\u00f3n de tarifa, la resoluci\u00f3n de conflictos entre usuarios y operadores, y la elaboraci\u00f3n de un informe anual sobre el estado del servicio<\/strong> para el Poder Ejecutivo y la Legislatura.<\/p>\n\n\n\n<div style=\"height:24px\" aria-hidden=\"true\" class=\"wp-block-spacer\"><\/div>\n\n\n\n<p>Al mismo tiempo, Irrigaci\u00f3n deber\u00e1 coordinar su labor con otros organismos competentes en temas sanitarios y ambientales, en un enfoque de colaboraci\u00f3n interinstitucional. Irrigaci\u00f3n asumi\u00f3 a la vez el <strong>control sobre la calidad y la potabilidad del agua, el tratamiento de aguas residuales y la supervisi\u00f3n de operadores en toda la provincia.<\/strong><\/p>\n\n\n\n<p>En cuanto al tema de tarifas, se fijar\u00e1n principios tarifarios que consideren objetivos econ\u00f3micos, sociales y ambientales, lo que deber\u00e1 garantizar que las tarifas reflejen los costos operativos y de mantenimiento, adem\u00e1s de una posible rentabilidad razonable para los operadores, siempre en el contexto de una gesti\u00f3n eficiente.<\/p>\n\n\n\n<div style=\"height:30px\" aria-hidden=\"true\" class=\"wp-block-spacer\"><\/div>\n\n\n<div class=\"wp-block-image\">\n<figure class=\"aligncenter is-resized\"><a href=\"https:\/\/www.mendoza.gov.ar\/wp-content\/uploads\/sites\/5\/2025\/03\/Agua-Canilla.jpg\" data-rel=\"penci-gallery-image-content\" ><img loading=\"lazy\" decoding=\"async\" src=\"https:\/\/www.mendoza.gov.ar\/wp-content\/uploads\/sites\/5\/2025\/03\/Agua-Canilla-700x467.jpg\" alt=\"\" class=\"wp-image-461291\" width=\"644\" height=\"430\"\/><\/a><\/figure><\/div>\n\n\n<div style=\"height:30px\" aria-hidden=\"true\" class=\"wp-block-spacer\"><\/div>\n\n\n\n<p>Por lo tanto, el Poder Ejecutivo qued\u00f3 facultado para transferirle a Irrigaci\u00f3n, <strong>Agua y Saneamiento Mendoza (Aysam)<\/strong> y otras entidades los recursos necesarios para cumplir con las flamantes responsabilidades. Entre otras nuevas regulaciones se pueden mencionar pautas para proteger los derechos de los usuarios y definir las obligaciones de los concesionarios de servicios, as\u00ed como sanciones para quienes no cumplan con las regulaciones.<\/p>\n\n\n\n<div style=\"height:30px\" aria-hidden=\"true\" class=\"wp-block-spacer\"><\/div>\n","protected":false},"excerpt":{"rendered":"<p>Tras la disoluci\u00f3n del Ente Provincial de Agua y Saneamiento (EPAS) en 2024, el organismo&hellip;<\/p>\n","protected":false},"author":2,"featured_media":59657,"comment_status":"open","ping_status":"open","sticky":false,"template":"","format":"standard","meta":{"footnotes":""},"categories":[14],"tags":[],"class_list":["post-140854","post","type-post","status-publish","format-standard","has-post-thumbnail","hentry","category-news"],"_links":{"self":[{"href":"https:\/\/enolife.com.ar\/es\/wp-json\/wp\/v2\/posts\/140854","targetHints":{"allow":["GET"]}}],"collection":[{"href":"https:\/\/enolife.com.ar\/es\/wp-json\/wp\/v2\/posts"}],"about":[{"href":"https:\/\/enolife.com.ar\/es\/wp-json\/wp\/v2\/types\/post"}],"author":[{"embeddable":true,"href":"https:\/\/enolife.com.ar\/es\/wp-json\/wp\/v2\/users\/2"}],"replies":[{"embeddable":true,"href":"https:\/\/enolife.com.ar\/es\/wp-json\/wp\/v2\/comments?post=140854"}],"version-history":[{"count":0,"href":"https:\/\/enolife.com.ar\/es\/wp-json\/wp\/v2\/posts\/140854\/revisions"}],"wp:featuredmedia":[{"embeddable":true,"href":"https:\/\/enolife.com.ar\/es\/wp-json\/wp\/v2\/media\/59657"}],"wp:attachment":[{"href":"https:\/\/enolife.com.ar\/es\/wp-json\/wp\/v2\/media?parent=140854"}],"wp:term":[{"taxonomy":"category","embeddable":true,"href":"https:\/\/enolife.com.ar\/es\/wp-json\/wp\/v2\/categories?post=140854"},{"taxonomy":"post_tag","embeddable":true,"href":"https:\/\/enolife.com.ar\/es\/wp-json\/wp\/v2\/tags?post=140854"}],"curies":[{"name":"wp","href":"https:\/\/api.w.org\/{rel}","templated":true}]}}