{"id":140805,"date":"2025-03-15T17:14:54","date_gmt":"2025-03-15T17:14:54","guid":{"rendered":"https:\/\/enolife.com.ar\/es\/?p=140805"},"modified":"2025-03-16T13:55:13","modified_gmt":"2025-03-16T13:55:13","slug":"vinos-organicos-de-lujan-y-tupungato-el-16-3-en-la-feria-inclusiva-de-los-bosques-de-cacheuta","status":"publish","type":"post","link":"https:\/\/enolife.com.ar\/es\/vinos-organicos-de-lujan-y-tupungato-el-16-3-en-la-feria-inclusiva-de-los-bosques-de-cacheuta\/","title":{"rendered":"Vinos org\u00e1nicos de Luj\u00e1n y Tupungato, el 16\/3 en la Feria Inclusiva de los Bosques de Cacheuta"},"content":{"rendered":"\n<h4 class=\"wp-block-heading\"><em><strong>Mendoza es tierra de excelentes hacedores de vinos y tambi\u00e9n de h\u00e1biles artesanos. Ambos artistas suelen coincidir en las ferias itinerantes que, por fortuna para el p\u00fablico, abundan en Mendoza, sobre todo en las festivas \u00e9pocas de Vendimia. Es el caso de el paseo de compras itinerante organizado por Encuentro Indi, como ya es cl\u00e1sico desde hace 10 a\u00f1os. Esta vez la movida se traslada al Bosque de Cacheuta, ma\u00f1ana domingo 16\/3 de 11 a a 19 horas, con acceso libre y gratuito.<\/strong><\/em><\/h4>\n\n\n\n<div style=\"height:35px\" aria-hidden=\"true\" class=\"wp-block-spacer\"><\/div>\n\n\n<a href=\"https:\/\/instagram.com\/labelsolutions?igshid=YmMyMTA2M2Y=\" aria-label=\"Banner Palero 1700&#215;500\"><img loading=\"lazy\" decoding=\"async\" src=\"https:\/\/enolife.com.ar\/es\/wp-content\/uploads\/2021\/09\/Banner-Palero-1700x500-1.gif\" alt=\"\"  width=\"1700\" height=\"500\"   \/><\/a>\n\n\n<div style=\"height:45px\" aria-hidden=\"true\" class=\"wp-block-spacer\"><\/div>\n\n\n<div class=\"wp-block-image\">\n<figure class=\"alignleft size-large is-resized\"><a href=\"https:\/\/enolife.com.ar\/es\/wp-content\/uploads\/2025\/03\/feria-indi-1.jpg\" data-rel=\"penci-gallery-image-content\" ><img loading=\"lazy\" decoding=\"async\" src=\"https:\/\/enolife.com.ar\/es\/wp-content\/uploads\/2025\/03\/feria-indi-1-723x1024.jpg\" alt=\"\" class=\"wp-image-140814\" width=\"282\" height=\"399\" srcset=\"https:\/\/enolife.com.ar\/es\/wp-content\/uploads\/2025\/03\/feria-indi-1-723x1024.jpg 723w, https:\/\/enolife.com.ar\/es\/wp-content\/uploads\/2025\/03\/feria-indi-1-212x300.jpg 212w, https:\/\/enolife.com.ar\/es\/wp-content\/uploads\/2025\/03\/feria-indi-1-768x1087.jpg 768w, https:\/\/enolife.com.ar\/es\/wp-content\/uploads\/2025\/03\/feria-indi-1-585x828.jpg 585w, https:\/\/enolife.com.ar\/es\/wp-content\/uploads\/2025\/03\/feria-indi-1.jpg 904w\" sizes=\"auto, (max-width: 282px) 100vw, 282px\" \/><\/a><\/figure><\/div>\n\n\n<p>La <strong>Feria Inclusiva<\/strong> se instala este domingo en el <strong>Bosque de Cacheuta<\/strong>, la pintoresca localidad cordillerana a 30 km de la capital mendocina. M\u00e1s precisamente, al Km 38 de la Ruta Provincial 82. All\u00ed, productores artesanales de vinos, dulces caseros, conservas, aceite de oliva, sahumerios, joyas en piedras semipreciosas, indumentaria de dise\u00f1o y otros regalos exhibir\u00e1n y vender\u00e1n a precios accesibles sus valiosos productos.<\/p>\n\n\n\n<p>Este encuentro itinerante es organizado por la agrupaci\u00f3n solidaria <strong>Encuentro INDI <\/strong>y apoyado por la Municipalidad de Luj\u00e1n de Cuyo. Tambi\u00e9n ha sido declarada de Inter\u00e9s Cultural por la C\u00e1mara de Diputados de Mendoza, el Ente Mendoza Turismo (Emetur) y la Municipalidad de Maip\u00fa.<\/p>\n\n\n\n<p>Entre las distintas actividades programadas durante el d\u00eda en el entorno de la feria, se destaca la exhibici\u00f3n y explicaci\u00f3n de funcionamiento de una <strong>bicicleta adaptada <\/strong>para que las personas con capacidades limitadas puedan hacer deportes.<\/p>\n\n\n\n<p>Quienes recorran el bosque a la vera del <strong>r\u00edo Mendoza<\/strong>, podr\u00e1n encontrar m\u00e1s de 30 stands, entre foodtrucks, artesanos, emprendedores y con la especial participaci\u00f3n del <strong>Centro Ruca Cahuin,<\/strong> casa comunitaria, que tendr\u00e1 un stand institucional, con la participaci\u00f3n de sus integrantes.<\/p>\n\n\n\n<p>Los asistentes tambi\u00e9n tendr\u00e1n la oportunidad de adquirir y probar en el lugar los buenos vinos mendocinos, por ejemplo el <strong>Luna Roja<\/strong>, del reconocido en\u00f3logo <strong>Nicol\u00e1s Gabard\u00f3s.<\/strong><\/p>\n\n\n\n<p class=\"has-background\" style=\"background-color:#b4e6d2\">Contacto para participar: <strong>Natacha Acebedo<\/strong> (+5492614851758). <strong>Redes: <a href=\"https:\/\/www.instagram.com\/encuentroindi\/?hl=es-la\">@encuentroindi<\/a><\/strong><\/p>\n\n\n\n<p>La Feria Encuentro INDI tiene como objetivos principales promover el trabajo de los emprendedores de la econom\u00eda regional y la inclusi\u00f3n de trabajadores con discapacidad.<\/p>\n\n\n\n<div style=\"height:30px\" aria-hidden=\"true\" class=\"wp-block-spacer\"><\/div>\n","protected":false},"excerpt":{"rendered":"<p>Mendoza es tierra de excelentes hacedores de vinos y tambi\u00e9n de h\u00e1biles artesanos. Ambos artistas&hellip;<\/p>\n","protected":false},"author":2,"featured_media":140819,"comment_status":"open","ping_status":"open","sticky":false,"template":"","format":"standard","meta":{"footnotes":""},"categories":[47],"tags":[],"class_list":["post-140805","post","type-post","status-publish","format-standard","has-post-thumbnail","hentry","category-agenda"],"_links":{"self":[{"href":"https:\/\/enolife.com.ar\/es\/wp-json\/wp\/v2\/posts\/140805","targetHints":{"allow":["GET"]}}],"collection":[{"href":"https:\/\/enolife.com.ar\/es\/wp-json\/wp\/v2\/posts"}],"about":[{"href":"https:\/\/enolife.com.ar\/es\/wp-json\/wp\/v2\/types\/post"}],"author":[{"embeddable":true,"href":"https:\/\/enolife.com.ar\/es\/wp-json\/wp\/v2\/users\/2"}],"replies":[{"embeddable":true,"href":"https:\/\/enolife.com.ar\/es\/wp-json\/wp\/v2\/comments?post=140805"}],"version-history":[{"count":0,"href":"https:\/\/enolife.com.ar\/es\/wp-json\/wp\/v2\/posts\/140805\/revisions"}],"wp:featuredmedia":[{"embeddable":true,"href":"https:\/\/enolife.com.ar\/es\/wp-json\/wp\/v2\/media\/140819"}],"wp:attachment":[{"href":"https:\/\/enolife.com.ar\/es\/wp-json\/wp\/v2\/media?parent=140805"}],"wp:term":[{"taxonomy":"category","embeddable":true,"href":"https:\/\/enolife.com.ar\/es\/wp-json\/wp\/v2\/categories?post=140805"},{"taxonomy":"post_tag","embeddable":true,"href":"https:\/\/enolife.com.ar\/es\/wp-json\/wp\/v2\/tags?post=140805"}],"curies":[{"name":"wp","href":"https:\/\/api.w.org\/{rel}","templated":true}]}}